{"id":1981,"date":"2013-01-24T01:00:00","date_gmt":"2013-01-23T22:00:00","guid":{"rendered":"http:\/\/lemotdujour.fr\/?p=1981"},"modified":"2017-05-20T16:00:03","modified_gmt":"2017-05-20T14:00:03","slug":"jeudi-24-janvier-2013","status":"publish","type":"post","link":"https:\/\/lemotdujour.fr\/?p=1981","title":{"rendered":"Jeudi 24 janvier 2013"},"content":{"rendered":"<div class=\"mdjDate\">Jeudi 24 janvier 2013<\/div>\n<div class=\"mdjTexte\">\u00abLa v\u00e9rit\u00e9 est dure comme le diamant<br \/>et fragile comme la fleur de p\u00eacher.\u00bb<\/div>\n<div class=\"mdjAuteur\">Gandhi<\/div>\n<div class=\"mdjComplements\">Apr\u00e8s 10 jours de silence parce que nous sommes fragiles et que la vie sait nous le rappeler, ce mot de Gandhi<\/div>\n<div class=\"mdjComplements\"> [ Gandhi ] &#8211; Autobiographie ou Mes exp\u00e9riences de v\u00e9rit\u00e9<\/div>\n","protected":false},"excerpt":{"rendered":"<p>Jeudi 24 janvier 2013 \u00abLa v\u00e9rit\u00e9 est dure comme le diamantet fragile comme la fleur de p\u00eacher.\u00bb Gandhi Apr\u00e8s 10 jours de silence parce que nous sommes fragiles et que la vie sait nous le rappeler, ce mot de Gandhi<\/p>\n","protected":false},"author":1,"featured_media":0,"comment_status":"closed","ping_status":"closed","sticky":false,"template":"","format":"standard","meta":{"footnotes":""},"categories":[1],"tags":[],"class_list":["post-1981","post","type-post","status-publish","format-standard","hentry","category-motdujour"],"_links":{"self":[{"href":"https:\/\/lemotdujour.fr\/index.php?rest_route=\/wp\/v2\/posts\/1981","targetHints":{"allow":["GET"]}}],"collection":[{"href":"https:\/\/lemotdujour.fr\/index.php?rest_route=\/wp\/v2\/posts"}],"about":[{"href":"https:\/\/lemotdujour.fr\/index.php?rest_route=\/wp\/v2\/types\/post"}],"author":[{"embeddable":true,"href":"https:\/\/lemotdujour.fr\/index.php?rest_route=\/wp\/v2\/users\/1"}],"replies":[{"embeddable":true,"href":"https:\/\/lemotdujour.fr\/index.php?rest_route=%2Fwp%2Fv2%2Fcomments&post=1981"}],"version-history":[{"count":1,"href":"https:\/\/lemotdujour.fr\/index.php?rest_route=\/wp\/v2\/posts\/1981\/revisions"}],"predecessor-version":[{"id":1982,"href":"https:\/\/lemotdujour.fr\/index.php?rest_route=\/wp\/v2\/posts\/1981\/revisions\/1982"}],"wp:attachment":[{"href":"https:\/\/lemotdujour.fr\/index.php?rest_route=%2Fwp%2Fv2%2Fmedia&parent=1981"}],"wp:term":[{"taxonomy":"category","embeddable":true,"href":"https:\/\/lemotdujour.fr\/index.php?rest_route=%2Fwp%2Fv2%2Fcategories&post=1981"},{"taxonomy":"post_tag","embeddable":true,"href":"https:\/\/lemotdujour.fr\/index.php?rest_route=%2Fwp%2Fv2%2Ftags&post=1981"}],"curies":[{"name":"wp","href":"https:\/\/api.w.org\/{rel}","templated":true}]}}