{"id":1977,"date":"2013-01-10T01:00:00","date_gmt":"2013-01-09T22:00:00","guid":{"rendered":"http:\/\/lemotdujour.fr\/?p=1977"},"modified":"2018-01-10T22:20:19","modified_gmt":"2018-01-10T21:20:19","slug":"jeudi-10-janvier-2013","status":"publish","type":"post","link":"https:\/\/lemotdujour.fr\/?p=1977","title":{"rendered":"Jeudi 10 janvier 2013"},"content":{"rendered":"<div class=\"mdjDate\">Jeudi 10 janvier 2013<\/div>\n<div class=\"mdjTexte\">\u00ab\u00a0Celui qui combat peut perdre,<br \/>\nmais celui qui ne combat pas a d\u00e9j\u00e0 perdu\u00a0\u00bb<\/div>\n<div class=\"mdjAuteur\">Bertold Brecht<\/div>\n<div class=\"mdjComplements\">Dans son dernier discours de d\u00e9but d&rsquo;ann\u00e9e (ce qu&rsquo;il a r\u00e9v\u00e9l\u00e9 lui-m\u00eame) notre Directeur R\u00e9gional, au milieu de plusieurs citations notamment de philosophes grecs, a cit\u00e9 un auteur dont je ne soup\u00e7onnais pas qu&rsquo;il puisse en \u00eatre lecteur : Bertold Brecht.<\/div>\n<div class=\"mdjComplements\">Il a cit\u00e9 la seconde partie de cette phrase que je vous rends dans son int\u00e9gralit\u00e9 comme mot du jour : \u00ab\u00a0Celui qui combat peut perdre, mais celui qui ne combat pas a d\u00e9j\u00e0 perdu\u00a0\u00bb &#8211; Bertold Brecht<\/div>\n<div class=\"mdjComplements\">Cette maxime nous invite bien s\u00fbr \u00e0 nous \u00e9loigner de toute politique d&rsquo;autruche : \u00ab\u00a0demain \u00e7a ira mieux\u00a0\u00bb<\/div>\n<div class=\"mdjComplements\">Mais elle pose aussi la question complexe : que signifie combattre dans la situation d&rsquo;aujourd&rsquo;hui ?<\/div>\n","protected":false},"excerpt":{"rendered":"<p>Jeudi 10 janvier 2013 \u00ab\u00a0Celui qui combat peut perdre, mais celui qui ne combat pas a d\u00e9j\u00e0 perdu\u00a0\u00bb Bertold Brecht Dans son dernier discours de d\u00e9but d&rsquo;ann\u00e9e (ce qu&rsquo;il a r\u00e9v\u00e9l\u00e9 lui-m\u00eame) notre Directeur R\u00e9gional, au milieu de plusieurs citations<\/p>\n","protected":false},"author":1,"featured_media":0,"comment_status":"closed","ping_status":"closed","sticky":false,"template":"","format":"standard","meta":{"footnotes":""},"categories":[1],"tags":[9,6],"class_list":["post-1977","post","type-post","status-publish","format-standard","hentry","category-motdujour","tag-litterature","tag-philosophie"],"_links":{"self":[{"href":"https:\/\/lemotdujour.fr\/index.php?rest_route=\/wp\/v2\/posts\/1977","targetHints":{"allow":["GET"]}}],"collection":[{"href":"https:\/\/lemotdujour.fr\/index.php?rest_route=\/wp\/v2\/posts"}],"about":[{"href":"https:\/\/lemotdujour.fr\/index.php?rest_route=\/wp\/v2\/types\/post"}],"author":[{"embeddable":true,"href":"https:\/\/lemotdujour.fr\/index.php?rest_route=\/wp\/v2\/users\/1"}],"replies":[{"embeddable":true,"href":"https:\/\/lemotdujour.fr\/index.php?rest_route=%2Fwp%2Fv2%2Fcomments&post=1977"}],"version-history":[{"count":2,"href":"https:\/\/lemotdujour.fr\/index.php?rest_route=\/wp\/v2\/posts\/1977\/revisions"}],"predecessor-version":[{"id":3870,"href":"https:\/\/lemotdujour.fr\/index.php?rest_route=\/wp\/v2\/posts\/1977\/revisions\/3870"}],"wp:attachment":[{"href":"https:\/\/lemotdujour.fr\/index.php?rest_route=%2Fwp%2Fv2%2Fmedia&parent=1977"}],"wp:term":[{"taxonomy":"category","embeddable":true,"href":"https:\/\/lemotdujour.fr\/index.php?rest_route=%2Fwp%2Fv2%2Fcategories&post=1977"},{"taxonomy":"post_tag","embeddable":true,"href":"https:\/\/lemotdujour.fr\/index.php?rest_route=%2Fwp%2Fv2%2Ftags&post=1977"}],"curies":[{"name":"wp","href":"https:\/\/api.w.org\/{rel}","templated":true}]}}