{"id":1969,"date":"2013-01-03T01:00:00","date_gmt":"2013-01-02T22:00:00","guid":{"rendered":"http:\/\/lemotdujour.fr\/?p=1969"},"modified":"2017-05-20T15:59:57","modified_gmt":"2017-05-20T13:59:57","slug":"jeudi-03-janvier-2013","status":"publish","type":"post","link":"https:\/\/lemotdujour.fr\/?p=1969","title":{"rendered":"Jeudi 03 janvier 2013"},"content":{"rendered":"<div class=\"mdjDate\">Jeudi 03 janvier 2013<\/div>\n<div class=\"mdjTexte\">Hier n\u2019est qu\u2019un r\u00eave, <br \/>Demain n\u2019est qu\u2019une vision ;<br \/>Mais un aujourd\u2019hui bien v\u00e9cu<br \/>Fait de chaque hier un r\u00eave de bonheur, <br \/>Et de chaque demain une vision d\u2019espoir.<br \/>Fais donc grand cas d\u2019aujourd\u2019hui.<\/div>\n<div class=\"mdjAuteur\">(D\u2019apr\u00e8s La Salutation \u00e0 l\u2019aube texte inspir\u00e9 d\u2019un hymne v\u00e9dique)<\/div>\n<div class=\"mdjComplements\">Pour commencer l&rsquo;ann\u00e9e ce texte cit\u00e9 par Aung San Suu Kyi, Prix Nobel de la Paix, Femme politique birmane.<\/div>\n<div class=\"mdjComplements\">Avec cet exergue : \u00ab\u00a0Je voudrais clore cet article, le premier que j\u2019aie \u00e9crit depuis ma lib\u00e9ration, [&#8230;] en partageant avec ses lecteurs cet extrait d\u2019un po\u00e8me que mon d\u00e9funt mari appr\u00e9ciait tout particuli\u00e8rement et que j\u2019aime beaucoup moi-m\u00eame pour sa sagesse \u00e9ternelle.\u00a0\u00bb<\/div>\n","protected":false},"excerpt":{"rendered":"<p>Jeudi 03 janvier 2013 Hier n\u2019est qu\u2019un r\u00eave, Demain n\u2019est qu\u2019une vision ;Mais un aujourd\u2019hui bien v\u00e9cuFait de chaque hier un r\u00eave de bonheur, Et de chaque demain une vision d\u2019espoir.Fais donc grand cas d\u2019aujourd\u2019hui. (D\u2019apr\u00e8s La Salutation \u00e0 l\u2019aube<\/p>\n","protected":false},"author":1,"featured_media":0,"comment_status":"closed","ping_status":"closed","sticky":false,"template":"","format":"standard","meta":{"footnotes":""},"categories":[1],"tags":[],"class_list":["post-1969","post","type-post","status-publish","format-standard","hentry","category-motdujour"],"_links":{"self":[{"href":"https:\/\/lemotdujour.fr\/index.php?rest_route=\/wp\/v2\/posts\/1969","targetHints":{"allow":["GET"]}}],"collection":[{"href":"https:\/\/lemotdujour.fr\/index.php?rest_route=\/wp\/v2\/posts"}],"about":[{"href":"https:\/\/lemotdujour.fr\/index.php?rest_route=\/wp\/v2\/types\/post"}],"author":[{"embeddable":true,"href":"https:\/\/lemotdujour.fr\/index.php?rest_route=\/wp\/v2\/users\/1"}],"replies":[{"embeddable":true,"href":"https:\/\/lemotdujour.fr\/index.php?rest_route=%2Fwp%2Fv2%2Fcomments&post=1969"}],"version-history":[{"count":1,"href":"https:\/\/lemotdujour.fr\/index.php?rest_route=\/wp\/v2\/posts\/1969\/revisions"}],"predecessor-version":[{"id":1970,"href":"https:\/\/lemotdujour.fr\/index.php?rest_route=\/wp\/v2\/posts\/1969\/revisions\/1970"}],"wp:attachment":[{"href":"https:\/\/lemotdujour.fr\/index.php?rest_route=%2Fwp%2Fv2%2Fmedia&parent=1969"}],"wp:term":[{"taxonomy":"category","embeddable":true,"href":"https:\/\/lemotdujour.fr\/index.php?rest_route=%2Fwp%2Fv2%2Fcategories&post=1969"},{"taxonomy":"post_tag","embeddable":true,"href":"https:\/\/lemotdujour.fr\/index.php?rest_route=%2Fwp%2Fv2%2Ftags&post=1969"}],"curies":[{"name":"wp","href":"https:\/\/api.w.org\/{rel}","templated":true}]}}