{"id":1965,"date":"2012-12-21T01:00:00","date_gmt":"2012-12-20T22:00:00","guid":{"rendered":"http:\/\/lemotdujour.fr\/?p=1965"},"modified":"2017-07-14T10:30:48","modified_gmt":"2017-07-14T08:30:48","slug":"vendredi-21-decembre-2012","status":"publish","type":"post","link":"https:\/\/lemotdujour.fr\/?p=1965","title":{"rendered":"Vendredi 21 d\u00e9cembre 2012"},"content":{"rendered":"<div class=\"mdjDate\">Vendredi 21 d\u00e9cembre 2012<\/div>\n<div class=\"mdjTexte\">\u00ab\u00a0Vos enfants ne sont pas vos enfants<br \/>\nIls sont les fils et les filles de l&rsquo;appel de la Vie \u00e0 elle-m\u00eame\u00a0\u00bb<\/div>\n<div class=\"mdjAuteur\">Khalil Gibran<\/div>\n<div class=\"mdjComplements\">A quelques jours de la f\u00eate chr\u00e9tienne de la nativit\u00e9.<\/div>\n<div class=\"mdjComplements\">En ces temps o\u00f9 on parle du droit \u00e0 l&rsquo;enfant pour tous, cette parole du grand sage Khalil Gibran<\/div>\n<div class=\"mdjComplements\">Et voil\u00e0 le texte int\u00e9gral de ce po\u00e8me\u00a0:<\/div>\n<div class=\"mdjCiter\">\u00ab\u00a0Une femme qui tenait un nouveau-n\u00e9 contre son sein dit:<\/div>\n<div class=\"mdjCiter\">Parle-nous des enfants.<\/div>\n<div class=\"mdjCiter\">Il dit: Vos enfants ne sont pas vos enfants<\/div>\n<div class=\"mdjCiter\">Ils sont les fils et les filles de l&rsquo;appel de la Vie \u00e0 elle-m\u00eame<\/div>\n<div class=\"mdjCiter\">Ils passent par vous mais ne viennent pas de vous<\/div>\n<div class=\"mdjCiter\">Et bien qu&rsquo;ils soient avec vous, ils ne vous appartiennent pas<\/div>\n<div class=\"mdjCiter\">Vous pouvez leur donner votre amour, mais pas vos pens\u00e9es<\/div>\n<div class=\"mdjCiter\">Car ils ont leurs propres pens\u00e9es<\/div>\n<div class=\"mdjCiter\">Vous pouvez accueillir leurs corps, mais pas leurs \u00e2mes<\/div>\n<div class=\"mdjCiter\">Car leurs \u00e2mes habitent la maison de demain, que vous ne pouvez visiter m\u00eame en r\u00eave<\/div>\n<div class=\"mdjCiter\">Vous pouvez vous efforcer d&rsquo;\u00eatre semblables \u00e0 eux<\/div>\n<div class=\"mdjCiter\">Mais ne cherchez pas \u00e0 les rendre semblables \u00e0 vous<\/div>\n<div class=\"mdjCiter\">Car la vie ne revient pas en arri\u00e8re ni ne s&rsquo;attarde avec hier<\/div>\n<div class=\"mdjCiter\">Vous \u00eates les arcs \u00e0 partir desquels vos enfants,<\/div>\n<div class=\"mdjCiter\">Telles des fl\u00e8ches vivantes, sont lanc\u00e9es<\/div>\n<div class=\"mdjCiter\">L&rsquo;Archer voit le but sur le chemin de l&rsquo;infini,<\/div>\n<div class=\"mdjCiter\">Et Il vous tend de Sa puissance<\/div>\n<div class=\"mdjCiter\">Afin que les fl\u00e8ches soient rapides et leur port\u00e9e lointaine.<\/div>\n<div class=\"mdjCiter\">Puisse votre courbure dans la main de l&rsquo;Archer \u00eatre pour l&rsquo;all\u00e9gresse<\/div>\n<div class=\"mdjCiter\">Car de m\u00eame qu&rsquo;Il ch\u00e9rit la fl\u00e8che en son envol, Il aime l&rsquo;arc en sa stabilit\u00e9\u00a0\u00bb<\/div>\n<div class=\"mdjComplements\">Khalil Gibran<\/div>\n<div class=\"mdjComplements\">Extrait du recueil Le Proph\u00e8te<\/div>\n<div><span style=\"color: #800000;\">&lt;42&gt;<\/span><\/div>\n","protected":false},"excerpt":{"rendered":"<p>Vendredi 21 d\u00e9cembre 2012 \u00ab\u00a0Vos enfants ne sont pas vos enfants Ils sont les fils et les filles de l&rsquo;appel de la Vie \u00e0 elle-m\u00eame\u00a0\u00bb Khalil Gibran A quelques jours de la f\u00eate chr\u00e9tienne de la nativit\u00e9. En ces temps<\/p>\n","protected":false},"author":1,"featured_media":0,"comment_status":"closed","ping_status":"closed","sticky":false,"template":"","format":"standard","meta":{"footnotes":""},"categories":[1],"tags":[38,8],"class_list":["post-1965","post","type-post","status-publish","format-standard","hentry","category-motdujour","tag-education","tag-poesie"],"_links":{"self":[{"href":"https:\/\/lemotdujour.fr\/index.php?rest_route=\/wp\/v2\/posts\/1965","targetHints":{"allow":["GET"]}}],"collection":[{"href":"https:\/\/lemotdujour.fr\/index.php?rest_route=\/wp\/v2\/posts"}],"about":[{"href":"https:\/\/lemotdujour.fr\/index.php?rest_route=\/wp\/v2\/types\/post"}],"author":[{"embeddable":true,"href":"https:\/\/lemotdujour.fr\/index.php?rest_route=\/wp\/v2\/users\/1"}],"replies":[{"embeddable":true,"href":"https:\/\/lemotdujour.fr\/index.php?rest_route=%2Fwp%2Fv2%2Fcomments&post=1965"}],"version-history":[{"count":2,"href":"https:\/\/lemotdujour.fr\/index.php?rest_route=\/wp\/v2\/posts\/1965\/revisions"}],"predecessor-version":[{"id":2766,"href":"https:\/\/lemotdujour.fr\/index.php?rest_route=\/wp\/v2\/posts\/1965\/revisions\/2766"}],"wp:attachment":[{"href":"https:\/\/lemotdujour.fr\/index.php?rest_route=%2Fwp%2Fv2%2Fmedia&parent=1965"}],"wp:term":[{"taxonomy":"category","embeddable":true,"href":"https:\/\/lemotdujour.fr\/index.php?rest_route=%2Fwp%2Fv2%2Fcategories&post=1965"},{"taxonomy":"post_tag","embeddable":true,"href":"https:\/\/lemotdujour.fr\/index.php?rest_route=%2Fwp%2Fv2%2Ftags&post=1965"}],"curies":[{"name":"wp","href":"https:\/\/api.w.org\/{rel}","templated":true}]}}