{"id":1957,"date":"2012-12-13T01:00:00","date_gmt":"2012-12-12T22:00:00","guid":{"rendered":"http:\/\/lemotdujour.fr\/?p=1957"},"modified":"2017-05-20T15:59:52","modified_gmt":"2017-05-20T13:59:52","slug":"jeudi-13-decembre-2012","status":"publish","type":"post","link":"https:\/\/lemotdujour.fr\/?p=1957","title":{"rendered":"Jeudi 13 d\u00e9cembre 2012"},"content":{"rendered":"<div class=\"mdjDate\">Jeudi 13 d\u00e9cembre 2012<\/div>\n<div class=\"mdjTexte\">\u00ab\u00a0Si nous sommes en m\u00e9tamorphose, le futur est la contestation de notre pr\u00e9sent\u00a0\u00bb<\/div>\n<div class=\"mdjAuteur\">Jean-Paul Delevoye, Pr\u00e9sident du Conseil \u00e9conomique, social et environnemental, Ancien m\u00e9diateur de la R\u00e9publique<\/div>\n<div class=\"mdjComplements\">Il a tenu ces propos alors qu&rsquo;il \u00e9tait l&rsquo;invit\u00e9 des matins de France Culture le 06\/12\/2012.<\/div>\n<div class=\"mdjComplements\">C&rsquo;est une \u00e9mission qu&rsquo;on peut bien s\u00fbr r\u00e9\u00e9couter sur Internet, je vous y invite car cet homme exprime des choses d&rsquo;une grande intelligence et qui sont parfaitement r\u00e9alistes et argument\u00e9es.<\/div>\n<div class=\"mdjComplements\">Ce mot du jour est \u00e0 mettre en \u00e9cho avec celui du Pr\u00e9sident de la R\u00e9publique lors de sa conf\u00e9rence de presse : \u00ab\u00a0il ne s&rsquo;agit pas d&rsquo;une crise mais d&rsquo;un changement de monde\u00a0\u00bb autrement dit une m\u00e9tamorphose.<\/div>\n<div class=\"mdjCiter\">Jean-Paul Delevoye a aussi dit lors de cette \u00e9mission (c&rsquo;\u00e9tait plus difficile d&rsquo;en faire un mot du jour) : \u00ab\u00a0Il faut un choc culturel [\u00e0 la France] Au moment o\u00f9 l&rsquo;individu est en train d&rsquo;\u00e9merger dans sa libert\u00e9, dans sa cr\u00e9ativit\u00e9, dans son inventivit\u00e9 O\u00f9 l&rsquo;\u00e9conomie num\u00e9rique va compl\u00e8tement faire exploser une \u00e9conomie nouvelle, collaborative, d&rsquo;\u00e9change, alors que cela va compl\u00e8tement perturber le syst\u00e8me, nous avons un raidissement du syst\u00e8me.<\/div>\n<div class=\"mdjCiter\">Il faut pouvoir interpeller nos \u00e9lites (politiques, administratives, \u00e9conomiques, syndicales) pour mettre en place un d\u00e9bat dont une des premi\u00e8re finalit\u00e9s serait de remettre en cause les structures qui assurent notre hi\u00e9rarchie\u00a0\u00bb<\/div>\n<div class=\"mdjCiter\">et aussi \u00ab\u00a0On attend des Politiques qu&rsquo;ils fixent un cap et aujourd&rsquo;hui nous avons des r\u00e9actions et des postures\u00a0\u00bb<\/div>\n","protected":false},"excerpt":{"rendered":"<p>Jeudi 13 d\u00e9cembre 2012 \u00ab\u00a0Si nous sommes en m\u00e9tamorphose, le futur est la contestation de notre pr\u00e9sent\u00a0\u00bb Jean-Paul Delevoye, Pr\u00e9sident du Conseil \u00e9conomique, social et environnemental, Ancien m\u00e9diateur de la R\u00e9publique Il a tenu ces propos alors qu&rsquo;il \u00e9tait l&rsquo;invit\u00e9<\/p>\n","protected":false},"author":1,"featured_media":0,"comment_status":"closed","ping_status":"closed","sticky":false,"template":"","format":"standard","meta":{"footnotes":""},"categories":[1],"tags":[],"class_list":["post-1957","post","type-post","status-publish","format-standard","hentry","category-motdujour"],"_links":{"self":[{"href":"https:\/\/lemotdujour.fr\/index.php?rest_route=\/wp\/v2\/posts\/1957","targetHints":{"allow":["GET"]}}],"collection":[{"href":"https:\/\/lemotdujour.fr\/index.php?rest_route=\/wp\/v2\/posts"}],"about":[{"href":"https:\/\/lemotdujour.fr\/index.php?rest_route=\/wp\/v2\/types\/post"}],"author":[{"embeddable":true,"href":"https:\/\/lemotdujour.fr\/index.php?rest_route=\/wp\/v2\/users\/1"}],"replies":[{"embeddable":true,"href":"https:\/\/lemotdujour.fr\/index.php?rest_route=%2Fwp%2Fv2%2Fcomments&post=1957"}],"version-history":[{"count":1,"href":"https:\/\/lemotdujour.fr\/index.php?rest_route=\/wp\/v2\/posts\/1957\/revisions"}],"predecessor-version":[{"id":1958,"href":"https:\/\/lemotdujour.fr\/index.php?rest_route=\/wp\/v2\/posts\/1957\/revisions\/1958"}],"wp:attachment":[{"href":"https:\/\/lemotdujour.fr\/index.php?rest_route=%2Fwp%2Fv2%2Fmedia&parent=1957"}],"wp:term":[{"taxonomy":"category","embeddable":true,"href":"https:\/\/lemotdujour.fr\/index.php?rest_route=%2Fwp%2Fv2%2Fcategories&post=1957"},{"taxonomy":"post_tag","embeddable":true,"href":"https:\/\/lemotdujour.fr\/index.php?rest_route=%2Fwp%2Fv2%2Ftags&post=1957"}],"curies":[{"name":"wp","href":"https:\/\/api.w.org\/{rel}","templated":true}]}}