{"id":1941,"date":"2012-11-30T01:00:00","date_gmt":"2012-11-29T22:00:00","guid":{"rendered":"http:\/\/lemotdujour.fr\/?p=1941"},"modified":"2017-05-20T15:59:45","modified_gmt":"2017-05-20T13:59:45","slug":"vendredi-30-novembre-2012","status":"publish","type":"post","link":"https:\/\/lemotdujour.fr\/?p=1941","title":{"rendered":"Vendredi 30 novembre 2012"},"content":{"rendered":"<div class=\"mdjDate\">Vendredi 30 novembre 2012<\/div>\n<div class=\"mdjTexte\">\u00ab\u00a0J&rsquo;aime ceux qui, bien qu&rsquo;ils ne soient pas na\u00effs, d\u00e9cident d&rsquo;agir avec na\u00efvet\u00e9 dans un monde de cyniques\u00a0\u00bb<\/div>\n<div class=\"mdjAuteur\">David Grossman<\/div>\n<div class=\"mdjComplements\">Interview de David Grossman dans Le Point. L&rsquo;\u00e9crivain isra\u00e9lien plaide inlassablement pour le dialogue dans sa r\u00e9gion. Il vient m\u00eame de lancer un rassemblement mondial des \u00e9crivains pour la paix, avec l&rsquo;\u00e9crivain Alg\u00e9rien Boualem Sansal.<\/div>\n<div class=\"mdjCiter\">\u00ab Oui, dit-il, cette id\u00e9e est id\u00e9aliste, utopique, romantique. Mais j&rsquo;aime ceux qui, bien qu&rsquo;ils ne soient pas na\u00effs, d\u00e9cident d&rsquo;agir avec na\u00efvet\u00e9 dans un monde de cyniques. Je me sens plus fier si, dans le cynisme ambiant, j&rsquo;agis na\u00efvement.<\/div>\n<div class=\"mdjCiter\">Durant la guerre du Vietnam, tous les vendredis, un homme se tenait devant la maison blanche avec une pancarte d\u00e9non\u00e7ant cette guerre.<\/div>\n<div class=\"mdjCiter\">Un journaliste lui a demand\u00e9 : \u2018\u2019Vous \u00eates ici depuis si longtemps : pensez-vous que vous allez changer le monde ? &#8211; Non je m&rsquo;assure seulement que le monde ne me change pas\u2019\u2019.<\/div>\n<div class=\"mdjCiter\">J&rsquo;aime cette r\u00e9ponse \u00bb dit David Grossman dont le fils est mort lors de la guerre du Liban de 2006.\u00a0\u00bb<\/div>\n<div class=\"mdjComplements\">Dans cette interview, Grossman a encore une phrase qui pourrait \u00eatre le vade mecum de toute n\u00e9gociation de paix : \u00ab Il faut penser \u00e0 la dignit\u00e9 de son ennemi. \u00bb<\/div>\n<div class=\"mdjComplements\">Entendu lors de la Revue de Presse de France Inter du Mercredi 28 novembre 2012. Revue de presse de Bruno Duvic<\/div>\n","protected":false},"excerpt":{"rendered":"<p>Vendredi 30 novembre 2012 \u00ab\u00a0J&rsquo;aime ceux qui, bien qu&rsquo;ils ne soient pas na\u00effs, d\u00e9cident d&rsquo;agir avec na\u00efvet\u00e9 dans un monde de cyniques\u00a0\u00bb David Grossman Interview de David Grossman dans Le Point. L&rsquo;\u00e9crivain isra\u00e9lien plaide inlassablement pour le dialogue dans sa<\/p>\n","protected":false},"author":1,"featured_media":0,"comment_status":"closed","ping_status":"closed","sticky":false,"template":"","format":"standard","meta":{"footnotes":""},"categories":[1],"tags":[],"class_list":["post-1941","post","type-post","status-publish","format-standard","hentry","category-motdujour"],"_links":{"self":[{"href":"https:\/\/lemotdujour.fr\/index.php?rest_route=\/wp\/v2\/posts\/1941","targetHints":{"allow":["GET"]}}],"collection":[{"href":"https:\/\/lemotdujour.fr\/index.php?rest_route=\/wp\/v2\/posts"}],"about":[{"href":"https:\/\/lemotdujour.fr\/index.php?rest_route=\/wp\/v2\/types\/post"}],"author":[{"embeddable":true,"href":"https:\/\/lemotdujour.fr\/index.php?rest_route=\/wp\/v2\/users\/1"}],"replies":[{"embeddable":true,"href":"https:\/\/lemotdujour.fr\/index.php?rest_route=%2Fwp%2Fv2%2Fcomments&post=1941"}],"version-history":[{"count":1,"href":"https:\/\/lemotdujour.fr\/index.php?rest_route=\/wp\/v2\/posts\/1941\/revisions"}],"predecessor-version":[{"id":1942,"href":"https:\/\/lemotdujour.fr\/index.php?rest_route=\/wp\/v2\/posts\/1941\/revisions\/1942"}],"wp:attachment":[{"href":"https:\/\/lemotdujour.fr\/index.php?rest_route=%2Fwp%2Fv2%2Fmedia&parent=1941"}],"wp:term":[{"taxonomy":"category","embeddable":true,"href":"https:\/\/lemotdujour.fr\/index.php?rest_route=%2Fwp%2Fv2%2Fcategories&post=1941"},{"taxonomy":"post_tag","embeddable":true,"href":"https:\/\/lemotdujour.fr\/index.php?rest_route=%2Fwp%2Fv2%2Ftags&post=1941"}],"curies":[{"name":"wp","href":"https:\/\/api.w.org\/{rel}","templated":true}]}}