{"id":1937,"date":"2012-11-28T01:00:00","date_gmt":"2012-11-27T22:00:00","guid":{"rendered":"http:\/\/lemotdujour.fr\/?p=1937"},"modified":"2020-02-09T18:44:02","modified_gmt":"2020-02-09T17:44:02","slug":"mercredi-28-novembre-2012","status":"publish","type":"post","link":"https:\/\/lemotdujour.fr\/?p=1937","title":{"rendered":"Mercredi 28 novembre 2012"},"content":{"rendered":"<div class=\"mdjDate\">Mercredi 28 novembre 2012<\/div>\n<div class=\"mdjTexte\">\u00ab&nbsp;Si la d\u00e9cision \u00e9tait entre mes mains, je sais qu&rsquo;entre ce qu&rsquo;il faudrait faire et ce que les circonstances me permettraient de faire (souvent presque rien) il y a d&rsquo;\u00e9normes distances.<br \/>\nLa France subira, h\u00e9las, plus qu&rsquo;elle ne construira son destin.<br \/>\nJe le regrette, \u00e0 l&rsquo;avance.&nbsp;\u00bb<\/div>\n<div class=\"mdjAuteur\">Fernand Braudel<\/div>\n<div class=\"mdjComplements\">Pour \u00e9chapper au monde des bisounours, je vous ai relat\u00e9, hier, les propos priv\u00e9s et lucides d&rsquo;un homme politique habile et d\u00e9magogue qui en public magnifiait la grandeur de la France.<\/div>\n<div class=\"mdjComplements\">Je compl\u00e8te aujourd&rsquo;hui par ce commentaire de Fernand Braudel \u00e9crit dans les m\u00eames ann\u00e9es 80, dans cet ouvrage de r\u00e9f\u00e9rence qu&rsquo;est l&rsquo;Identit\u00e9 de la France et que j&rsquo;ai eu le plaisir de lire pendant mon hospitalisation, il y a un an.<\/div>\n<div class=\"mdjComplements\">L&rsquo;identit\u00e9 de la France Tome 2<\/div>\n","protected":false},"excerpt":{"rendered":"<p>Mercredi 28 novembre 2012 \u00ab&nbsp;Si la d\u00e9cision \u00e9tait entre mes mains, je sais qu&rsquo;entre ce qu&rsquo;il faudrait faire et ce que les circonstances me permettraient de faire (souvent presque rien) il y a d&rsquo;\u00e9normes distances. La France subira, h\u00e9las, plus<\/p>\n","protected":false},"author":1,"featured_media":0,"comment_status":"closed","ping_status":"closed","sticky":false,"template":"","format":"standard","meta":{"footnotes":""},"categories":[1],"tags":[15,17,173],"class_list":["post-1937","post","type-post","status-publish","format-standard","hentry","category-motdujour","tag-france","tag-histoire","tag-mondialisation"],"_links":{"self":[{"href":"https:\/\/lemotdujour.fr\/index.php?rest_route=\/wp\/v2\/posts\/1937","targetHints":{"allow":["GET"]}}],"collection":[{"href":"https:\/\/lemotdujour.fr\/index.php?rest_route=\/wp\/v2\/posts"}],"about":[{"href":"https:\/\/lemotdujour.fr\/index.php?rest_route=\/wp\/v2\/types\/post"}],"author":[{"embeddable":true,"href":"https:\/\/lemotdujour.fr\/index.php?rest_route=\/wp\/v2\/users\/1"}],"replies":[{"embeddable":true,"href":"https:\/\/lemotdujour.fr\/index.php?rest_route=%2Fwp%2Fv2%2Fcomments&post=1937"}],"version-history":[{"count":2,"href":"https:\/\/lemotdujour.fr\/index.php?rest_route=\/wp\/v2\/posts\/1937\/revisions"}],"predecessor-version":[{"id":8055,"href":"https:\/\/lemotdujour.fr\/index.php?rest_route=\/wp\/v2\/posts\/1937\/revisions\/8055"}],"wp:attachment":[{"href":"https:\/\/lemotdujour.fr\/index.php?rest_route=%2Fwp%2Fv2%2Fmedia&parent=1937"}],"wp:term":[{"taxonomy":"category","embeddable":true,"href":"https:\/\/lemotdujour.fr\/index.php?rest_route=%2Fwp%2Fv2%2Fcategories&post=1937"},{"taxonomy":"post_tag","embeddable":true,"href":"https:\/\/lemotdujour.fr\/index.php?rest_route=%2Fwp%2Fv2%2Ftags&post=1937"}],"curies":[{"name":"wp","href":"https:\/\/api.w.org\/{rel}","templated":true}]}}