{"id":1923,"date":"2012-11-16T01:00:00","date_gmt":"2012-11-15T22:00:00","guid":{"rendered":"http:\/\/lemotdujour.fr\/?p=1923"},"modified":"2021-08-26T15:01:54","modified_gmt":"2021-08-26T13:01:54","slug":"vendredi-16-novembre-2012","status":"publish","type":"post","link":"https:\/\/lemotdujour.fr\/?p=1923","title":{"rendered":"Vendredi 16 novembre 2012"},"content":{"rendered":"<div class=\"mdjDate\">Vendredi 16 novembre 2012<\/div>\n<div class=\"mdjTexte\">\u00ab\u00a0Nous avions deux Directions, nous avons fusionn\u00e9 Maintenant, gr\u00e2ce aux P\u00f4les, nous en avons trois\u00a0\u00bb<\/div>\n<div class=\"mdjAuteur\">Anonyme<\/div>\n<div class=\"mdjComplements\">Un coll\u00e8gue dont je garderais l&rsquo;anonymat a eu cette formule.<\/div>\n<div class=\"mdjComplements\">Avant \u00e0 Lyon, il y avait la Direction des Services Fiscaux et la Tr\u00e9sorerie G\u00e9n\u00e9rale, donc deux directions. Elles ont \u00e9t\u00e9 fusionn\u00e9es en une seule La Direction R\u00e9gionale des Finances Publiques. Mais cette Direction est divis\u00e9e en 3 p\u00f4les le p\u00f4le fiscal, le p\u00f4le gestion publique et le p\u00f4le transverse. 3 P\u00f4les qui bien entendu sont en comp\u00e9tition.<\/div>\n<div><\/div>\n<div><span style=\"color: #800000;\">&lt;21&gt;<\/span><\/div>\n","protected":false},"excerpt":{"rendered":"<p>Vendredi 16 novembre 2012 \u00ab\u00a0Nous avions deux Directions, nous avons fusionn\u00e9 Maintenant, gr\u00e2ce aux P\u00f4les, nous en avons trois\u00a0\u00bb Anonyme Un coll\u00e8gue dont je garderais l&rsquo;anonymat a eu cette formule. Avant \u00e0 Lyon, il y avait la Direction des Services<\/p>\n","protected":false},"author":1,"featured_media":0,"comment_status":"closed","ping_status":"closed","sticky":false,"template":"","format":"standard","meta":{"footnotes":""},"categories":[1],"tags":[23,22],"class_list":["post-1923","post","type-post","status-publish","format-standard","hentry","category-motdujour","tag-humour","tag-professionnel"],"_links":{"self":[{"href":"https:\/\/lemotdujour.fr\/index.php?rest_route=\/wp\/v2\/posts\/1923","targetHints":{"allow":["GET"]}}],"collection":[{"href":"https:\/\/lemotdujour.fr\/index.php?rest_route=\/wp\/v2\/posts"}],"about":[{"href":"https:\/\/lemotdujour.fr\/index.php?rest_route=\/wp\/v2\/types\/post"}],"author":[{"embeddable":true,"href":"https:\/\/lemotdujour.fr\/index.php?rest_route=\/wp\/v2\/users\/1"}],"replies":[{"embeddable":true,"href":"https:\/\/lemotdujour.fr\/index.php?rest_route=%2Fwp%2Fv2%2Fcomments&post=1923"}],"version-history":[{"count":3,"href":"https:\/\/lemotdujour.fr\/index.php?rest_route=\/wp\/v2\/posts\/1923\/revisions"}],"predecessor-version":[{"id":12084,"href":"https:\/\/lemotdujour.fr\/index.php?rest_route=\/wp\/v2\/posts\/1923\/revisions\/12084"}],"wp:attachment":[{"href":"https:\/\/lemotdujour.fr\/index.php?rest_route=%2Fwp%2Fv2%2Fmedia&parent=1923"}],"wp:term":[{"taxonomy":"category","embeddable":true,"href":"https:\/\/lemotdujour.fr\/index.php?rest_route=%2Fwp%2Fv2%2Fcategories&post=1923"},{"taxonomy":"post_tag","embeddable":true,"href":"https:\/\/lemotdujour.fr\/index.php?rest_route=%2Fwp%2Fv2%2Ftags&post=1923"}],"curies":[{"name":"wp","href":"https:\/\/api.w.org\/{rel}","templated":true}]}}