{"id":1909,"date":"2012-11-06T01:00:00","date_gmt":"2012-11-05T22:00:00","guid":{"rendered":"http:\/\/lemotdujour.fr\/?p=1909"},"modified":"2018-05-20T22:37:53","modified_gmt":"2018-05-20T20:37:53","slug":"mardi-06-novembre-2012","status":"publish","type":"post","link":"https:\/\/lemotdujour.fr\/?p=1909","title":{"rendered":"Mardi 06 novembre 2012"},"content":{"rendered":"<div class=\"mdjDate\">Mardi 06 novembre 2012<\/div>\n<div class=\"mdjTexte\">\u00ab\u00a0J&rsquo;ai coup\u00e9 trois fois et c&rsquo;est toujours trop court\u00a0\u00bb<\/div>\n<div class=\"mdjAuteur\">Mon p\u00e8re<\/div>\n<div class=\"mdjComplements\">Particuli\u00e8rement adapt\u00e9e \u00e0 la situation budg\u00e9taire fran\u00e7aise, cette formule du menuisier que m&rsquo;avait apprise mon p\u00e8re : \u00ab\u00a0J&rsquo;ai coup\u00e9 trois fois et c&rsquo;est toujours trop court\u00a0\u00bb<\/div>\n<div><span style=\"color: #800000;\">&lt;14&gt;<\/span><\/div>\n","protected":false},"excerpt":{"rendered":"<p>Mardi 06 novembre 2012 \u00ab\u00a0J&rsquo;ai coup\u00e9 trois fois et c&rsquo;est toujours trop court\u00a0\u00bb Mon p\u00e8re Particuli\u00e8rement adapt\u00e9e \u00e0 la situation budg\u00e9taire fran\u00e7aise, cette formule du menuisier que m&rsquo;avait apprise mon p\u00e8re : \u00ab\u00a0J&rsquo;ai coup\u00e9 trois fois et c&rsquo;est toujours trop<\/p>\n","protected":false},"author":1,"featured_media":0,"comment_status":"closed","ping_status":"closed","sticky":false,"template":"","format":"standard","meta":{"footnotes":""},"categories":[1],"tags":[19,7],"class_list":["post-1909","post","type-post","status-publish","format-standard","hentry","category-motdujour","tag-personnel","tag-societe"],"_links":{"self":[{"href":"https:\/\/lemotdujour.fr\/index.php?rest_route=\/wp\/v2\/posts\/1909","targetHints":{"allow":["GET"]}}],"collection":[{"href":"https:\/\/lemotdujour.fr\/index.php?rest_route=\/wp\/v2\/posts"}],"about":[{"href":"https:\/\/lemotdujour.fr\/index.php?rest_route=\/wp\/v2\/types\/post"}],"author":[{"embeddable":true,"href":"https:\/\/lemotdujour.fr\/index.php?rest_route=\/wp\/v2\/users\/1"}],"replies":[{"embeddable":true,"href":"https:\/\/lemotdujour.fr\/index.php?rest_route=%2Fwp%2Fv2%2Fcomments&post=1909"}],"version-history":[{"count":2,"href":"https:\/\/lemotdujour.fr\/index.php?rest_route=\/wp\/v2\/posts\/1909\/revisions"}],"predecessor-version":[{"id":4797,"href":"https:\/\/lemotdujour.fr\/index.php?rest_route=\/wp\/v2\/posts\/1909\/revisions\/4797"}],"wp:attachment":[{"href":"https:\/\/lemotdujour.fr\/index.php?rest_route=%2Fwp%2Fv2%2Fmedia&parent=1909"}],"wp:term":[{"taxonomy":"category","embeddable":true,"href":"https:\/\/lemotdujour.fr\/index.php?rest_route=%2Fwp%2Fv2%2Fcategories&post=1909"},{"taxonomy":"post_tag","embeddable":true,"href":"https:\/\/lemotdujour.fr\/index.php?rest_route=%2Fwp%2Fv2%2Ftags&post=1909"}],"curies":[{"name":"wp","href":"https:\/\/api.w.org\/{rel}","templated":true}]}}