{"id":1889,"date":"2012-10-17T02:00:00","date_gmt":"2012-10-16T22:00:00","guid":{"rendered":"http:\/\/lemotdujour.fr\/?p=1889"},"modified":"2017-05-20T20:53:56","modified_gmt":"2017-05-20T18:53:56","slug":"mercredi-17-octobre-2012","status":"publish","type":"post","link":"https:\/\/lemotdujour.fr\/?p=1889","title":{"rendered":"Mercredi 17 octobre 2012"},"content":{"rendered":"<div class=\"mdjDate\">Mercredi 17 octobre 2012<\/div>\n<div class=\"mdjTexte\">\u00ab\u00a0Plut\u00f4t que d&rsquo;\u00eatre dans le clair-obscur des faits d&rsquo;aujourd&rsquo;hui, c&rsquo;est la volont\u00e9 qui nous donnera l&rsquo;optimisme de demain\u00a0\u00bb<\/div>\n<div class=\"mdjAuteur\">R\u00e9volutionnaire inconnu<\/div>\n<div class=\"mdjComplements\">Apr\u00e8s la merveilleuse journ\u00e9e d&rsquo;hier qui nous a permis de nous r\u00e9g\u00e9n\u00e9rer et de redonner sens \u00e0 notre action, il semble naturel de prendre pour mot du jour, ce propos de Yannick Giraud \u00e0 la toute fin de la r\u00e9union : \u00ab\u00a0Plut\u00f4t que d&rsquo;\u00eatre dans le clair-obscur des faits d&rsquo;aujourd&rsquo;hui, c&rsquo;est la volont\u00e9 qui nous donnera l&rsquo;optimisme de demain\u00a0\u00bb<\/div>\n<div class=\"mdjComplements\">Propos d&rsquo;un r\u00e9volutionnaire inconnu puisque que YG s&rsquo;est d&rsquo;abord excus\u00e9 de citer un r\u00e9volutionnaire pour finalement, par prudence, ne pas donner son nom.<\/div>\n<div class=\"mdjComplements\">Etre dans une telle hauteur philosophique ne doit pas nous \u00e9loigner du concret et de la r\u00e9alit\u00e9 et c&rsquo;est pourquoi au-del\u00e0 du mot du jour, on devrait aussi garder pr\u00e9sent cette excellente recommandation de nos guides, je veux dire les auditeurs de la MNA ceux qui font le m\u00eame travail que nous, mais beaucoup mieux et qui ont, \u00e0 l&rsquo;issue de leur remarquable travail sur l&rsquo;acc\u00e8s aux applications informatiques, \u00e9dict\u00e9 ce sage pr\u00e9cepte : \u00ab\u00a0Pas de comitologie pour la comitologie\u00a0\u00bb<\/div>\n<div class=\"mdjComplements\">Nous vivons dans un monde merveilleux o\u00f9 le futur ne manque pas d&rsquo;avenir (\u00e7a c&rsquo;est de Philippe Meyer qui n&rsquo;est pas r\u00e9volutionnaire mais centriste)<\/div>\n<div class=\"mdjComplements\"><span style=\"color: #800000;\">&lt;4&gt;<\/span><\/div>\n<div class=\"mdjComplements\"><\/div>\n","protected":false},"excerpt":{"rendered":"<p>Mercredi 17 octobre 2012 \u00ab\u00a0Plut\u00f4t que d&rsquo;\u00eatre dans le clair-obscur des faits d&rsquo;aujourd&rsquo;hui, c&rsquo;est la volont\u00e9 qui nous donnera l&rsquo;optimisme de demain\u00a0\u00bb R\u00e9volutionnaire inconnu Apr\u00e8s la merveilleuse journ\u00e9e d&rsquo;hier qui nous a permis de nous r\u00e9g\u00e9n\u00e9rer et de redonner sens<\/p>\n","protected":false},"author":1,"featured_media":0,"comment_status":"closed","ping_status":"closed","sticky":false,"template":"","format":"standard","meta":{"footnotes":""},"categories":[1],"tags":[23,22],"class_list":["post-1889","post","type-post","status-publish","format-standard","hentry","category-motdujour","tag-humour","tag-professionnel"],"_links":{"self":[{"href":"https:\/\/lemotdujour.fr\/index.php?rest_route=\/wp\/v2\/posts\/1889","targetHints":{"allow":["GET"]}}],"collection":[{"href":"https:\/\/lemotdujour.fr\/index.php?rest_route=\/wp\/v2\/posts"}],"about":[{"href":"https:\/\/lemotdujour.fr\/index.php?rest_route=\/wp\/v2\/types\/post"}],"author":[{"embeddable":true,"href":"https:\/\/lemotdujour.fr\/index.php?rest_route=\/wp\/v2\/users\/1"}],"replies":[{"embeddable":true,"href":"https:\/\/lemotdujour.fr\/index.php?rest_route=%2Fwp%2Fv2%2Fcomments&post=1889"}],"version-history":[{"count":2,"href":"https:\/\/lemotdujour.fr\/index.php?rest_route=\/wp\/v2\/posts\/1889\/revisions"}],"predecessor-version":[{"id":2305,"href":"https:\/\/lemotdujour.fr\/index.php?rest_route=\/wp\/v2\/posts\/1889\/revisions\/2305"}],"wp:attachment":[{"href":"https:\/\/lemotdujour.fr\/index.php?rest_route=%2Fwp%2Fv2%2Fmedia&parent=1889"}],"wp:term":[{"taxonomy":"category","embeddable":true,"href":"https:\/\/lemotdujour.fr\/index.php?rest_route=%2Fwp%2Fv2%2Fcategories&post=1889"},{"taxonomy":"post_tag","embeddable":true,"href":"https:\/\/lemotdujour.fr\/index.php?rest_route=%2Fwp%2Fv2%2Ftags&post=1889"}],"curies":[{"name":"wp","href":"https:\/\/api.w.org\/{rel}","templated":true}]}}