{"id":1887,"date":"2012-10-12T02:00:00","date_gmt":"2012-10-11T22:00:00","guid":{"rendered":"http:\/\/lemotdujour.fr\/?p=1887"},"modified":"2017-05-20T20:49:05","modified_gmt":"2017-05-20T18:49:05","slug":"vendredi-12-octobre-2012","status":"publish","type":"post","link":"https:\/\/lemotdujour.fr\/?p=1887","title":{"rendered":"Vendredi 12 octobre 2012"},"content":{"rendered":"<div class=\"mdjDate\">Vendredi 12 octobre 2012<\/div>\n<div class=\"mdjTexte\">\u00ab\u00a0On ne r\u00e9sout pas un probl\u00e8me avec le mode de pens\u00e9e qui l&rsquo;a engendr\u00e9.\u00a0\u00bb<\/div>\n<div class=\"mdjAuteur\">Albert Einstein<\/div>\n<div class=\"mdjComplements\">L\u00e0 il s&rsquo;agit de plus qu&rsquo;un mot d&rsquo;humour.<\/div>\n<div class=\"mdjComplements\"><span style=\"color: #800000;\">&lt;3&gt;<\/span><\/div>\n","protected":false},"excerpt":{"rendered":"<p>Vendredi 12 octobre 2012 \u00ab\u00a0On ne r\u00e9sout pas un probl\u00e8me avec le mode de pens\u00e9e qui l&rsquo;a engendr\u00e9.\u00a0\u00bb Albert Einstein L\u00e0 il s&rsquo;agit de plus qu&rsquo;un mot d&rsquo;humour. &lt;3&gt;<\/p>\n","protected":false},"author":1,"featured_media":0,"comment_status":"closed","ping_status":"closed","sticky":false,"template":"","format":"standard","meta":{"footnotes":""},"categories":[1],"tags":[6],"class_list":["post-1887","post","type-post","status-publish","format-standard","hentry","category-motdujour","tag-philosophie"],"_links":{"self":[{"href":"https:\/\/lemotdujour.fr\/index.php?rest_route=\/wp\/v2\/posts\/1887","targetHints":{"allow":["GET"]}}],"collection":[{"href":"https:\/\/lemotdujour.fr\/index.php?rest_route=\/wp\/v2\/posts"}],"about":[{"href":"https:\/\/lemotdujour.fr\/index.php?rest_route=\/wp\/v2\/types\/post"}],"author":[{"embeddable":true,"href":"https:\/\/lemotdujour.fr\/index.php?rest_route=\/wp\/v2\/users\/1"}],"replies":[{"embeddable":true,"href":"https:\/\/lemotdujour.fr\/index.php?rest_route=%2Fwp%2Fv2%2Fcomments&post=1887"}],"version-history":[{"count":2,"href":"https:\/\/lemotdujour.fr\/index.php?rest_route=\/wp\/v2\/posts\/1887\/revisions"}],"predecessor-version":[{"id":2303,"href":"https:\/\/lemotdujour.fr\/index.php?rest_route=\/wp\/v2\/posts\/1887\/revisions\/2303"}],"wp:attachment":[{"href":"https:\/\/lemotdujour.fr\/index.php?rest_route=%2Fwp%2Fv2%2Fmedia&parent=1887"}],"wp:term":[{"taxonomy":"category","embeddable":true,"href":"https:\/\/lemotdujour.fr\/index.php?rest_route=%2Fwp%2Fv2%2Fcategories&post=1887"},{"taxonomy":"post_tag","embeddable":true,"href":"https:\/\/lemotdujour.fr\/index.php?rest_route=%2Fwp%2Fv2%2Ftags&post=1887"}],"curies":[{"name":"wp","href":"https:\/\/api.w.org\/{rel}","templated":true}]}}