{"id":1840,"date":"2017-05-18T04:30:11","date_gmt":"2017-05-18T02:30:11","guid":{"rendered":"http:\/\/lemotdujour.fr\/?p=1840"},"modified":"2021-09-29T10:31:25","modified_gmt":"2021-09-29T08:31:25","slug":"le-mot-du-jour-du-18-mai-2017","status":"publish","type":"post","link":"https:\/\/lemotdujour.fr\/?p=1840","title":{"rendered":"Jeudi 18 mai 2017"},"content":{"rendered":"<div class=\"mdjTexte\">\t\u00ab&nbsp;Pour qu\u2019une chose se termine, il faut qu\u2019une autre chose commence \u2013 et les commencements, c\u2019est impossible \u00e0 voir\u00bb<\/div>\n<div class=\"mdjAuteur\">\tChristian Bobin<\/div>\n<p><a href=\"https:\/\/fr.wikipedia.org\/wiki\/Christian_Bobin\"><span style=\"font-family: Arial;\">Christian Bobin<\/span><\/a><span style=\"color: #777777; font-family: Arial;\"> est un \u00e9crivain n\u00e9 en 1951 et c&rsquo;est avec cette citation de Christian Bobin que Christophe Andr\u00e9 finit ses 40 \u00e9missions ou chapitres de 3 minutes \u00e0 m\u00e9diter.<br \/>\n<\/span><\/p>\n<p><span style=\"color: #777777; font-family: Arial;\">Et Christophe Andr\u00e9 \u00e9crit&nbsp;: \u00ab&nbsp;J&rsquo;aime beaucoup cette phrase, mais il est aussi possible de dire exactement l&rsquo;inverse&nbsp;: \u00ab&nbsp;<span style=\"color: #c00000;\">Pour qu&rsquo;une chose commence, il faut qu&rsquo;une autre se termine<span style=\"color: #777777;\">&nbsp;\u00bb&nbsp;\u00bb<br \/>\n<\/span><\/span><\/span><\/p>\n<p><span style=\"color: #777777; font-family: Arial;\">Christophe Andr\u00e9 parle bien entendu de sa s\u00e9rie d&rsquo;\u00e9missions.<br \/>\n<\/span><\/p>\n<p><span style=\"color: #777777; font-family: Arial;\">Mais on pourrait appliquer cela \u00e0 bien d&rsquo;autres choses\u2026<br \/>\n<\/span><\/p>\n<p><span style=\"color: #777777; font-family: Arial;\">Peut-\u00eatre m\u00eame \u00e0 ce qui se passe dans notre pays en ce moment&nbsp;?<br \/>\n<\/span><\/p>\n<p><span style=\"color: #777777; font-family: Arial;\">Pour la m\u00e9ditation en pleine conscience, Christophe Andr\u00e9 \u00e9crit encore&nbsp;:<br \/>\n<\/span><\/p>\n<p style=\"margin-left: 28pt;\"><span style=\"color: #c00000; font-family: Arial;\">\u00ab&nbsp;C&rsquo;est beau, les choses qui se terminent.<br \/>\nC&rsquo;est beau, les cr\u00e9puscules.<br \/>\nMais ce qu&rsquo;il y a de plus beau encore ce sont les aurores.&nbsp;\u00bb<br \/>\n<\/span><\/p>\n<p><span style=\"color: #777777; font-family: Arial;\">Je vous redonne le lien vers cette <span style=\"color: #0000ff;\"><a style=\"color: #0000ff;\" href=\"https:\/\/www.franceculture.fr\/emissions\/trois-minutes-mediter\">s\u00e9rie d&rsquo;\u00e9missions<\/a><\/span> et <span style=\"color: #0000ff;\"><a style=\"color: #0000ff;\" href=\"http:\/\/www.fnac.com\/livre-numerique\/a10353034\/Christophe-Andre-Trois-minutes-a-mediter\">le livre<\/a>.<\/span><br \/>\n<\/span><\/p>\n","protected":false},"excerpt":{"rendered":"<p>\u00ab&nbsp;Pour qu\u2019une chose se termine, il faut qu\u2019une autre chose commence \u2013 et les commencements, c\u2019est impossible \u00e0 voir\u00bb Christian Bobin Christian Bobin est un \u00e9crivain n\u00e9 en 1951 et c&rsquo;est avec cette citation de Christian Bobin que Christophe Andr\u00e9<\/p>\n","protected":false},"author":1,"featured_media":0,"comment_status":"open","ping_status":"closed","sticky":false,"template":"","format":"standard","meta":{"footnotes":""},"categories":[1],"tags":[6,13],"class_list":["post-1840","post","type-post","status-publish","format-standard","hentry","category-motdujour","tag-philosophie","tag-sante"],"_links":{"self":[{"href":"https:\/\/lemotdujour.fr\/index.php?rest_route=\/wp\/v2\/posts\/1840","targetHints":{"allow":["GET"]}}],"collection":[{"href":"https:\/\/lemotdujour.fr\/index.php?rest_route=\/wp\/v2\/posts"}],"about":[{"href":"https:\/\/lemotdujour.fr\/index.php?rest_route=\/wp\/v2\/types\/post"}],"author":[{"embeddable":true,"href":"https:\/\/lemotdujour.fr\/index.php?rest_route=\/wp\/v2\/users\/1"}],"replies":[{"embeddable":true,"href":"https:\/\/lemotdujour.fr\/index.php?rest_route=%2Fwp%2Fv2%2Fcomments&post=1840"}],"version-history":[{"count":7,"href":"https:\/\/lemotdujour.fr\/index.php?rest_route=\/wp\/v2\/posts\/1840\/revisions"}],"predecessor-version":[{"id":12207,"href":"https:\/\/lemotdujour.fr\/index.php?rest_route=\/wp\/v2\/posts\/1840\/revisions\/12207"}],"wp:attachment":[{"href":"https:\/\/lemotdujour.fr\/index.php?rest_route=%2Fwp%2Fv2%2Fmedia&parent=1840"}],"wp:term":[{"taxonomy":"category","embeddable":true,"href":"https:\/\/lemotdujour.fr\/index.php?rest_route=%2Fwp%2Fv2%2Fcategories&post=1840"},{"taxonomy":"post_tag","embeddable":true,"href":"https:\/\/lemotdujour.fr\/index.php?rest_route=%2Fwp%2Fv2%2Ftags&post=1840"}],"curies":[{"name":"wp","href":"https:\/\/api.w.org\/{rel}","templated":true}]}}