{"id":1816,"date":"2017-05-16T06:25:10","date_gmt":"2017-05-16T04:25:10","guid":{"rendered":"http:\/\/lemotdujour.fr\/?p=1816"},"modified":"2021-09-28T21:25:10","modified_gmt":"2021-09-28T19:25:10","slug":"le-mot-du-jour-du-16-mai-2017","status":"publish","type":"post","link":"https:\/\/lemotdujour.fr\/?p=1816","title":{"rendered":"Mardi 16 mai 2017"},"content":{"rendered":"<div class=\"mdjTexte\">\t\u00ab Rien que \u00bb<\/div>\n<div class=\"mdjAuteur\">\tChristophe Andr\u00e9, une des \u00e9missions de la s\u00e9rie \u00ab&nbsp;3 Minutes \u00e0 m\u00e9diter&nbsp;\u00bb<\/div>\n<p><span style=\"color: #777777; font-family: Arial;\">Toutes les \u00e9missions de cette s\u00e9rie dont j&rsquo;ai parl\u00e9 hier m&rsquo;ont int\u00e9ress\u00e9, mais celle qui a ma pr\u00e9f\u00e9rence est celle que Christophe Andr\u00e9 a intitul\u00e9 <span style=\"color: blue;\"><span style=\"color: #0000ff;\">\u00ab<\/span>&nbsp;<span style=\"color: #0000ff;\"><a style=\"color: #0000ff;\" href=\"http:\/\/www.franceculture.fr\/emissions\/trois-minutes-mediter\/rien-que\">Rien que&nbsp;<\/a>\u00bb.<\/span><span style=\"color: #777777;\"><br \/>\n<\/span><\/span><\/span><\/p>\n<p><span style=\"color: #777777; font-family: Arial;\">Parce que je crois qu&rsquo;il y a dans cette toute petite expression&nbsp;: \u00ab&nbsp;Rien que&nbsp;\u00bb un enseignement de vie fondamental.<br \/>\n<\/span><\/p>\n<p><span style=\"color: #777777; font-family: Arial;\">C&rsquo;est particuli\u00e8rement vrai dans l&rsquo;\u00e9change, l&rsquo;\u00e9change \u00e0 deux\u2026rien que \u2026davantage que disponible, \u00eatre pr\u00e9sent, pr\u00e9sent \u00e0 l&rsquo;autre. C&rsquo;est une discipline que je tente toujours de m&rsquo;appliquer.<br \/>\n<\/span><\/p>\n<p><span style=\"color: #777777; font-family: Arial;\">Parfois, je m&rsquo;y efforce aussi quand je marche dans la rue, regarder les gens que je croise, la nature ou la ville, le ciel et les nuages, \u00eatre pr\u00e9sent dans l&rsquo;instant. Non pas penser \u00e0 ce qui va se passer dans une heure, dans une semaine, dans un mois etc., vivre le moment enti\u00e8rement\u2026 rien que.<br \/>\n<\/span><\/p>\n<p><span style=\"color: #777777; font-family: Arial;\">Quand j&rsquo;\u00e9coute la musique que j&rsquo;aime, je suis particuli\u00e8rement attentif, sans toujours y arriver il est vrai, \u00e0 simplement \u00e9couter, embrasser int\u00e9gralement le son, reconna\u00eetre les instruments, les th\u00e8mes, les d\u00e9tails. Ne pas laisser les pens\u00e9es s&rsquo;\u00e9chapper vers d&rsquo;autres pens\u00e9es et pr\u00e9occupations. Elles viendront bien assez t\u00f4t, rien que me nourrir de la musique.<br \/>\n<\/span><\/p>\n<p><span style=\"color: #777777; font-family: Arial;\">Christophe Andr\u00e9 cite Montaigne&nbsp;:<br \/>\n<\/span><\/p>\n<p style=\"margin-left: 28pt;\"><span style=\"color: #c00000; font-family: Arial;\">\u00ab&nbsp;Quand je danse, je danse; quand je dors, je dors ; et quand je me prom\u00e8ne solitairement en un beau verger, si mes pens\u00e9es se sont entretenues des occurrences \u00e9trang\u00e8res quelque partie du temps, quelque autre partie je les ram\u00e8ne \u00e0 la promenade, au verger, \u00e0 la douceur de cette solitude et \u00e0 moi.&nbsp;\u00bb<br \/>\n<\/span><\/p>\n<p><span style=\"color: #777777; font-family: Arial;\">Il commence le chapitre consacr\u00e9 \u00e0 \u00ab&nbsp;Rien que&nbsp;\u00bb de la mani\u00e8re suivante&nbsp;:<br \/>\n<\/span><\/p>\n<p style=\"margin-left: 28pt;\"><span style=\"color: #c00000; font-family: Arial;\">\u00ab&nbsp;Il y a une imposture contemporaine qui m&rsquo;agace, c&rsquo;est celle du cerveau multit\u00e2che. Certains vendeurs d&rsquo;\u00e9crans voudraient nous faire croire que dans notre nouvel environnement tr\u00e8s sollicitant (\u00e9crans et t\u00e9l\u00e9phones, multiconnexion et musique \u00e0 flots), notre cerveau aurait \u00e9volu\u00e9 et serait capable de faire plusieurs choses en m\u00eame temps&nbsp;: travailler ou lire en \u00e9coutant la radio, t\u00e9l\u00e9phoner en conduisant, etc.<br \/>\n<\/span><\/p>\n<p style=\"margin-left: 28pt;\"><span style=\"color: #c00000; font-family: Arial;\">Cela arrivera peut-\u00eatre un jour, dans quelques dizaines de milliers d&rsquo;ann\u00e9es. En attendant, \u00e7a ne fonctionne pas&nbsp;: chaque fois que nous faisons deux choses en m\u00eame temps, d&rsquo;une part, nous les faisons moins bien et d&rsquo;autre part, cela nous fatigue et nous stresse. L&rsquo;\u00e9quation est simple&nbsp;: multit\u00e2che = risque d&rsquo;erreur + risque de stress.<br \/>\n<\/span><\/p>\n<p style=\"margin-left: 28pt;\"><span style=\"color: #c00000; font-family: Arial;\">C&rsquo;est sans doute pour cela que de tout temps, les sages, comme Montaigne, comme les ma\u00eetres orientaux, ont encourag\u00e9 la pratique r\u00e9guli\u00e8re du \u00ab rien que \u00bb : rien que manger, rien que marcher, rien que lire, rien que conduire\u2026<br \/>\n<\/span><\/p>\n<p style=\"margin-left: 28pt;\"><span style=\"color: #c00000; font-family: Arial;\">Malgr\u00e9 les apparences, le \u00ab rien que \u00bb est difficile : nous avons souvent la tentation de faire plusieurs choses en m\u00eame temps : manger en lisant, parcourir ses mails en t\u00e9l\u00e9phonant ou de faire quelque chose en pensant \u00e0 autre chose&nbsp;:prendre sa douche en pensant \u00e0 sa journ\u00e9e de travail, \u00eatre \u00e0 table en famille en songeant \u00e0 ses soucis. Ainsi, on fait tout en pleine absence et non en pleine conscience. On se fatigue, on commet des erreurs, des oublis\u2026<br \/>\n<\/span><\/p>\n<p><a href=\"http:\/\/www.franceculture.fr\/emissions\/trois-minutes-mediter\/rien-que\" target=\"_blank\" rel=\"noopener noreferrer\"><span style=\"color: blue; font-family: Arial; text-decoration: underline;\">http:\/\/www.franceculture.fr\/emissions\/trois-minutes-mediter\/rien-que<\/span><\/a><\/p>\n","protected":false},"excerpt":{"rendered":"<p>\u00ab Rien que \u00bb Christophe Andr\u00e9, une des \u00e9missions de la s\u00e9rie \u00ab&nbsp;3 Minutes \u00e0 m\u00e9diter&nbsp;\u00bb Toutes les \u00e9missions de cette s\u00e9rie dont j&rsquo;ai parl\u00e9 hier m&rsquo;ont int\u00e9ress\u00e9, mais celle qui a ma pr\u00e9f\u00e9rence est celle que Christophe Andr\u00e9 a<\/p>\n","protected":false},"author":1,"featured_media":0,"comment_status":"open","ping_status":"closed","sticky":false,"template":"","format":"standard","meta":{"footnotes":""},"categories":[1],"tags":[6,13],"class_list":["post-1816","post","type-post","status-publish","format-standard","hentry","category-motdujour","tag-philosophie","tag-sante"],"_links":{"self":[{"href":"https:\/\/lemotdujour.fr\/index.php?rest_route=\/wp\/v2\/posts\/1816","targetHints":{"allow":["GET"]}}],"collection":[{"href":"https:\/\/lemotdujour.fr\/index.php?rest_route=\/wp\/v2\/posts"}],"about":[{"href":"https:\/\/lemotdujour.fr\/index.php?rest_route=\/wp\/v2\/types\/post"}],"author":[{"embeddable":true,"href":"https:\/\/lemotdujour.fr\/index.php?rest_route=\/wp\/v2\/users\/1"}],"replies":[{"embeddable":true,"href":"https:\/\/lemotdujour.fr\/index.php?rest_route=%2Fwp%2Fv2%2Fcomments&post=1816"}],"version-history":[{"count":13,"href":"https:\/\/lemotdujour.fr\/index.php?rest_route=\/wp\/v2\/posts\/1816\/revisions"}],"predecessor-version":[{"id":12201,"href":"https:\/\/lemotdujour.fr\/index.php?rest_route=\/wp\/v2\/posts\/1816\/revisions\/12201"}],"wp:attachment":[{"href":"https:\/\/lemotdujour.fr\/index.php?rest_route=%2Fwp%2Fv2%2Fmedia&parent=1816"}],"wp:term":[{"taxonomy":"category","embeddable":true,"href":"https:\/\/lemotdujour.fr\/index.php?rest_route=%2Fwp%2Fv2%2Fcategories&post=1816"},{"taxonomy":"post_tag","embeddable":true,"href":"https:\/\/lemotdujour.fr\/index.php?rest_route=%2Fwp%2Fv2%2Ftags&post=1816"}],"curies":[{"name":"wp","href":"https:\/\/api.w.org\/{rel}","templated":true}]}}