{"id":1807,"date":"2017-05-15T04:30:07","date_gmt":"2017-05-15T02:30:07","guid":{"rendered":"http:\/\/lemotdujour.fr\/?p=1807"},"modified":"2021-09-29T10:32:00","modified_gmt":"2021-09-29T08:32:00","slug":"le-mot-du-jour-du-15-mai-2017","status":"publish","type":"post","link":"https:\/\/lemotdujour.fr\/?p=1807","title":{"rendered":"Lundi 15 mai 2017"},"content":{"rendered":"<div class=\"mdjTexte\">\t\u00abLa m\u00e9ditation en pleine conscience&nbsp;\u00bb<\/div>\n<div class=\"mdjAuteur\">\tChristophe Andr\u00e9<\/div>\n<p><span style=\"color: #808080; font-family: Arial;\">Les 12 derniers mots du jour concernaient la politique, avec simplement une respiration le lendemain du d\u00e9bat calamiteux du second tour de la pr\u00e9sidentielle avec le po\u00e8me d&rsquo;Eluard \u00ab<span style=\"color: #0000ff;\"><a style=\"color: #0000ff;\" href=\"https:\/\/lemotdujour.fr\/?p=526\">Et un sourire<\/a><\/span>&nbsp;\u00bb.<br \/>\n<\/span><\/p>\n<p><span style=\"color: #808080; font-family: Arial;\">La p\u00e9riode est particuli\u00e8re, il est vrai.<br \/>\n<\/span><\/p>\n<p><span style=\"color: #808080; font-family: Arial;\">Mais il me semble qu&rsquo;il faut aussi savoir s&rsquo;extraire des contingences de l&rsquo;actualit\u00e9, prendre du recul, s&rsquo;\u00e9lever peut \u00eatre, en tout cas savoir s&rsquo;extraire de la pression du quotidien.<br \/>\n<\/span><\/p>\n<p><span style=\"color: #808080; font-family: Arial;\">L&rsquo;\u00e9t\u00e9 dernier, Christophe Andr\u00e9&nbsp; avait, sur France Culture, fait chaque jour une \u00e9mission qu&rsquo;il a appel\u00e9 <strong>3 minutes \u00e0 m\u00e9diter<\/strong> que j&rsquo;ai \u00e9cout\u00e9e avec beaucoup d&rsquo;int\u00e9r\u00eat et de plaisir. J&rsquo;ai m\u00eame t\u00e9l\u00e9charg\u00e9 toutes ces \u00e9missions et je les ai r\u00e9\u00e9cout\u00e9es avec mon lecteur mp3. Annie a d&rsquo;ailleurs fait de m\u00eame.<br \/>\n<\/span><\/p>\n<p><span style=\"color: #002060; font-family: Arial;\"><span style=\"color: #808080;\">Toutes ces \u00e9missions se trouvent toujours derri\u00e8re ce lien&nbsp;:<\/span> <span style=\"color: #0000ff;\"><a style=\"color: #0000ff;\" href=\"https:\/\/www.franceculture.fr\/emissions\/trois-minutes-mediter\"> https:\/\/www.franceculture.fr\/emissions\/trois-minutes-mediter<\/a><\/span><br \/>\n<\/span><\/p>\n<p><span style=\"color: #808080; font-family: Arial;\">En f\u00e9vrier 2017 <span style=\"color: #0000ff;\"><a style=\"color: #0000ff;\" href=\"http:\/\/www.fnac.com\/livre-numerique\/a10353034\/Christophe-Andre-Trois-minutes-a-mediter\">un livre<\/a><\/span> reprenant ces \u00e9missions a \u00e9t\u00e9 publi\u00e9 avec quelques ajouts et un CD reprenant l&rsquo;ensemble de ces \u00e9missions.<br \/>\n<\/span><\/p>\n<p><span style=\"color: #808080; font-family: Arial;\">L&rsquo;expression \u00ab&nbsp;La m\u00e9ditation en pleine conscience&nbsp;\u00bb n&rsquo;a pas \u00e9t\u00e9 invent\u00e9e par Christophe Andr\u00e9 qui n&rsquo;a pas non plus invent\u00e9 cette pratique.<br \/>\n<\/span><\/p>\n<p><span style=\"color: #002060; font-family: Arial;\"><span style=\"color: #808080;\">En introduction de son livre il \u00e9crit&nbsp;:<\/span><br \/>\n<\/span><\/p>\n<p style=\"margin-left: 28pt;\"><span style=\"color: #c00000; font-family: Arial;\">La m\u00e9ditation est une pratique tr\u00e8s ancienne. Voil\u00e0 plus de 1500 ans que l&rsquo;on m\u00e9dite, en Orient comme en Occident. Aujourd&rsquo;hui, elle conna\u00eet un engouement qui tient \u00e0 plusieurs facteurs&nbsp;: nous disposons de m\u00e9thodes de m\u00e9ditation la\u00efques (pas besoin d&#8217;embrasser telle ou telle religion pour la pratiquer), faciles d&rsquo;acc\u00e8s (on peut s&rsquo;y initier en huit semaines environ, sans qu&rsquo;il s&rsquo;agisse d&rsquo;une approche au rabais) et dont les b\u00e9n\u00e9fices ont \u00e9t\u00e9 confirm\u00e9s par de nombreuses \u00e9tudes scientifiques&nbsp;\u00bb.<br \/>\n<\/span><\/p>\n<p><span style=\"color: #002060; font-family: Arial;\"><span style=\"color: #808080;\">Il explique son itin\u00e9raire personnel qui l&rsquo;a conduit \u00e0 la m\u00e9ditation&nbsp;:<\/span><br \/>\n<\/span><\/p>\n<p style=\"margin-left: 28pt;\"><span style=\"color: #c00000; font-family: Arial;\">\u00ab&nbsp;Je suis m\u00e9decin psychiatre, sp\u00e9cialiste des troubles \u00e9motionnels, c&rsquo;est-\u00e0-dire es maladies li\u00e9es au stress, \u00e0 l&rsquo;anxi\u00e9t\u00e9, \u00e0 la d\u00e9pression.<br \/>\n<\/span><\/p>\n<p style=\"margin-left: 28pt;\"><span style=\"color: #c00000; font-family: Arial;\">Je me suis d&rsquo;abord orient\u00e9 vers leur traitement, par les m\u00e9dicaments, et, surtout, par les th\u00e9rapies cognitives et comportementales, qui consistent \u00e0 associer des mises en situation concr\u00e8tes aux discussions avec le th\u00e9rapeute.<br \/>\n<\/span><\/p>\n<p style=\"margin-left: 28pt;\"><span style=\"color: #c00000; font-family: Arial;\">Puis je me suis peu \u00e0 peu int\u00e9ress\u00e9 \u00e0 la pr\u00e9vention de leurs rechutes, car dans ces troubles \u00e9motionnels, les r\u00e9currences sont, h\u00e9las, tr\u00e8s fr\u00e9quentes : les patients doivent apprendre \u00e0 r\u00e9guler leurs \u00e9motions durant toute leur existence, c&rsquo;est-\u00e0-dire \u00e0 introduire dans leur quotidien des modifications durables de mode de vie, de nouvelles habitudes, de nouvelles fa\u00e7ons de vivre. Cela concerne l&rsquo;alimentation, l&rsquo;exercice physique, mais aussi leur style psychologique : leur fa\u00e7on de voir le monde, de traverser leurs \u00e9motions, de rencontrer les moments de bonheur et les moments d&rsquo;adversit\u00e9. C&rsquo;est dans ce cadre que j&rsquo;ai commenc\u00e9 \u00e0 utiliser la m\u00e9ditation de pleine conscience avec mes patients.<br \/>\n<\/span><\/p>\n<p style=\"margin-left: 28pt;\"><span style=\"color: #c00000; font-family: Arial;\">Une pr\u00e9cision importante : la pleine conscience est la m\u00e9thode de m\u00e9ditation que nous utilisons aujourd&rsquo;hui dans le monde des soins. Elle est d&rsquo;origine bouddhiste mais a \u00e9t\u00e9 modifi\u00e9e et la\u00efcis\u00e9e pour \u00eatre utilis\u00e9e dans des contextes de soins (je n&rsquo;ai rien contre le bouddhisme, au contraire, mais nous n&rsquo;utilisons tout simplement pas d&rsquo;approche religieuse pour soigner).&nbsp;[\u2026]<br \/>\n<\/span><\/p>\n<p style=\"margin-left: 28pt;\"><span style=\"color: #c00000; font-family: Arial;\">\u00c0 titre personnel, la m\u00e9ditation a jou\u00e9 un r\u00f4le tr\u00e8s important dans ma vie. Si je vous en parle, c&rsquo;est parce que mon histoire, me semble-t-il, est proche de celle de beaucoup d&rsquo;autres personnes. J&rsquo;avais peut-\u00eatre quelques facilit\u00e9s : j&rsquo;\u00e9tais un enfant contemplatif, avec le go\u00fbt du silence et de la solitude. Mais en grandissant, j&rsquo;ai oubli\u00e9 cette dimension, pris par les rythmes et habitudes de la vie adulte : agir et r\u00e9a gir, s&rsquo;agiter et entreprendre. Puis j&rsquo;ai travers\u00e9 un drame personnel. Car l&rsquo;on vient rarement \u00e0 la m\u00e9ditation par hasard ou par simple curiosit\u00e9. Il y a toujours en amont des souffrances \u00e0 all\u00e9ger, des probl\u00e8mes \u00e0 r\u00e9soudre. Je me souviens d&rsquo;une coll\u00e8gue qui, lors d&rsquo;un s\u00e9minaire, demandait : \u00ab Y a-t-il quelqu&rsquo;un, ici, qui n&rsquo;a aucun probl\u00e8me, aucune souffrance ? \u00bb Personne ne l\u00e8ve le doigt, bien s\u00fbr. Puis elle relance le public : \u00ab Et parmi celles et ceux qui ont des probl\u00e8mes, qui pr\u00e9f\u00e8re les garder tels quels plut\u00f4t que les all\u00e9ger ou les r\u00e9soudre ? \u00bb Pas davantage de doigts lev\u00e9s. Chaque humain conna\u00eet la souffrance, et chaque humain souhaite en \u00eatre soulag\u00e9. Un drame personnel, donc : la mort de mon meilleur ami dans mes bras, apr\u00e8s un accident de moto. Choqu\u00e9, j&rsquo;ai pris refuge dans un monast\u00e8re pr\u00e8s de Toulouse, dont m&rsquo;avaient parl\u00e9 plusieurs de mes patients, qui allaient s&rsquo;y retirer pour s&rsquo;apaiser. J&rsquo;y ai d\u00e9couvert la vie contemplative, le recueillement, le silence, l&rsquo;oraison. Je me souviens que ce n&rsquo;\u00e9tait pas \u00e9vident au d\u00e9but ; j&rsquo;avais perdu l&rsquo;habitude de ne rien faire et de ne pas fuir mes \u00e9preuves dans l&rsquo;action ou la distraction. J&rsquo;\u00e9tais dans une situation personnelle douloureuse, j&rsquo;arrivais avec des tas de souffrances. Les premiers jours, je me confrontais \u00e0 des mont\u00e9es d&rsquo;angoisse et de d\u00e9tresse, des doutes sur ce que ma pr\u00e9sence ici pouvait m&rsquo;apporter. Exactement ce que vivent beaucoup de nos patients, lors des premi\u00e8res sessions de m\u00e9ditation&#8230; Puis en pers\u00e9v\u00e9rant, cela s&rsquo;est doucement d\u00e9cant\u00e9. J&rsquo;ai fait l&rsquo;exp\u00e9rience d&rsquo;une transformation int\u00e9rieure, alors qu&rsquo;\u00e0 l&rsquo;ext\u00e9rieur, le monde n&rsquo;avait pas chang\u00e9 : c&rsquo;est moi, mon regard, qui s&rsquo;\u00e9taient modifi\u00e9s. Je suis sorti du monast\u00e8re avec le pressentiment que j&rsquo;avais v\u00e9cu quelque chose d&rsquo;important qui allait m&rsquo;\u00eatre pr\u00e9cieux, et vital. [\u2026]la m\u00e9ditation est sans doute l&rsquo;outil psychologique qui m&rsquo;a apport\u00e9 le plus sur un plan personnel. Elle m&rsquo;offre par exemple une tr\u00e8s grande aide dans les moments de d\u00e9tresse \u00e9motionnelle : ils sont d\u00e9sormais moins intenses, moins durables. De sorte que je sais mieux affronter les mauvais passages et l&rsquo;adversit\u00e9. Elle m&rsquo;a aussi apport\u00e9 une aptitude \u00e0 mieux savourer les bons moments, \u00e0 comprendre qu&rsquo;il ne suffit pas que les sources de bonheur possible soient l\u00e0, mais qu&rsquo;il faut leur ouvrir son esprit, leur accorder de l&rsquo;attention, leur ouvrir son c\u0153ur. Qu&rsquo;il ne faut pas se contenter de regarder le ciel ou une fleur en passant, mais s&rsquo;arr\u00eater, ne serait-ce que quelques secondes, respirer, savourer l&rsquo;instant que nous vivons&#8230; \u00bb<br \/>\n<\/span><\/p>\n<p><span style=\"color: #808080; font-family: Arial;\">Et pour commencer, la premi\u00e8re \u00e9mission comme le premier chapitre de son livre s&rsquo;intitule&nbsp;: &lt;<a style=\"color: #808080;\" href=\"https:\/\/www.franceculture.fr\/emissions\/trois-minutes-mediter\/le-souffle\">Le souffle<\/a>&gt;<br \/>\n<\/span><\/p>\n<p><span style=\"color: #808080; font-family: Arial;\">Car la premi\u00e8re \u00e9tape est de se centrer sur sa respiration, respiration par le nez non par la bouche. Il s&rsquo;agit du moyen le plus puissant pour se connecter \u00e0 l&rsquo;instant pr\u00e9sent.<br \/>\n<\/span><\/p>\n<p><span style=\"color: #808080; font-family: Arial;\">Respirer profond\u00e9ment et se concentrer sur ce souffle qui r\u00e9v\u00e8le que nous sommes en vie et qui va nous permettre, en \u00e9tant attentif, \u00e0 la fois de prendre conscience de notre corps, de notre environnement et de l&rsquo;instant pr\u00e9sent.<br \/>\n<\/span><\/p>\n<p><span style=\"color: #002060; font-family: Arial;\"><span style=\"color: #808080;\">En exergue de ce chapitre il cite Lamartine&nbsp;:<\/span> \u00ab&nbsp;<span style=\"color: #c00000;\">Je chantais, mes amis, comme l&rsquo;homme respire, Comme l&rsquo;oiseau g\u00e9mit, comme le vent soupire (\u2026)&nbsp;<span style=\"color: #002060;\">\u00bb<br \/>\n<\/span><\/span><\/span><\/p>\n<p><span style=\"color: #002060; font-family: Arial;\"><span style=\"color: #808080;\">Je ne peux que vous conseiller d&rsquo;essayer comme l&rsquo;\u00e9crit Christophe Andr\u00e9&nbsp;:<\/span> \u00ab&nbsp;<span style=\"color: #c00000;\">Prendre plusieurs fois dans la journ\u00e9e le temps de respirer, seulement respirer, en pleine conscience, pendant deux ou trois minutes&#8230;&nbsp;<span style=\"color: #002060;\">\u00bb<\/span><\/span><\/span><\/p>\n","protected":false},"excerpt":{"rendered":"<p>\u00abLa m\u00e9ditation en pleine conscience&nbsp;\u00bb Christophe Andr\u00e9 Les 12 derniers mots du jour concernaient la politique, avec simplement une respiration le lendemain du d\u00e9bat calamiteux du second tour de la pr\u00e9sidentielle avec le po\u00e8me d&rsquo;Eluard \u00abEt un sourire&nbsp;\u00bb. La p\u00e9riode<\/p>\n","protected":false},"author":1,"featured_media":0,"comment_status":"open","ping_status":"closed","sticky":false,"template":"","format":"standard","meta":{"footnotes":""},"categories":[1],"tags":[6,13],"class_list":["post-1807","post","type-post","status-publish","format-standard","hentry","category-motdujour","tag-philosophie","tag-sante"],"_links":{"self":[{"href":"https:\/\/lemotdujour.fr\/index.php?rest_route=\/wp\/v2\/posts\/1807","targetHints":{"allow":["GET"]}}],"collection":[{"href":"https:\/\/lemotdujour.fr\/index.php?rest_route=\/wp\/v2\/posts"}],"about":[{"href":"https:\/\/lemotdujour.fr\/index.php?rest_route=\/wp\/v2\/types\/post"}],"author":[{"embeddable":true,"href":"https:\/\/lemotdujour.fr\/index.php?rest_route=\/wp\/v2\/users\/1"}],"replies":[{"embeddable":true,"href":"https:\/\/lemotdujour.fr\/index.php?rest_route=%2Fwp%2Fv2%2Fcomments&post=1807"}],"version-history":[{"count":8,"href":"https:\/\/lemotdujour.fr\/index.php?rest_route=\/wp\/v2\/posts\/1807\/revisions"}],"predecessor-version":[{"id":12208,"href":"https:\/\/lemotdujour.fr\/index.php?rest_route=\/wp\/v2\/posts\/1807\/revisions\/12208"}],"wp:attachment":[{"href":"https:\/\/lemotdujour.fr\/index.php?rest_route=%2Fwp%2Fv2%2Fmedia&parent=1807"}],"wp:term":[{"taxonomy":"category","embeddable":true,"href":"https:\/\/lemotdujour.fr\/index.php?rest_route=%2Fwp%2Fv2%2Fcategories&post=1807"},{"taxonomy":"post_tag","embeddable":true,"href":"https:\/\/lemotdujour.fr\/index.php?rest_route=%2Fwp%2Fv2%2Ftags&post=1807"}],"curies":[{"name":"wp","href":"https:\/\/api.w.org\/{rel}","templated":true}]}}