{"id":1745,"date":"2017-05-09T21:52:00","date_gmt":"2017-05-09T19:52:00","guid":{"rendered":"http:\/\/lemotdujour.fr\/?p=1745"},"modified":"2021-09-28T21:26:41","modified_gmt":"2021-09-28T19:26:41","slug":"__trashed","status":"publish","type":"post","link":"https:\/\/lemotdujour.fr\/?p=1745","title":{"rendered":"Mardi 9 mai 2017"},"content":{"rendered":"<div class=\"mdjTexte\">\t\u00ab&nbsp;Tu te sens tr\u00e8s vieux le jour o\u00f9 tu t\u2019aper\u00e7ois que le pr\u00e9sident de la R\u00e9publique a 20 ans de moins que toi&nbsp;\u00bb<\/div>\n<div class=\"mdjAuteur\">\tR\u00e9flexions personnelles apr\u00e8s l\u2019\u00e9lection de dimanche<\/div>\n<p><span style=\"color: #808080; font-family: Arial;\">La premi\u00e8re fois que j&rsquo;ai eu conscience de la politique c&rsquo;\u00e9tait en 1969, j&rsquo;\u00e9tais un tr\u00e8s jeune enfant, et les fran\u00e7ais avaient \u00e9lu Georges Pompidou qui \u00e9videmment m&rsquo;apparaissait tr\u00e8s vieux.<br \/>\n<\/span><\/p>\n<p><span style=\"color: #808080; font-family: Arial;\">En 1974, j&rsquo;avais 16 ans et je n&rsquo;avais pas le droit de vote mais je me suis tr\u00e8s int\u00e9ress\u00e9 \u00e0 cette bataille \u00e9lectorale.<br \/>\n<\/span><\/p>\n<p><span style=\"color: #808080; font-family: Arial;\">A partir de 1974, jusqu&rsquo;en 2007, c&rsquo;est-\u00e0-dire 33 ans, donc pour l&rsquo;instant plus de la moiti\u00e9 de ma vie, la Pr\u00e9sidence de la R\u00e9publique a \u00e9t\u00e9 accapar\u00e9e par 3 hommes Giscard d&rsquo;Estaing n\u00e9 en 1926, Mitterrand n\u00e9 en 1916 et Chirac n\u00e9 en 1932.<br \/>\n<\/span><\/p>\n<p><span style=\"color: #808080; font-family: Arial;\">M\u00eame si Giscard est arriv\u00e9 au pouvoir jeune, \u00e0 48 ans, il \u00e9tait beaucoup plus vieux que moi. Le plus jeune des 3 avait 26 ans de plus que moi.<br \/>\n<\/span><\/p>\n<p><span style=\"color: #808080; font-family: Arial;\">Mitterrand et Chirac, lors des grandes c\u00e9r\u00e9monies mondiales \u00e9taient souvent les vieux de ces ar\u00e9opages.<br \/>\n<\/span><\/p>\n<p><span style=\"color: #808080; font-family: Arial;\">En 2007 et 2012, les \u00e9lus devenaient davantage mes contemporains, Sarkozy \u00e9tait n\u00e9 3 ans avant moi et Hollande 4 ans.<br \/>\n<\/span><\/p>\n<p><span style=\"color: #808080; font-family: Arial;\">Tout ceci \u00e9tait fort raisonnable, je ne m&rsquo;attendais donc pas en 2017 \u00e0 une telle rupture g\u00e9n\u00e9rationnelle.<br \/>\n<\/span><\/p>\n<p><span style=\"color: #808080; font-family: Arial;\">D&rsquo;ailleurs Emmanuel Macron, sera le benjamin lors du prochain G20.<br \/>\n<\/span><\/p>\n<p><span style=\"color: #808080; font-family: Arial;\">Les politiques fran\u00e7ais ne m&rsquo;avaient pas pr\u00e9par\u00e9 \u00e0 un tel choc, et le monde n&rsquo;\u00e9tait pas habitu\u00e9 que la France puisse appara\u00eetre aussi jeune.<br \/>\n<\/span><\/p>\n<p><span style=\"color: #808080; font-family: Arial;\">Jusqu&rsquo;\u00e0 pr\u00e9sent c&rsquo;\u00e9tait eux qui se moquaient de notre incapacit\u00e9 \u00e0 renouveler notre personnel politique.<br \/>\n<\/span><\/p>\n<p><span style=\"color: #808080; font-family: Arial;\">Mais maintenant avec un Pr\u00e9sident de 39 ans, c&rsquo;est la France qui fait rayonner sa jeunesse.<br \/>\n<\/span><\/p>\n<p><span style=\"color: #808080; font-family: Arial;\">Tony Blair est devenu premier ministre anglais \u00e0 44 ans, comme David Cameron.<br \/>\n<\/span><\/p>\n<p><span style=\"color: #808080; font-family: Arial;\">Comme Jos\u00e9 Zapatero, premier ministre espagnol \u00e0 44 ans, battu par son pr\u00e9d\u00e9cesseur Jos\u00e9 Maria Aznar 43 ans.<br \/>\n<\/span><\/p>\n<p><span style=\"color: #808080; font-family: Arial;\">Le premier ministre canadien Justin Trudeau l&rsquo;est devenu \u00e0 44 ans aussi.<br \/>\n<\/span><\/p>\n<p><span style=\"color: #808080; font-family: Arial;\">Et c&rsquo;est finalement en Italie qu&rsquo;on trouve Matteo Renzi qui \u00e9tait devenu premier ministre \u00e0 39 ans.<br \/>\n<\/span><\/p>\n<p><span style=\"color: #808080; font-family: Arial;\">Mais maintenant la France peut dire, nous avons \u00e9lu un pr\u00e9sident de 39 ans.<br \/>\n<\/span><\/p>\n<p><span style=\"color: #808080; font-family: Arial;\">Sa jeunesse est un atout, il peut certainement mieux comprendre le monde du XXI\u00e8me si\u00e8cle que ceux qui sont rest\u00e9s dans leurs sch\u00e9mas du XX\u00e8me si\u00e8cle !<br \/>\n<\/span><\/p>\n<p><span style=\"color: #808080; font-family: Arial;\">Saura t&rsquo;il pour autant trouver les voies pour r\u00e9concilier les fran\u00e7ais et faire \u00e9voluer l&rsquo;Europe dans le sens de la protection de ses habitants&nbsp;?<br \/>\n<\/span><\/p>\n<p><span style=\"color: navy; font-family: Arial;\"><span style=\"color: #808080;\">Ce sont des d\u00e9fis \u00e9normes, il faut bien l&rsquo;enthousiasme et l&rsquo;\u00e9nergie d&rsquo;un jeune homme brillant et cultiv\u00e9 de 39 ans pour esp\u00e9rer s&rsquo;approcher de ces objectifs.<\/span><br \/>\n<\/span><\/p>\n","protected":false},"excerpt":{"rendered":"<p>\u00ab&nbsp;Tu te sens tr\u00e8s vieux le jour o\u00f9 tu t\u2019aper\u00e7ois que le pr\u00e9sident de la R\u00e9publique a 20 ans de moins que toi&nbsp;\u00bb R\u00e9flexions personnelles apr\u00e8s l\u2019\u00e9lection de dimanche La premi\u00e8re fois que j&rsquo;ai eu conscience de la politique c&rsquo;\u00e9tait<\/p>\n","protected":false},"author":1,"featured_media":0,"comment_status":"open","ping_status":"closed","sticky":false,"template":"","format":"standard","meta":{"footnotes":""},"categories":[1],"tags":[3,4],"class_list":["post-1745","post","type-post","status-publish","format-standard","hentry","category-motdujour","tag-politique","tag-presidentielle-2017"],"_links":{"self":[{"href":"https:\/\/lemotdujour.fr\/index.php?rest_route=\/wp\/v2\/posts\/1745","targetHints":{"allow":["GET"]}}],"collection":[{"href":"https:\/\/lemotdujour.fr\/index.php?rest_route=\/wp\/v2\/posts"}],"about":[{"href":"https:\/\/lemotdujour.fr\/index.php?rest_route=\/wp\/v2\/types\/post"}],"author":[{"embeddable":true,"href":"https:\/\/lemotdujour.fr\/index.php?rest_route=\/wp\/v2\/users\/1"}],"replies":[{"embeddable":true,"href":"https:\/\/lemotdujour.fr\/index.php?rest_route=%2Fwp%2Fv2%2Fcomments&post=1745"}],"version-history":[{"count":11,"href":"https:\/\/lemotdujour.fr\/index.php?rest_route=\/wp\/v2\/posts\/1745\/revisions"}],"predecessor-version":[{"id":12202,"href":"https:\/\/lemotdujour.fr\/index.php?rest_route=\/wp\/v2\/posts\/1745\/revisions\/12202"}],"wp:attachment":[{"href":"https:\/\/lemotdujour.fr\/index.php?rest_route=%2Fwp%2Fv2%2Fmedia&parent=1745"}],"wp:term":[{"taxonomy":"category","embeddable":true,"href":"https:\/\/lemotdujour.fr\/index.php?rest_route=%2Fwp%2Fv2%2Fcategories&post=1745"},{"taxonomy":"post_tag","embeddable":true,"href":"https:\/\/lemotdujour.fr\/index.php?rest_route=%2Fwp%2Fv2%2Ftags&post=1745"}],"curies":[{"name":"wp","href":"https:\/\/api.w.org\/{rel}","templated":true}]}}