{"id":1718,"date":"2016-05-11T02:00:00","date_gmt":"2016-05-10T22:00:00","guid":{"rendered":"http:\/\/lemotdujour.fr\/?p=1718"},"modified":"2017-05-08T13:43:38","modified_gmt":"2017-05-08T11:43:38","slug":"mercredi-11-mai-2016","status":"publish","type":"post","link":"https:\/\/lemotdujour.fr\/?p=1718","title":{"rendered":"Mercredi 11 mai 2016"},"content":{"rendered":"<div class=\"mdjDate\">Mercredi 11 mai 2016<\/div>\n<div class=\"mdjTexte\">\u00abQue fait l&rsquo;abeille ?<br \/>Elle fait du miel ? Mais fondamentalement on s&rsquo;en fiche !<br \/>L\u2019abeille, elle pollinise\u00a0!\u00bb<\/div>\n<div class=\"mdjAuteur\">Yann Moulier Boutang<\/div>\n<div class=\"mdjComplements\">Vous lisez ce matin le 700\u00e8me mot du jour.<\/div>\n<div class=\"mdjComplements\">Pour chaque centaine, j&rsquo;essaye de m&rsquo;\u00e9chapper un\u00a0 peu des contingences de l&rsquo;actualit\u00e9 pour d\u00e9voiler une r\u00e9flexion plus profonde et plus universelle.<\/div>\n<div class=\"mdjComplements\">Si je puise une partie de l&rsquo;inspiration de ces billets quotidiens dans mon butinage sur Internet, mes lectures de livres et ma culture pass\u00e9e ou pr\u00e9sente, l&rsquo;essentiel de ma mati\u00e8re premi\u00e8re est constitu\u00e9 de podcast, c&rsquo;est \u00e0 dire des \u00e9missions radios ou des conf\u00e9rences que j&rsquo;\u00e9coute le plus fr\u00e9quemment avec un lecteur de mp3, le plus souvent possible en marchant.<\/div>\n<div class=\"mdjComplements\">La plupart, je les \u00e9coute puis je les efface.<\/div>\n<div class=\"mdjComplements\">Et puis, il y a certains enregistrements que je conserve sur un disque dur. Depuis 2009, j&rsquo;en ai conserv\u00e9 plus de 2000.<\/div>\n<div class=\"mdjComplements\">Une des toutes premi\u00e8res conf\u00e9rences qui m&rsquo;a incit\u00e9 \u00e0 adopter cette pratique est une conf\u00e9rence du mercredi 4 f\u00e9vrier 2009, o\u00f9 l&rsquo;\u00e9conomiste Yann Moulier Boutang a pr\u00e9sent\u00e9 un de ses livres \u00e0 la<a href=\"http:\/\/www.mollat.com\/\"> librairie Mollat <\/a>de Bordeaux.<\/div>\n<div class=\"mdjComplements\">J&rsquo;ai pu constater que cette conf\u00e9rence \u00e9tait encore en ligne :<a href=\"http:\/\/www.mollat.com\/audio\/090204MOULIERBOUTANGpad.mp3\"> http:\/\/www.mollat.com\/audio\/090204MOULIERBOUTANGpad.mp3<\/a><\/div>\n<div class=\"mdjComplements\">Dans cette conf\u00e9rence, il a eu ce d\u00e9veloppement qui est un des moments d&rsquo;intelligence dont je me souviendrai toujours : <\/div>\n<div class=\"mdjCiter\">\u00ab\u00a0Je vais vous parler des abeilles.<\/div>\n<div class=\"mdjCiter\">Qu\u2019est-ce que fait l\u2019abeille\u00a0?<\/div>\n<div class=\"mdjCiter\">L\u2019\u00e9conomie politique qui s\u2019int\u00e9resse aux produits, aux produits vendables, vous r\u00e9pond : l\u2019abeille produit du miel.<\/div>\n<div class=\"mdjCiter\">L\u2019apiculteur va remplacer l\u2019essaim sauvage o\u00f9 l\u2019abeille produit du miel, pour elle-m\u00eame et pour ses larves, par des ruches avec des rayons.<\/div>\n<div class=\"mdjCiter\">Puis il va subtiliser le miel des rayons, car l\u2019abeille ne produit pas naturellement du miel pour les humains. Et en lui retirant le miel des rayons, l&rsquo;abeille va produire, produire et encore produire du miel.<\/div>\n<div class=\"mdjCiter\">On va lui laisser juste ce qu\u2019il faut pour se reproduire, elle et ses larves, et le surplus sera appropri\u00e9 par l\u2019apiculteur.<\/div>\n<div class=\"mdjCiter\">Cela ne vous rappelle rien\u00a0?<\/div>\n<div class=\"mdjCiter\">Moi \u00e7a me rappelle<a href=\"https:\/\/fr.wikipedia.org\/wiki\/Plus-value_%28marxisme%29\"> la plus-value ou la survaleur<\/a> de Marx.<\/div>\n<div class=\"mdjCiter\">Mais maintenant que fait vraiment l\u2019abeille maintenant que nous savons un peu plus de complexit\u00e9.<\/div>\n<div class=\"mdjCiter\">Eh bien fondamentalement, je vais vous dire : le miel on s\u2019en fiche\u00a0!<\/div>\n<div class=\"mdjCiter\">L\u2019abeille, elle pollinise\u00a0!<\/div>\n<div class=\"mdjCiter\">Et Einstein disait, un monde o\u00f9 les abeilles auront disparu ne laissera que 4 \u00e0 5 ans de survie \u00e0 l\u2019esp\u00e8ce humaine.\u00a0<a href=\"http:\/\/www.abeillesentinelle.net\/abeille\/les-abeilles-en-danger.html\">[Cette disparition est d&rsquo;ailleurs une question d&rsquo;actualit\u00e9]<\/a><\/div>\n<div class=\"mdjCiter\">L\u2019abeille pollinise, cela veut dire que 80 % de la production agro-alimentaire en terme de l\u00e9gumes et de fruits est produite gr\u00e2ce aux abeilles.<\/div>\n<div class=\"mdjCiter\">Il faut aussi rajouter des choses comme le tournesol pour lequel la pollinisation de l\u2019abeille prend la plus grande part.<\/div>\n<div class=\"mdjCiter\">L\u2019abeille pollinise\u00a0!<\/div>\n<div class=\"mdjCiter\">Nous pouvons mesurer, puisqu\u2019un \u00e9conomiste doit pouvoir mesurer des quantit\u00e9s et des prix, l\u2019impact des abeilles. Si l\u2019on prend les \u00c9tats-Unis d\u2019Am\u00e9rique, si vous faites l\u2019hypoth\u00e8se qu\u2019il n\u2019y a plus de pollinisation, vous pouvez compter entre 30 et 35 milliards de dollars par an, qui disparaissent. Et je ne parle m\u00eame pas de la flore, des parcs sauvages, je parle simplement de la production agricole.\u00a0<a href=\"http:\/\/www.sciencesetavenir.fr\/sante\/20150716.OBS2673\/la-disparition-des-abeilles-pourrait-causer-des-millions-de-morts.html\">[Lire aussi cet article de Sciences et avenir sur la disparition des abeilles et ses cons\u00e9quences]<\/a><\/div>\n<div class=\"mdjCiter\">Donc qu\u2019est-ce que produit l\u2019abeille, en termes de valeur \u00e9conomique ?<\/div>\n<div class=\"mdjCiter\">D\u2019un c\u00f4t\u00e9 elle produit aux \u00c9tats-Unis pour 100 millions de dollars de miel et de l\u2019autre c\u00f4t\u00e9 elle participe \u00e0 la production d\u2019une valeur entre 30 et 35 milliards de dollars. <\/div>\n<div class=\"mdjCiter\">En cons\u00e9quence, ce que fait fondamentalement l\u2019abeille du point de vue \u00e9conomique, au niveau de l\u2019\u00e9cosyst\u00e8me elle produit 350 fois plus que le miel, en valeur.<\/div>\n<div class=\"mdjCiter\">Voil\u00e0 les proportions.<\/div>\n<div class=\"mdjCiter\">D\u2019un c\u00f4t\u00e9 il y a ce qui est calcul\u00e9 par un output marchand, simple, clair : l\u2019abeille produit du miel.<\/div>\n<div class=\"mdjCiter\">Et de l\u2019autre c\u00f4t\u00e9, elle pollinise et nous savons qu&rsquo;on peut se passer de miel, mais on ne peut pas se passer de pollinisation.<\/div>\n<div class=\"mdjCiter\">Nous comprenons donc que l&rsquo;abeille fait du miel pour vivre et se nourrir, mais qu\u2019en vivant, elle circule, elle pollinise et que sa v\u00e9ritable contribution productive, c\u2019est \u00e7a !<\/div>\n<div class=\"mdjCiter\">En tout cas, en terme de valeur, c\u2019est \u00e7a l\u2019\u00e9talon principal.<\/div>\n<div class=\"mdjCiter\">En \u00e9conomie traditionnelle, on voit l\u2019abeille qui consomme et l\u2019abeille qui produit. Un input et un output.<\/div>\n<div class=\"mdjCiter\">Mais, ce qui est fondamental, c\u2019est son r\u00f4le dans la reproduction du vivant et \u00e7a elle le fait m\u00eame sans s\u2019en apercevoir, puisqu\u2019elle fait cela en m\u00eame temps qu\u2019elle consomme, comme un produit \u00a0annexe de sa consommation\u00a0: elle r\u00e9pand le pollen.<\/div>\n<div class=\"mdjCiter\">Le plus important c\u2019est qu\u2019elle circule en se nourrissant, ce n\u2019est pas son travail industrieux dans la ruche ou elle transforme le nectar en miel ou en gel\u00e9e royale.<\/div>\n<div class=\"mdjCiter\">Et ce raisonnement est en terme de valeur, de richesse \u00e9conomique !<\/div>\n<div class=\"mdjCiter\">Retour \u00e0 l\u2019\u00eatre humain.<\/div>\n<div class=\"mdjCiter\">Qu\u2019est-ce que fait l\u2019humain principalement ? Un output marchand \u00e0 partir de marchandise\u00a0?<\/div>\n<div class=\"mdjCiter\">Non\u00a0! il produit essentiellement du vivant \u00e0 partir du vivant.<\/div>\n<div class=\"mdjCiter\">L\u2019humain ne fait pas que se reproduire, il met au monde des enfants mais qu\u2019il \u00e9l\u00e8ve et en cela il cr\u00e9e quelque chose de nouveau\u00a0!<\/div>\n<div class=\"mdjCiter\">Il produit son environnement, il produit des relations, il produit du lien etc.<\/div>\n<div class=\"mdjCiter\">Mais pour des humains, en dehors des sociologues qui faisait de grandes d\u00e9clarations qui disaient \u00ab\u00a0le lien social c\u2019est important\u00a0\u00bb, les assistantes sociales qui disaient \u00ab\u00a0il ne faut pas couper dans les d\u00e9penses publiques\u00a0\u00bb, \u00ab\u00a0il ne faut pas couper dans l\u2019\u00e9ducation parce que c\u2019est la base de la soci\u00e9t\u00e9, parce que c\u2019est la richesse de la soci\u00e9t\u00e9\u00a0\u00bb. Parce que c\u2019est aussi la possibilit\u00e9 pour les entreprises de ne pas avoir des employ\u00e9s qui sont totalement malades ou totalement handicap\u00e9s sur tous les plans.<\/div>\n<div class=\"mdjCiter\">En dehors de cela, ce n\u2019\u00e9tait pas tellement connu et surtout pas des \u00e9conomistes, parce que je peux vous dire que mes confr\u00e8res ont une propension \u00e0 ne pas s\u2019int\u00e9resser \u00e0 la pollinisation et \u00e0 se focaliser sur la production du surplus de miel qui est notoirement connu.\u00a0\u00bb<\/div>\n<div class=\"mdjComplements\">La richesse de cette compr\u00e9hension de ce qui est important me para\u00eet incommensurable.<\/div>\n<div class=\"mdjComplements\">Bien s\u00fbr le miel n&rsquo;est pas indiff\u00e9rent, puisque c&rsquo;est pour produire le miel que l&rsquo;abeille va butiner les fleurs, mais la grande valeur, le grand apport de l&rsquo;abeille c&rsquo;est bien la pollinisation.<\/div>\n<div class=\"mdjComplements\">Je vous laisse \u00e0 cette r\u00e9flexion f\u00e9conde pour l&rsquo;Humanit\u00e9 qui tirerait tous les enseignements de ce constat que contrairement au raisonnement primaire de l&rsquo;\u00e9conomiste et de l&rsquo;\u00e9picier, ce que fait l&rsquo;abeille de plus important c&rsquo;est de polliniser pas de produire du miel.<\/div>\n<div class=\"mdjComplements\">Yann Moulier Boutang a d&rsquo;ailleurs \u00e9crit un livre :\u00a0<a href=\"http:\/\/www.chez-mon-libraire.fr\/livre\/9782355360305-l-abeille-et-l-economiste-yann-moulier-boutang\/\">&lt;L&rsquo;abeille et l&rsquo;\u00e9conomiste&gt;<\/a> <\/div>\n<div class=\"mdjComplements\">Vous pouvez aussi voir cette vid\u00e9o : <a href=\"https:\/\/vimeo.com\/49977836\">https:\/\/vimeo.com\/49977836<\/a>\u200b<\/div>\n<div class=\"mdjComplements\"><a href=\"http:\/\/www.chez-mon-libraire.fr\/livre\/9782354800161-le-capitalisme-cognitif-la-nouvelle-grande-transformation-edition-2008-yann-moulier-boutang\/\">&lt;La conf\u00e9rence que j&rsquo;ai \u00e9voqu\u00e9e dans ce mot, avait \u00e9t\u00e9 organis\u00e9e pour pr\u00e9senter un pr\u00e9c\u00e9dent livre : le capitalisme cognitif&gt;<\/a><\/div>\n<div class=\"mdjComplements\">Et n&rsquo;oublions pas notre r\u00f4le de pollinisateur&#8230;<\/div>\n","protected":false},"excerpt":{"rendered":"<p>Mercredi 11 mai 2016 \u00abQue fait l&rsquo;abeille ?Elle fait du miel ? Mais fondamentalement on s&rsquo;en fiche !L\u2019abeille, elle pollinise\u00a0!\u00bb Yann Moulier Boutang Vous lisez ce matin le 700\u00e8me mot du jour. Pour chaque centaine, j&rsquo;essaye de m&rsquo;\u00e9chapper un\u00a0 peu<\/p>\n","protected":false},"author":1,"featured_media":0,"comment_status":"closed","ping_status":"closed","sticky":false,"template":"","format":"standard","meta":{"footnotes":""},"categories":[1],"tags":[],"class_list":["post-1718","post","type-post","status-publish","format-standard","hentry","category-motdujour"],"_links":{"self":[{"href":"https:\/\/lemotdujour.fr\/index.php?rest_route=\/wp\/v2\/posts\/1718","targetHints":{"allow":["GET"]}}],"collection":[{"href":"https:\/\/lemotdujour.fr\/index.php?rest_route=\/wp\/v2\/posts"}],"about":[{"href":"https:\/\/lemotdujour.fr\/index.php?rest_route=\/wp\/v2\/types\/post"}],"author":[{"embeddable":true,"href":"https:\/\/lemotdujour.fr\/index.php?rest_route=\/wp\/v2\/users\/1"}],"replies":[{"embeddable":true,"href":"https:\/\/lemotdujour.fr\/index.php?rest_route=%2Fwp%2Fv2%2Fcomments&post=1718"}],"version-history":[{"count":1,"href":"https:\/\/lemotdujour.fr\/index.php?rest_route=\/wp\/v2\/posts\/1718\/revisions"}],"predecessor-version":[{"id":1719,"href":"https:\/\/lemotdujour.fr\/index.php?rest_route=\/wp\/v2\/posts\/1718\/revisions\/1719"}],"wp:attachment":[{"href":"https:\/\/lemotdujour.fr\/index.php?rest_route=%2Fwp%2Fv2%2Fmedia&parent=1718"}],"wp:term":[{"taxonomy":"category","embeddable":true,"href":"https:\/\/lemotdujour.fr\/index.php?rest_route=%2Fwp%2Fv2%2Fcategories&post=1718"},{"taxonomy":"post_tag","embeddable":true,"href":"https:\/\/lemotdujour.fr\/index.php?rest_route=%2Fwp%2Fv2%2Ftags&post=1718"}],"curies":[{"name":"wp","href":"https:\/\/api.w.org\/{rel}","templated":true}]}}