{"id":1712,"date":"2016-05-04T02:00:00","date_gmt":"2016-05-03T22:00:00","guid":{"rendered":"http:\/\/lemotdujour.fr\/?p=1712"},"modified":"2017-05-08T13:43:34","modified_gmt":"2017-05-08T11:43:34","slug":"mercredi-4-mai-2016","status":"publish","type":"post","link":"https:\/\/lemotdujour.fr\/?p=1712","title":{"rendered":"Mercredi 4 mai 2016"},"content":{"rendered":"<div class=\"mdjDate\">Mercredi 4 mai 2016<\/div>\n<div class=\"mdjTexte\">\u00abDes pauvres, des cafards et des riches\u00bb<\/div>\n<div class=\"mdjAuteur\">Une histoire racont\u00e9e par Philippe Pujol auteur du livre <a href=\"http:\/\/www.terraeco.net\/La-Fabrique-du-monstre-bijou,64574.html\"><strong>\u00ab<\/strong>la Fabrique du Monstre<strong>\u00bb<\/strong><\/a><\/div>\n<div class=\"mdjComplements\">Philippe Pujol est journaliste, prix Albert Londres 2014, il habite Marseille.<\/div>\n<div class=\"mdjComplements\">Son dernier livre <a href=\"http:\/\/www.quoideneufsurmapile.com\/2016\/02\/la-fabrique-du-monstre-philippe-pujol.html\">\u00abLa fabrique du monstre, 10 ans d&rsquo;immersion dans les quartiers Nord de Marseille, la zone la plus pauvre d&rsquo;Europe\u00bb<strong>\u00a0<\/strong><\/a> il\u00a0 dresse le portrait des quartiers Nord de Marseille, de ses gamins et de leurs familles, en difficult\u00e9, qui pour s&rsquo;en sortir doivent accepter des compromis et des compromissions. Il parle aussi du client\u00e9lisme des responsables politiques, de la pauvret\u00e9, la drogue, la violence sociale.<\/p>\n<p>Je l&rsquo;avais entendu une premi\u00e8re fois parler longuement de son livre dans l&rsquo;\u00e9mission <a href=\"http:\/\/www.franceinter.fr\/emission-un-jour-en-france-quartiers-nord-de-marseille-la-fabrique-du-monstre\">&lt;Un jour en France du 19 janvier 2016&gt;<\/a>. Lors de cette \u00e9mission il a racont\u00e9 une histoire vraie de cafards.<br \/>Plus r\u00e9cemment, il a \u00e9t\u00e9 invit\u00e9 dans un format plus court <a href=\"http:\/\/www.franceinter.fr\/emission-peripheries-rencontre-avec-philippe-pujol-pour-son-livre-la-fabrique-du-monstre\">&lt;P\u00e9riph\u00e9rie du 17 avril 2016&gt;<\/a> et a racont\u00e9 \u00e0 nouveau la m\u00eame histoire.<\/div>\n<div class=\"mdjComplements\">C&rsquo;est une histoire simple et sordide qui raconte une part de la v\u00e9rit\u00e9 du monde tel qu&rsquo;il fonctionne. Ce n&rsquo;est qu&rsquo;une part, car il existe aussi de belles histoires.<\/div>\n<div class=\"mdjComplements\">Philippe Pujol s&rsquo;est donc immerg\u00e9 dans les quartiers Nord de Marseille pendant 10 ans pour \u00e9crire son livre.<\/div>\n<div class=\"mdjComplements\">Un jour, il voit des enfants qui ont l&rsquo;air de jouer. Il s&rsquo;approche et il voit \u00e0 quoi joue ces enfants : ils attrapent des cafards.<\/div>\n<div class=\"mdjComplements\">Il tente de les gronder et menace de le dire \u00e0 leur m\u00e8re. Alors ces enfants rient et appellent leur m\u00e8re.<\/div>\n<div class=\"mdjComplements\">Le journaliste est surpris et la m\u00e8re explique que les enfants attrapent ces cafards et les lui donnent pour qu&rsquo;elle puisse les vendre \u00e0 des gens qui les ach\u00e8tent. Et elle ajoute qu&rsquo;avec l&rsquo;argent re\u00e7u, ils iront manger au Mac Do.<\/div>\n<div class=\"mdjComplements\">Philippe Pujol est un peu choqu\u00e9 mais ne creuse pas davantage et n&rsquo;y pense plus.<\/div>\n<div class=\"mdjComplements\">Quelques ann\u00e9es plus tard, il revient dans ce quartier qui a beaucoup chang\u00e9. Il s&rsquo;en \u00e9tonne et il a alors un \u00e9change avec un ami policier qui lui explique que les pr\u00e9c\u00e9dents habitants ont du quitter les lieux parce que les immeubles \u00e9taient envahis de cafards et que les services sanitaires les ont oblig\u00e9 de partir en raison de l&rsquo;insalubrit\u00e9 des lieux.<\/div>\n<div class=\"mdjComplements\">Il a pu alors faire le rapprochement : des pauvres demandaient \u00e0 des plus pauvres d&rsquo;attraper des cafards qu&rsquo;ils vendaient \u00e0 des voyous un peu moins pauvres pour que ces derniers puissent ainsi infester les habitations d&rsquo;autres pauvres. <\/div>\n<div class=\"mdjComplements\">Tout cela pour le plus grand b\u00e9n\u00e9fice de tr\u00e8s tr\u00e8s riches.<\/div>\n<div class=\"mdjComplements\">La plus grande partie de ce quartier a \u00e9t\u00e9 rachet\u00e9e par <a href=\"http:\/\/www.lonestarfunds.com\/\">&lt;Lone Star Funds&gt;<\/a>, un fonds de pension am\u00e9ricain qui a r\u00e9nov\u00e9 les immeubles et les a vendu \u00e0 la d\u00e9coupe.\u00a0 \u00a0<\/div>\n<div class=\"mdjComplements\"><a href=\"https:\/\/blogs.mediapart.fr\/francois-bernheim\/blog\/070416\/marseille-la-ville-abattre\">&lt;Vous trouverez d&rsquo;autres pr\u00e9cisions sur ce blog de mediapart qui parle \u00e9galement de ce livre et de cette histoire&gt; <\/a>et j&rsquo;en cite un extrait qui \u00e9claire cette histoire \u00e0 travers le projecteur du gain : <strong>\u00ab<\/strong>En 2004, un fond de pension am\u00e9ricain, Lone Star, propose d\u2019acqu\u00e9rir 50 % du patrimoine du pr\u00e9c\u00e9dent propri\u00e9taire, \u00ab\u00a0de chasser les habitants et de r\u00e9nover et de vendre \u00e0 la d\u00e9coupe\u00a0\u00bb. Rentabilit\u00e9 esp\u00e9r\u00e9e du capital : 18% par an.<strong>\u00bb<\/strong><\/div>\n<div class=\"mdjComplements\">\u00a0<a href=\"http:\/\/www.lepoint.fr\/invites-du-point\/jean-paul-brighelli\/brighelli-marseille-ou-la-fabrique-du-monstre-21-02-2016-2020028_1886.php\">&lt;Une analyse plus globale de ce livre se trouve dans cet article du Point dont je cite quelques extraits : &gt;<\/a><\/div>\n<div class=\"mdjCiter\">\u00ab\u00a0[&#8230;] L&rsquo;essai de Philippe Pujol offre une plong\u00e9e dans le Marseille de la mis\u00e8re et de la d\u00e9linquance, grande et petite. [&#8230;] Pujol, ex-journaliste \u00e0 l&rsquo;ex-Marseillaise (un journal longtemps inf\u00e9od\u00e9 au PC) a derri\u00e8re lui un lourd pass\u00e9 de journalisme d&rsquo;investigation, qui lui a valu le prix Albert Londres en 2014 pour une s\u00e9rie d&rsquo;articles, \u00ab Quartiers shit \u00bb, dont le titre parle tout seul. [&#8230;] <\/div>\n<div class=\"mdjCiter\">Ce sont l\u00e0 les nouveaux carnets du sous-sol. \u00c0 la recherche du lumpen, et m\u00eame du lumpen du lumpen. Un prol\u00e9taire en job pr\u00e9caire trouvera toujours un sous-prolo sans travail, parce que \u00ab trop petit, trop faible, trop roublard, trop gros, trop noir, trop sans-papiers, trop seul \u00bb. Pujol nous entra\u00eene dans le cadavre d&rsquo;une Opel Astra, objet des convoitises d&rsquo;un couple de Roumains (en dessous du sous-lumpen, toujours les Roumains) qui pr\u00e9f\u00e8rent louer ce d\u00e9chet m\u00e9canique plut\u00f4t que \u00ab dormir \u00e0 la mauvaise \u00e9toile \u00bb. Opel, \u00ab c&rsquo;est une allemande \u00bb, dirait Claudia Schiffer. Et quand vous voulez \u00e9taler votre r\u00e9ussite \u2013 \u00e0 quoi \u00e7a sert d&rsquo;arriver discret ? \u2013 vous passez au format allemand sup\u00e9rieur, BMW ou Audi. Ces deux marques \u2013 et aucune autre \u2013t\u00e9moignent de la r\u00e9ussite asociale des truands.<\/div>\n<div class=\"mdjCiter\">[&#8230;] De toute fa\u00e7on, ce n&rsquo;est pas ce bac que visent les h\u00e9ros de Pujol. Eux, c&rsquo;est BAC (brigade anti-criminalit\u00e9) plus sept \u2013 sept interpellations. La loi de la rue sans joie. L&rsquo;\u00e9litisme r\u00e9publicain \u00e0 l&rsquo;envers. Sur le CV du bon ca\u00efd, des arrestations, des gardes \u00e0 vue, quelques condamnations \u2013 bref, de vraies r\u00e9f\u00e9rences. L&rsquo;\u00e9litisme r\u00e9publicain, remarque Pujol avec une na\u00efvet\u00e9 feinte, s&rsquo;est nich\u00e9 dans les lois s\u00e9curitaires, qui permettent de s\u00e9lectionner, via la case prison, les purs, les durs, les balafr\u00e9s.<\/div>\n<div class=\"mdjCiter\">Les portraits se succ\u00e8dent \u2013 juste ce qu&rsquo;il faut pour balayer le champ d&rsquo;ordures (c&rsquo;est l&rsquo;image de couverture). Kader, qui a mal fini, sans que l&rsquo;on sache bien pourquoi (une bonne justice, dit le milieu, doit \u00eatre pr\u00e9ventive), et le quartier se racontera en l&#8217;embellissant dans les jours suivants le geste de ce gar\u00e7on perdu, tu\u00e9 sur un parking de Campanile : la vid\u00e9osurveillance a enregistr\u00e9 la sc\u00e8ne avec le grain d&rsquo;un film porno amateur. On a les \u00e9pop\u00e9es qu&rsquo;on peut, mais pour les gosses qui vont peut-\u00eatre encore au coll\u00e8ge, c&rsquo;est plus vivant et plus mortel que le combat du Cid contre les Maures. On tue \u00ab jusqu&rsquo;\u00e0 ce que les morts soient plus nombreux que les vivants \u00bb : \u00ab Et le combat cessa faute de combattants. \u00bb Sacr\u00e9 Corneille ![&#8230;] <\/div>\n<div class=\"mdjCiter\">Apr\u00e8s les portraits d&rsquo;en bas, ceux d&rsquo;en haut. Gaudin, par exemple. \u00ab Tant qu&rsquo;ils se tuent entre eux, ce n&rsquo;est pas grave. \u00bb Et St\u00e9phane Ravier, \u00e9lu FN, d&rsquo;en rajouter dans la m\u00e9taphore : \u00ab Les chacals se d\u00e9vorent entre eux. \u00bb 280 morts en 20 ans, quand m\u00eame \u2013 et les statistiques ne prennent en compte que ceux qui meurent sur le coup. Avec quelques unit\u00e9s de plus depuis la parution du livre.<\/div>\n<div class=\"mdjCiter\">\u00c7a ne risque pas d&rsquo;arriver aux politiques, dont le livre narre par le d\u00e9tail les amiti\u00e9s particuli\u00e8res, les oscillations de gauche \u00e0 droite, les alliances contre nature (mais justement, il n&rsquo;y a pas de nature en politique, sinon aller l\u00e0 o\u00f9 \u00e7a coule), et les petits int\u00e9r\u00eats arrach\u00e9s en \u00e9change de services inavouables \u2013 comme une otarie \u00e0 laquelle on donne un poisson pour la f\u00e9liciter d&rsquo;avoir r\u00e9ussi son tour. [&#8230;]<\/div>\n<div class=\"mdjCiter\">Marseille, conclut finement Pujol, est au fond le laboratoire de l&rsquo;indiff\u00e9renciation politique. Tous pourris, mais tous au pouvoir. S&rsquo;il est une ville o\u00f9 la confusion gauche\/droite est ancienne, c&rsquo;est bien celle-l\u00e0. S&rsquo;il est une ville o\u00f9 l&rsquo;ancienne fusion de tous les migrants a \u00e9t\u00e9 remplac\u00e9e par un communautarisme jaloux, c&rsquo;est aussi celle-l\u00e0 \u2013 c&rsquo;est tellement plus simple de jouer les Arm\u00e9niens contre les Arabes, les Arabes contre les Gitans, et les enfants de rapatri\u00e9s, juifs s\u00e9farades ou non, contre tout le monde.<strong>\u00bb<\/strong><\/div>\n","protected":false},"excerpt":{"rendered":"<p>Mercredi 4 mai 2016 \u00abDes pauvres, des cafards et des riches\u00bb Une histoire racont\u00e9e par Philippe Pujol auteur du livre \u00abla Fabrique du Monstre\u00bb Philippe Pujol est journaliste, prix Albert Londres 2014, il habite Marseille. Son dernier livre \u00abLa fabrique<\/p>\n","protected":false},"author":1,"featured_media":0,"comment_status":"closed","ping_status":"closed","sticky":false,"template":"","format":"standard","meta":{"footnotes":""},"categories":[1],"tags":[],"class_list":["post-1712","post","type-post","status-publish","format-standard","hentry","category-motdujour"],"_links":{"self":[{"href":"https:\/\/lemotdujour.fr\/index.php?rest_route=\/wp\/v2\/posts\/1712","targetHints":{"allow":["GET"]}}],"collection":[{"href":"https:\/\/lemotdujour.fr\/index.php?rest_route=\/wp\/v2\/posts"}],"about":[{"href":"https:\/\/lemotdujour.fr\/index.php?rest_route=\/wp\/v2\/types\/post"}],"author":[{"embeddable":true,"href":"https:\/\/lemotdujour.fr\/index.php?rest_route=\/wp\/v2\/users\/1"}],"replies":[{"embeddable":true,"href":"https:\/\/lemotdujour.fr\/index.php?rest_route=%2Fwp%2Fv2%2Fcomments&post=1712"}],"version-history":[{"count":1,"href":"https:\/\/lemotdujour.fr\/index.php?rest_route=\/wp\/v2\/posts\/1712\/revisions"}],"predecessor-version":[{"id":1713,"href":"https:\/\/lemotdujour.fr\/index.php?rest_route=\/wp\/v2\/posts\/1712\/revisions\/1713"}],"wp:attachment":[{"href":"https:\/\/lemotdujour.fr\/index.php?rest_route=%2Fwp%2Fv2%2Fmedia&parent=1712"}],"wp:term":[{"taxonomy":"category","embeddable":true,"href":"https:\/\/lemotdujour.fr\/index.php?rest_route=%2Fwp%2Fv2%2Fcategories&post=1712"},{"taxonomy":"post_tag","embeddable":true,"href":"https:\/\/lemotdujour.fr\/index.php?rest_route=%2Fwp%2Fv2%2Ftags&post=1712"}],"curies":[{"name":"wp","href":"https:\/\/api.w.org\/{rel}","templated":true}]}}