{"id":1700,"date":"2016-04-26T02:00:00","date_gmt":"2016-04-25T22:00:00","guid":{"rendered":"http:\/\/lemotdujour.fr\/?p=1700"},"modified":"2017-05-08T13:43:31","modified_gmt":"2017-05-08T11:43:31","slug":"mardi-26-avril-2016","status":"publish","type":"post","link":"https:\/\/lemotdujour.fr\/?p=1700","title":{"rendered":"Mardi 26 avril 2016"},"content":{"rendered":"<div class=\"mdjDate\">Mardi 26 avril 2016<\/div>\n<div class=\"mdjTexte\">\u00abLe salaire est une charge, un co\u00fbt, quelque chose de n\u00e9gatif qu&rsquo;il faut r\u00e9duire. Les dividendes des actionnaires et les bonus des patrons sont des parts de profit donc positifs.<br \/>Le m\u00e9pris du salari\u00e9, c\u2019est dans nos r\u00e8gles comptables qu\u2019il est inscrit.\u00bb<\/div>\n<div class=\"mdjAuteur\">Paul Jorion<\/div>\n<div class=\"mdjComplements\">Je ne veux pas plomber l&rsquo;ambiance !<\/div>\n<div class=\"mdjComplements\">Je ne parlerai donc pas du dernier ouvrage de Paul Jorion : &lt;<a href=\"http:\/\/www.fayard.fr\/le-dernier-qui-sen-va-eteint-la-lumiere-9782213699035\">Le dernier qui s&rsquo;en va \u00e9teint la lumi\u00e8re<\/a>&gt;<\/div>\n<div class=\"mdjComplements\">Je parlerai plut\u00f4t de ce patron, Henry Engelhardt, PDG du groupe d&rsquo;assurance automobile britannique Admiral, qui a d\u00e9cid\u00e9, d<a href=\"http:\/\/tempsreel.nouvelobs.com\/economie\/20160413.OBS8444\/qui-est-henry-engelhardt-le-patron-qui-offre-9-millions-d-euros-a-ses-employes.html\">&lsquo;offrir 9 millions d&rsquo;euros de primes \u00e0 tous ses employ\u00e9s \u00e0 l&rsquo;occasion de son d\u00e9part \u00e0 la retraite<\/a>, le 12 mai prochain. \u00ab\u00a0C&rsquo;est une fa\u00e7on de dire merci\u00a0\u00bb a-t-il simplement pr\u00e9cis\u00e9.<\/div>\n<div class=\"mdjComplements\">Je ne veux pas plomber l&rsquo;ambiance !<\/div>\n<div class=\"mdjComplements\">Je ne parlerai donc pas des sombres pr\u00e9visions qu&rsquo;a r\u00e9v\u00e9l\u00e9es Paul Jorion <a href=\"http:\/\/www.franceinter.fr\/emission-le-79-paul-jorion-ce-monde-passe-en-mode-cataclysmique\">dans son entretien du 25 mars 2016 avec Patrick Cohen <\/a>qui le recevait pour \u00e9voquer son livre. &lt;<a href=\"http:\/\/www.fayard.fr\/le-dernier-qui-sen-va-eteint-la-lumiere-9782213699035\">Le dernier qui s&rsquo;en va \u00e9teint la lumi\u00e8re<\/a>&gt;. <\/div>\n<div class=\"mdjComplements\">Je parlerai\u00a0 plut\u00f4t de la g\u00e9n\u00e9rosit\u00e9 de Bernard Arnault, patron de LVHM, qui a fait un don \u00e0 un de ses anciens salari\u00e9s qu&rsquo;il avait licenci\u00e9 et qui non seulement survivait avec\u00a0 400 euros par mois, mais qui, en outre, \u00e9tait \u00e0 la veille de perdre sa maison qui devait \u00eatre saisie par huissier. Certes, la g\u00e9n\u00e9rosit\u00e9 du milliardaire fran\u00e7ais n&rsquo;est pas aussi spontan\u00e9e que celle de Henry Engelhardt, comme le montre <a href=\"https:\/\/fr.wikipedia.org\/wiki\/Merci_Patron_%21\">&lt;Merci Patron&gt;<\/a> que j&rsquo;ai enfin vu. En effet, il faut toute la ruse et les stratag\u00e8mes de Fran\u00e7ois Ruffin, le cr\u00e9ateur de<a href=\"http:\/\/www.fakirpresse.info\/\"> Fakir,<\/a> pour d\u00e9clencher la g\u00e9n\u00e9rosit\u00e9 contenue et int\u00e9ress\u00e9e de Bernard Arnault. Pour celles et ceux qui ne l&rsquo;ont pas encore vue, comme Pascale l&rsquo;a fait pour moi, je vous conseille d&rsquo;aller le voir.<\/div>\n<div class=\"mdjComplements\">Bernard Arnault pr\u00e9tend ne pas l&rsquo;avoir vu, je peux comprendre. Il doit \u00eatre quand m\u00eame difficile d&rsquo;entendre que son ancien salari\u00e9 qu&rsquo;il a licenci\u00e9 avec des centaines d&rsquo;autres pour augmenter les b\u00e9n\u00e9fices de LVMH, doit je\u00fbner plusieurs jours par mois parce que les 400 euros qu&rsquo;il touche ne lui permettent pas de manger tous les jours.<\/div>\n<div class=\"mdjComplements\">Paul Jorion qui rappelons est un anthropologue ayant travaill\u00e9 dans des banques am\u00e9ricaines dans le domaine du trading d\u00e9cortique les codes de l&rsquo;Economie, qui n&rsquo;est pas une science mais une construction humaine pour justifier la r\u00e9partition des richesses. Il \u00e9crit \u00e9norm\u00e9ment d&rsquo;ouvrages et tient un<a href=\"http:\/\/www.pauljorion.com\/blog\/\"> blog \u00e9tonnant et d\u00e9capant<\/a>.<\/div>\n<div class=\"mdjComplements\">Kaizen est un mensuel fond\u00e9 par Cyril Dion le r\u00e9alisateur du film \u00abDemain\u00bb. Kaizen est un mot japonais qui signifie \u00abchangement bon\u00bb. Kaizen a organis\u00e9, pour ses lecteurs, une conf\u00e9rence le 23 mars au Goethe-Institut de Paris o\u00f9 il avait invit\u00e9 Paul Jorion. J&rsquo;ai lu dans le dernier num\u00e9ro de ce magazine : \u00abAu fur et \u00e0 mesure de la conf\u00e9rence, nous avons pu constater un m\u00e9contentement manifeste plut\u00f4t unanime dans le public.\u00bb<\/div>\n<div class=\"mdjComplements\">Bref, Paul Jorion avait plomb\u00e9 l&rsquo;ambiance\u00a0!<\/div>\n<div class=\"mdjComplements\">Malgr\u00e9 tout, je voudrai partager deux r\u00e9flexions de Paul Jorion, qu&rsquo;il a d\u00e9velopp\u00e9 lors du <a href=\"http:\/\/www.franceinter.fr\/emission-linvite-paul-jorion\">7\/9 du 25 mars de Patrick Cohen<\/a>.<\/div>\n<div class=\"mdjComplements\">La premi\u00e8re concerne la croissance et l&rsquo;argent.<\/div>\n<div class=\"mdjComplements\">Vous savez que l&rsquo;argent constitue le fluide qui permet de faire fonctionner l&rsquo;\u00e9conomie. Or l&rsquo;immense majorit\u00e9 de l&rsquo;argent est cr\u00e9\u00e9e par les banques, quand un acteur \u00e9conomique obtient un pr\u00eat pour investir. Quand la banque dispose de suffisamment de garantie pour estimer que le pr\u00eat sera rembours\u00e9, elle l&rsquo;accorde. Le fait d&rsquo;accorder le pr\u00eat, conduit la banque \u00e0 inscrire, dans ses comptes, le montant du pr\u00eat. Cet argent, la banque ne l&rsquo;a pas. Elle doit bien disposer d&rsquo;une certaine assise financi\u00e8re pour avoir le droit de pr\u00eater, mais la somme d&rsquo;argent correspondant au pr\u00eat n&rsquo;est pas pr\u00e9lev\u00e9 sur le compte d&rsquo;un \u00e9pargnant pour \u00eatre vers\u00e9 sur le compte de l&#8217;emprunteur. Non ! L&rsquo;argent est cr\u00e9\u00e9, ex nihilo, par son inscription au b\u00e9n\u00e9fice de l&#8217;emprunteur.<\/div>\n<div class=\"mdjComplements\">Et c&rsquo;est l\u00e0 que Jorion explique la relation entre la dette, l&rsquo;argent et la croissance.<\/div>\n<div class=\"mdjComplements\">Le syst\u00e8me \u00e9conomique a besoin de la dette, puisque c&rsquo;est par la dette que l&rsquo;argent est cr\u00e9\u00e9.<\/div>\n<div class=\"mdjComplements\">La dette doit \u00eatre rembours\u00e9e avec un int\u00e9r\u00eat. Il faut rembourser plus que l&#8217;emprunt, ce plus est donn\u00e9 par la croissance. S&rsquo;il n&rsquo;y a pas de croissance, on ne peut pas rembourser les int\u00e9r\u00eats de la dette.<\/div>\n<div class=\"mdjComplements\">La dette, l&rsquo;argent et la croissance sont dans notre syst\u00e8me intimement li\u00e9s.<\/div>\n<div class=\"mdjComplements\">Or la croissance est en panne, faible. Certains affirment m\u00eame que la croissance infinie n&rsquo;est pas supportable dans le monde fini de la terre. <\/div>\n<div class=\"mdjComplements\">C&rsquo;est ainsi que la dette continue \u00e0 croitre et n&rsquo;est plus remboursable.<\/div>\n<div class=\"mdjComplements\">Ce sont donc bien les fondements du fonctionnement du syst\u00e8me qui sont en cause.<\/div>\n<div class=\"mdjComplements\"> <\/div>\n<div class=\"mdjComplements\">La seconde concerne la comptabilit\u00e9 et le regard qu&rsquo;on porte sur la r\u00e9mun\u00e9ration des salari\u00e9s et la r\u00e9mun\u00e9ration des actionnaires. Je cite de m\u00e9moire : \u00abNous avons admis que la r\u00e9mun\u00e9ration des salari\u00e9s \u00e9tait le salaire et que le salaire \u00e9tait une charge, un co\u00fbt, quelque chose de n\u00e9gatif qu&rsquo;il fallait r\u00e9duire, minimiser. Le profit \u00e9tait une chose positive qu&rsquo;il fallait maximiser. Les dividendes des actionnaires et les bonus des patrons sont des parts de profit donc positifs.<\/div>\n<div class=\"mdjComplements\">Le m\u00e9pris du salari\u00e9, c\u2019est dans nos r\u00e8gles comptables qu\u2019il est inscrit.\u00bb<\/div>\n<div class=\"mdjComplements\">Ce ne sont pas les propos d&rsquo;un \u00e9conomiste orthodoxe, mais Jorion jette un regard d\u00e9cal\u00e9 sur ce que chacun estime la normalit\u00e9 du fonctionnement de l&rsquo;Economie.<\/div>\n<div class=\"mdjComplements\">Normalit\u00e9 qui est remarquablement mise en lumi\u00e8re dans le film \u00abMerci Patron\u00bb.<\/div>\n<div class=\"mdjComplements\">Ce regard d\u00e9cal\u00e9 je le trouve f\u00e9cond.<\/div>\n","protected":false},"excerpt":{"rendered":"<p>Mardi 26 avril 2016 \u00abLe salaire est une charge, un co\u00fbt, quelque chose de n\u00e9gatif qu&rsquo;il faut r\u00e9duire. Les dividendes des actionnaires et les bonus des patrons sont des parts de profit donc positifs.Le m\u00e9pris du salari\u00e9, c\u2019est dans nos<\/p>\n","protected":false},"author":1,"featured_media":0,"comment_status":"closed","ping_status":"closed","sticky":false,"template":"","format":"standard","meta":{"footnotes":""},"categories":[1],"tags":[],"class_list":["post-1700","post","type-post","status-publish","format-standard","hentry","category-motdujour"],"_links":{"self":[{"href":"https:\/\/lemotdujour.fr\/index.php?rest_route=\/wp\/v2\/posts\/1700","targetHints":{"allow":["GET"]}}],"collection":[{"href":"https:\/\/lemotdujour.fr\/index.php?rest_route=\/wp\/v2\/posts"}],"about":[{"href":"https:\/\/lemotdujour.fr\/index.php?rest_route=\/wp\/v2\/types\/post"}],"author":[{"embeddable":true,"href":"https:\/\/lemotdujour.fr\/index.php?rest_route=\/wp\/v2\/users\/1"}],"replies":[{"embeddable":true,"href":"https:\/\/lemotdujour.fr\/index.php?rest_route=%2Fwp%2Fv2%2Fcomments&post=1700"}],"version-history":[{"count":1,"href":"https:\/\/lemotdujour.fr\/index.php?rest_route=\/wp\/v2\/posts\/1700\/revisions"}],"predecessor-version":[{"id":1701,"href":"https:\/\/lemotdujour.fr\/index.php?rest_route=\/wp\/v2\/posts\/1700\/revisions\/1701"}],"wp:attachment":[{"href":"https:\/\/lemotdujour.fr\/index.php?rest_route=%2Fwp%2Fv2%2Fmedia&parent=1700"}],"wp:term":[{"taxonomy":"category","embeddable":true,"href":"https:\/\/lemotdujour.fr\/index.php?rest_route=%2Fwp%2Fv2%2Fcategories&post=1700"},{"taxonomy":"post_tag","embeddable":true,"href":"https:\/\/lemotdujour.fr\/index.php?rest_route=%2Fwp%2Fv2%2Ftags&post=1700"}],"curies":[{"name":"wp","href":"https:\/\/api.w.org\/{rel}","templated":true}]}}