{"id":1694,"date":"2016-04-21T02:00:00","date_gmt":"2016-04-20T22:00:00","guid":{"rendered":"http:\/\/lemotdujour.fr\/?p=1694"},"modified":"2022-06-01T11:27:07","modified_gmt":"2022-06-01T09:27:07","slug":"jeudi-21-avril-2016","status":"publish","type":"post","link":"https:\/\/lemotdujour.fr\/?p=1694","title":{"rendered":"Jeudi 21 Avril 2016"},"content":{"rendered":"<div class=\"mdjDate\">Jeudi 21 Avril 2016<\/div>\n<div class=\"mdjTexte\">\u00abVivre et laisser mourir\u00bb<\/div>\n<div class=\"mdjAuteur\">Michel Foucault<\/div>\n<p><span style=\"color: #777777; font-family: Arial;\">Donc le Pape Fran\u00e7ois s&rsquo;est, \u00e0 nouveau pench\u00e9, sur le sujet des r\u00e9fugi\u00e9s et il a m\u00eame ramen\u00e9 concr\u00e8tement 12 r\u00e9fugi\u00e9s au Vatican.<br \/>\n<\/span><\/p>\n<p><a href=\"http:\/\/theconversation.com\/fr\"><span style=\"color: blue; font-family: Arial; text-decoration: underline;\">Conversation<\/span><\/a><span style=\"color: #777777; font-family: Arial;\"> est un site o\u00f9 on peut trouver des articles initialement en langue \u00e9trang\u00e8re traduits en fran\u00e7ais.<br \/>\n<\/span><\/p>\n<p><span style=\"color: #777777; font-family: Arial;\">Un article d&rsquo;un universitaire anglais, <strong>St\u00e9phane J Baele<\/strong>, University of Exeter, m&rsquo;a interpell\u00e9 car il rapproche la situation actuelle aux fronti\u00e8res de l&rsquo;Europe \u00e0 une r\u00e9flexion de <strong>Michel Foucault<\/strong> d\u00e9velopp\u00e9e \u00e0 partir de 1974 : <a href=\"https:\/\/theconversation.com\/vivre-et-laisser-mourir-michel-foucault-avait-il-predit-la-crise-des-refugies-56061\"><span style=\"color: blue; text-decoration: underline;\">&lt;la biopolitique&gt;<\/span><\/a><br \/>\n<\/span><\/p>\n<p><span style=\"color: #777777; font-family: Arial;\">Biopolitique est un n\u00e9ologisme pour identifier une forme d&rsquo;exercice du pouvoir qui porte, non plus sur les territoires mais sur la vie des gens, sur des populations, le biopouvoir.<br \/>\n<\/span><\/p>\n<p><span style=\"color: #777777; font-family: Arial;\">Le pouvoir va s&rsquo;int\u00e9resser \u00e0 la vie, \u00e0 la sant\u00e9, \u00e0 la retraite et m\u00eame \u00e0 la fin de vie des citoyens de son territoire. En t\u00e9moigne toutes les caract\u00e9ristiques de l&rsquo;Etat providence, de la s\u00e9curit\u00e9 sociale et de l&rsquo;existence de toute une organisation visant \u00e0 accompagner les citoyens de la naissance \u00e0 la mort. Des campagnes financ\u00e9es par le pouvoir vont donner des injonctions \u00e0 la population :<br \/>\n<\/span><\/p>\n<ul>\n<li><span style=\"color: #777777; font-family: Arial;\">Ne pas fumer\u00a0;<br \/>\n<\/span><\/li>\n<li><span style=\"color: #777777; font-family: Arial;\">Ne pas trop boire d&rsquo;alcool\u00a0;<br \/>\n<\/span><\/li>\n<li><span style=\"color: #777777; font-family: Arial;\">Bien manger \u20265 l\u00e9gumes et fruits\u00a0;<br \/>\n<\/span><\/li>\n<li><span style=\"color: #777777; font-family: Arial;\">Avoir des activit\u00e9s physiques\u00a0;<br \/>\n<\/span><\/li>\n<li><span style=\"color: #777777; font-family: Arial;\">Se soumettre \u00e0 des examens m\u00e9dicaux p\u00e9riodiques etc\u2026<br \/>\n<\/span><\/li>\n<\/ul>\n<p><span style=\"color: #777777; font-family: Arial;\">Parall\u00e8lement Foucault pr\u00e9voyait aussi que ce biopouvoir aurait des incidences sur la mani\u00e8re de traiter les autres, ce qui ne sont pas \u00ab\u00a0les citoyens prot\u00e9g\u00e9s\u00a0\u00bb. Ce pouvoir tenterait de prot\u00e9ger ses concitoyens des \u00ab\u00a0autres\u00a0\u00bb.<br \/>\n<\/span><\/p>\n<p><span style=\"color: #777777; font-family: Arial;\">Et c&rsquo;est ainsi que, l&rsquo;universitaire anglais introduit son article : <a href=\"http:\/\/theconversation.com\/vivre-et-laisser-mourir-michel-foucault-avait-il-predit-la-crise-des-refugies-56061\"><span style=\"color: blue; text-decoration: underline;\">&lt;Vivre et laisser mourir : Michel Foucault avait-il pr\u00e9dit la crise des r\u00e9fugi\u00e9s ?&gt;<\/span><\/a>\u00a0:<br \/>\n<\/span><\/p>\n<p style=\"margin-left: 28pt;\"><span style=\"color: #c00000; font-family: Arial;\">\u00ab\u00a0En mars 1976, le philosophe Michel Foucault d\u00e9crivait, sous le terme de \u00ab biopolitique \u00bb, l&rsquo;av\u00e8nement d&rsquo;une nouvelle logique de gouvernance propre aux soci\u00e9t\u00e9s lib\u00e9rales occidentales, obnubil\u00e9es par la sant\u00e9 et le bien-\u00eatre de leurs populations.<br \/>\n<\/span><\/p>\n<p style=\"margin-left: 28pt;\"><span style=\"color: #c00000; font-family: Arial;\">Quarante ans plus tard, force est de constater que les pays occidentaux ont, plus que jamais, \u00e0 c\u0153ur de promouvoir une alimentation saine, proscrire le tabac, r\u00e9glementer la consommation d&rsquo;alcool, syst\u00e9matiser le d\u00e9pistage du cancer du sein ou informer leurs citoyens sur les risques de contracter telle ou telle maladie.<br \/>\n<\/span><\/p>\n<p style=\"margin-left: 28pt;\"><span style=\"color: #c00000; font-family: Arial;\">Michel Foucault n&rsquo;a jamais pr\u00e9tendu que cette tendance \u00e9tait regrettable, apr\u00e8s tout elle sauve des vies. Il estimait, en revanche, que le fait d&rsquo;accorder autant d&rsquo;importance \u00e0 la sant\u00e9 et la prosp\u00e9rit\u00e9 d&rsquo;une population excluait de fait ceux qui n&rsquo;y avaient pas acc\u00e8s et \u00e9taient consid\u00e9r\u00e9s comme susceptibles de les mettre en danger.<br \/>\n<\/span><\/p>\n<p style=\"margin-left: 28pt;\"><span style=\"color: #c00000; font-family: Arial;\">La biopolitique est donc la politique du \u00ab vivre et laisser mourir \u00bb. En se focalisant sur sa propre population, un pays augmente les conditions susceptibles \u00ab d&rsquo;exposer \u00e0 la mort, de multiplier pour certains le risque de mort \u00bb.<br \/>\n<\/span><\/p>\n<p><span style=\"color: #777777; font-family: Arial;\">Ce paradoxe aura rarement \u00e9t\u00e9 plus manifeste que durant la crise qui, ces derni\u00e8res ann\u00e9es, a vu des centaines de milliers de personnes chercher refuge en Europe. Il est frappant de constater \u00e0 quel point les soci\u00e9t\u00e9s europ\u00e9ennes investissent chez elles dans la sant\u00e9, tout en \u00e9rigeant des barri\u00e8res juridiques et mat\u00e9rielles toujours plus \u00e9tanches afin de maintenir les r\u00e9fugi\u00e9s \u00e0 distance. De fait, elles participent activement \u00e0 la mort d&rsquo;\u00eatres humains.<br \/>\n<\/span><\/p>\n<p><span style=\"color: #777777; font-family: Arial;\">Le conflit au Moyen-Orient est meurtrier. \u00c0 elle seule, la guerre civile en Syrie a d\u00e9j\u00e0 fait 300\u00a0000 morts, selon la plupart des estimations. Elle nous donne \u00e0 voir quelques-unes des pratiques les plus effroyables, dont le gazage de plusieurs milliers de civils \u00e0 Damas en 2013.<br \/>\n<\/span><\/p>\n<p><span style=\"color: #777777; font-family: Arial;\">Des groupes extr\u00e9mistes comme Daech affichent une cruaut\u00e9 inconcevable. Ils d\u00e9capitent leurs victimes \u00e0 l&rsquo;aide de couteaux ou d&rsquo;explosifs, les enferment dans des cages avant de les br\u00fbler vives, les crucifient, les jettent du haut des immeubles et, plus r\u00e9cemment, ont fait sauter une voiture dans laquelle se trouvaient des passagers (un enfant aurait d\u00e9clench\u00e9 le dispositif). Cette violence s&rsquo;est export\u00e9e en Europe. Et certaines des grandes villes syriennes ressemblent aujourd&rsquo;hui au Stalingrad de 1943.<br \/>\n<\/span><\/p>\n<p><span style=\"color: #777777; font-family: Arial;\">\u00c9videmment, les populations fuient, comme l&rsquo;avaient fait avant elles les Belges \u2013 par exemple \u2013 au d\u00e9but de la Premi\u00e8re Guerre mondiale : le Royaume-Uni en avait accueilli 250\u00a0000, parfois au rythme de 16\u00a0000 chaque jour.<br \/>\n<\/span><\/p>\n<p><span style=\"color: #777777; font-family: Arial;\">Mener une vie normale \u00e9tant impossible sur la quasi-totalit\u00e9 du territoire syrien, l&rsquo;\u00e9migration se poursuivra in\u00e9vitablement tant qu&rsquo;il restera des civils dans cette r\u00e9gion d\u00e9vast\u00e9e par la guerre. [\u2026]<br \/>\n<\/span><\/p>\n<p><span style=\"color: #777777; font-family: Arial;\">Confront\u00e9s au drame qui se joue \u00e0 leurs portes, que font les \u00c9tats membres de l&rsquo;Union europ\u00e9enne ?<br \/>\n<\/span><\/p>\n<p><span style=\"color: #777777; font-family: Arial;\">Exactement ce qu&rsquo;avait pr\u00e9dit Foucault. Hormis l&rsquo;Allemagne, ils rivalisent d&rsquo;imagination pour mettre en place des politiques visant \u00e0 se pr\u00e9munir contre l&rsquo;arriv\u00e9e des r\u00e9fugi\u00e9s et envoient des messages dissuasifs toujours plus explicites.<br \/>\n<\/span><\/p>\n<p><span style=\"color: #777777; font-family: Arial;\">L&rsquo;Autriche a ainsi d\u00e9cid\u00e9 unilat\u00e9ralement de fixer des quotas sur le nombre de demandeurs d&rsquo;asile qu&rsquo;elle acceptera quotidiennement, laissant la Gr\u00e8ce, en faillite, g\u00e9rer seule l&rsquo;afflux d&rsquo;immigr\u00e9s.<br \/>\n<\/span><\/p>\n<p><span style=\"color: #777777; font-family: Arial;\">Une semaine plus t\u00f4t, Manuel Valls avait d\u00e9clar\u00e9 que la France et l&rsquo;Europe ne pouvaient \u00ab <span style=\"color: #c00000;\">accueillir plus de r\u00e9fugi\u00e9s<span style=\"color: #777777;\"> \u00bb. [\u2026]<br \/>\n<\/span><\/span><\/span><\/p>\n<p><span style=\"color: #777777; font-family: Arial;\">Au Danemark, la police est d\u00e9sormais autoris\u00e9e \u00e0 saisir les objets de valeur appartenant aux r\u00e9fugi\u00e9s, les privant ainsi du peu qu&rsquo;il leur restait. La Slovaquie a, de son c\u00f4t\u00e9, d\u00e9cr\u00e9t\u00e9 qu&rsquo;elle n&rsquo;accueillerait que des r\u00e9fugi\u00e9s syriens chr\u00e9tiens, et pas plus de 200, au pr\u00e9texte que les musulmans \u00ab <span style=\"color: #c00000;\">ne se sentiraient pas chez eux<span style=\"color: #777777;\"> \u00bb et ne seraient de toute fa\u00e7on pas accept\u00e9s par la population locale. [\u2026]<br \/>\n<\/span><\/span><\/span><\/p>\n<p><span style=\"color: #777777; font-family: Arial;\">Les pays occidentaux, dont la politique d&rsquo;immigration est de plus en plus implacable, importent aussi des technologies militaires destin\u00e9es \u00e0 \u00e9tablir des dispositifs de contr\u00f4le sophistiqu\u00e9s et des barri\u00e8res infranchissables en Gr\u00e8ce, en Bulgarie ou dans les enclaves espagnoles au Maroc. Les \u00ab conditions favorables \u00e0 la mort des autres \u00bb sont ainsi r\u00e9unies. Les Syriens n&rsquo;ont d\u00e9sormais que le choix de survivre chez eux ou d&rsquo;entreprendre un voyage p\u00e9rilleux vers des pays s\u00fbrs mais totalement verrouill\u00e9s.<br \/>\n<\/span><\/p>\n<p><span style=\"color: #777777; font-family: Arial;\">Les th\u00e9ories plus ou moins complexes \u00e9chafaud\u00e9es pour justifier cette politique sont facilement r\u00e9futables, tant sur le plan rationnel que moral. Le seul raisonnement qui tienne est celui de Foucault.<br \/>\n<\/span><\/p>\n<p><span style=\"color: #777777; font-family: Arial;\">En expliquant pourquoi une soci\u00e9t\u00e9 aussi obs\u00e9d\u00e9e par la sant\u00e9 est capable (plus ou moins indirectement) de tuer des gens capables de contribuer \u00e0 cette sant\u00e9, Foucault lance un mot fort : <strong>le racisme, au sens large du terme<\/strong>.<br \/>\n<\/span><\/p>\n<p><span style=\"color: #777777; font-family: Arial;\">Sa th\u00e9orie, confirm\u00e9e depuis par des milliers d&rsquo;exp\u00e9riences en psychologie sociale, est la suivante : <strong>pour que des individus acquiescent \u00e0 des politiques extr\u00eames et qu&rsquo;ils les parent d&rsquo;arguments moraux, ils doivent consid\u00e9rer les gens qui en sont victimes comme diff\u00e9rents, ext\u00e9rieurs \u00e0 leur communaut\u00e9.<br \/>\n<\/strong><\/span><\/p>\n<p><span style=\"color: #777777; font-family: Arial;\">C&rsquo;est pourquoi le Royaume-Uni, qui avait accueilli 250 000 Belges avec du th\u00e9 et des g\u00e2teaux entre 1914 et 1916, contribue aujourd&rsquo;hui, avec la majeure partie des pays de l&rsquo;Union europ\u00e9enne, \u00e0 la mort de milliers d&rsquo;\u00eatres humains ayant fui une guerre dans laquelle s&rsquo;affrontent un r\u00e9gime dictatorial et le groupe terroriste le plus violent (quantitativement et peut-\u00eatre qualitativement parlant) de tous les temps.<br \/>\n<\/span><\/p>\n<p><span style=\"color: #777777; font-family: Arial;\">Le peu de moralit\u00e9 qui subsistait chez les \u00c9tats europ\u00e9ens est en train de s&rsquo;\u00e9vaporer.\u00a0\u00bb<br \/>\n<\/span><\/p>\n<p><span style=\"color: #777777; font-family: Arial;\">C&rsquo;est un autre regard sur la crise des migrants qui sont aux fronti\u00e8res de notre espace europ\u00e9en.<br \/>\n<\/span><\/p>\n<p><span style=\"color: #777777; font-family: Arial;\">Je peux aussi vous inciter \u00e0 \u00e9couter<a href=\"http:\/\/www.franceculture.fr\/emissions\/l-esprit-public\/les-politiques-d-accueil-des-refugies-avec-pascal-brice\"><span style=\"color: blue; text-decoration: underline;\"> cette belle \u00e9mission o\u00f9 Philippe Meyer avait invit\u00e9 Pascal Brice,<\/span><\/a> directeur de L&rsquo;OFPRA (l&rsquo;Office fran\u00e7ais de protection des r\u00e9fugi\u00e9s et apatrides) qui d&rsquo;une voix calme, pos\u00e9e explique avec intelligence et humanit\u00e9 le r\u00f4le de l&rsquo;\u00e9tablissement qu&rsquo;il dirige, toujours en se r\u00e9f\u00e9rant aux valeurs que sous-tendent le droit de r\u00e9fugi\u00e9s. Il montre aussi le d\u00e9fi auquel nous sommes confront\u00e9s.<\/span><\/p>\n<p><span style=\"color: #777777; font-family: Arial;\"><span style=\"color: #800000;\">&lt;688&gt;<\/span><br \/>\n<\/span><\/p>\n","protected":false},"excerpt":{"rendered":"<p>Jeudi 21 Avril 2016 \u00abVivre et laisser mourir\u00bb Michel Foucault Donc le Pape Fran\u00e7ois s&rsquo;est, \u00e0 nouveau pench\u00e9, sur le sujet des r\u00e9fugi\u00e9s et il a m\u00eame ramen\u00e9 concr\u00e8tement 12 r\u00e9fugi\u00e9s au Vatican. Conversation est un site o\u00f9 on peut<\/p>\n","protected":false},"author":1,"featured_media":0,"comment_status":"closed","ping_status":"closed","sticky":false,"template":"","format":"standard","meta":{"footnotes":""},"categories":[1],"tags":[50,95,6],"class_list":["post-1694","post","type-post","status-publish","format-standard","hentry","category-motdujour","tag-europe","tag-immigration","tag-philosophie"],"_links":{"self":[{"href":"https:\/\/lemotdujour.fr\/index.php?rest_route=\/wp\/v2\/posts\/1694","targetHints":{"allow":["GET"]}}],"collection":[{"href":"https:\/\/lemotdujour.fr\/index.php?rest_route=\/wp\/v2\/posts"}],"about":[{"href":"https:\/\/lemotdujour.fr\/index.php?rest_route=\/wp\/v2\/types\/post"}],"author":[{"embeddable":true,"href":"https:\/\/lemotdujour.fr\/index.php?rest_route=\/wp\/v2\/users\/1"}],"replies":[{"embeddable":true,"href":"https:\/\/lemotdujour.fr\/index.php?rest_route=%2Fwp%2Fv2%2Fcomments&post=1694"}],"version-history":[{"count":5,"href":"https:\/\/lemotdujour.fr\/index.php?rest_route=\/wp\/v2\/posts\/1694\/revisions"}],"predecessor-version":[{"id":13512,"href":"https:\/\/lemotdujour.fr\/index.php?rest_route=\/wp\/v2\/posts\/1694\/revisions\/13512"}],"wp:attachment":[{"href":"https:\/\/lemotdujour.fr\/index.php?rest_route=%2Fwp%2Fv2%2Fmedia&parent=1694"}],"wp:term":[{"taxonomy":"category","embeddable":true,"href":"https:\/\/lemotdujour.fr\/index.php?rest_route=%2Fwp%2Fv2%2Fcategories&post=1694"},{"taxonomy":"post_tag","embeddable":true,"href":"https:\/\/lemotdujour.fr\/index.php?rest_route=%2Fwp%2Fv2%2Ftags&post=1694"}],"curies":[{"name":"wp","href":"https:\/\/api.w.org\/{rel}","templated":true}]}}