{"id":16900,"date":"2026-09-03T00:14:00","date_gmt":"2026-09-02T22:14:00","guid":{"rendered":"https:\/\/lemotdujour.fr\/?p=16900"},"modified":"2026-09-03T23:34:34","modified_gmt":"2026-09-03T21:34:34","slug":"vendredi-4-septembre-2026","status":"publish","type":"post","link":"https:\/\/lemotdujour.fr\/?p=16900","title":{"rendered":"Vendredi 4 septembre 2026"},"content":{"rendered":"<div class=\"mdjTexte\">\u00ab L\u2019\u00e9tat de droit et la hi\u00e9rarchie des normes. \u00bb<\/div>\n<div class=\"mdjAuteur\">Bases d\u2019une d\u00e9mocratie apais\u00e9e et protectrice des citoyens.<\/div>\n<p><span style=\"color: #777777; font-family: arial;\">Dans le pr\u00e9c\u00e9dent mot du jour <a href=\"https:\/\/lemotdujour.fr\/?p=16893\"><span style=\"color: #0000ff;\">du 31 ao\u00fbt 2026<\/span><\/a>, j\u2019ai rappel\u00e9 que le G\u00e9n\u00e9ral de Gaulle avait viol\u00e9 la constitution qu\u2019il avait, lui-m\u00eame, fait voter pour imposer un r\u00e9f\u00e9rendum qui allait la modifier et introduire l\u2019\u00e9lection du pr\u00e9sident r\u00e9publique au suffrage universel \u00e0 deux tours !<\/span><\/p>\n<p><span style=\"color: #777777; font-family: arial;\">Je pr\u00e9cisais que j\u2019allais revenir sur cette trahison parce que Marine Le Pen veut, si elle est \u00e9lue, se pr\u00e9valoir de ce pr\u00e9c\u00e9dent f\u00e2cheux pour, elle aussi, modifier la constitution avec la m\u00eame proc\u00e9dure fallacieuse et esp\u00e9rer que les fran\u00e7ais approuveront ses propositions radicales sur l\u2019immigration, l\u2019abolition du droit du sol, la \u00ab priorit\u00e9 nationale \u00bb dans l\u2019acc\u00e8s aux logements, aux emplois, aux services publics et aux aides sociales, et une limitation drastique du droit d\u2019asile.<\/span><\/p>\n<p><span style=\"color: #777777; font-family: arial;\">Le programme du RN pour les pr\u00e9sidentielles est encore assez flou, mais sur ce point il existe un document pr\u00e9cis, d\u00e9pos\u00e9 le 25 janvier 2024 \u00e0 l\u2019Assembl\u00e9e nationale par Marine Le Pen et ses parlementaires : \u00ab <a href=\"https:\/\/www.assemblee-nationale.fr\/dyn\/16\/textes\/l16b2120_proposition-loi\"><span style=\"color: #0000ff;\">Proposition de loi constitutionnelle Citoyennet\u00e9-Identit\u00e9-Immigration, n\u00b0 2120<\/span><\/a> \u00bb<\/span><\/p>\n<p><span style=\"color: #777777; font-family: arial;\">Une seule modification a \u00e9t\u00e9 apport\u00e9e \u00e0 ce texte : Marine Le Pen a renonc\u00e9 \u00e0 la disposition qui ouvrait le droit d\u2019interdire, l\u2019acc\u00e8s des emplois publics aux binationaux.<br \/>\nSelon l\u2019article du journal \u00ab Le Monde \u00bb qui s\u2019alarme de cette volont\u00e9 et de cette mani\u00e8re de changer la constitution, ce texte ne devrait pas subir de changement majeur d\u2019ici \u00e0 la pr\u00e9sidentielle, hormis l\u2019\u00e9volution cit\u00e9e ci-avant : \u00ab <a href=\"https:\/\/www.lemonde.fr\/politique\/article\/2026\/08\/17\/presidentielle-2027-le-referendum-constitutionnel-de-marine-le-pen-un-coup-d-etat-sur-le-fond-et-sur-la-forme_6747963_823448.html?srsltid=AfmBOoqBuD8WLPT2Oyrh0RQysfP9EjZextJDakCeTFCFZtSgwUr31i-1\"><span style=\"color: #0000ff;\">le r\u00e9f\u00e9rendum constitutionnel de Marine Le Pen, \u00ab un coup d\u2019Etat sur le fond et sur la forme<\/span><\/a> \u00bb<\/span><\/p>\n<p><span style=\"color: #777777; font-family: arial;\">De mani\u00e8re factuelle, Marine Le Pen, comme l\u2019avait fait en 1962 De Gaulle, veut r\u00e9former la Constitution en utilisant le r\u00e9f\u00e9rendum pr\u00e9vu \u00e0 <a href=\"https:\/\/www.legifrance.gouv.fr\/loda\/article_lc\/LEGIARTI000019241004\"><span style=\"color: #0000ff;\"><strong>l\u2019article 11<\/strong><\/span><\/a> de ladite constitution et non par l\u2019article pr\u00e9vue pour la r\u00e9vision constitutionnelle : <a href=\"https:\/\/www.legifrance.gouv.fr\/loda\/article_lc\/LEGIARTI000019240655\"><span style=\"color: #0000ff;\"><strong>l\u2019article 89.<\/strong><\/span><\/a><\/span><\/p>\n<p><span style=\"color: #777777; font-family: arial;\">Si cet aspect technique vous int\u00e9resse je vous renvoie vers ces deux articles dont je vous ai donn\u00e9 le lien.<\/span><\/p>\n<p><span style=\"color: #777777; font-family: arial;\">Mais sur le fond, il ne s\u2019agit pas d\u2019un probl\u00e8me technique, c\u2019est beaucoup plus grave et important et je vais essayer de vous expliquer cela.<\/span><\/p>\n<p><span style=\"color: #777777; font-family: arial;\">Dans le fond, il faut se poser la question qu\u2019est ce que c\u2019est qu\u2019une d\u00e9mocratie ? Est-ce que qu\u2019une d\u00e9mocratie est simplement un syst\u00e8me dans lequel apr\u00e8s un vote, la majorit\u00e9 peut imposer sa volont\u00e9 sans tenir compte de la minorit\u00e9 et m\u00eame en opprimant la minorit\u00e9 et en imposant le r\u00e8gne de l\u2019arbitraire ?<\/span><\/p>\n<p><span style=\"color: #777777; font-family: arial;\">Des philosophes, des hommes sages comme <strong>John Locke<\/strong> (1632-1704),<strong> Emmanuel Kant (<\/strong>1724-1804) et particuli\u00e8rement <strong>Montesquieu<\/strong> (1689-1755) dans son ouvrage \u00ab <strong>De l&rsquo;esprit des lois<\/strong> \u00bb r\u00e9pondent n\u00e9gativement \u00e0 cette question et consid\u00e8rent que pour que la d\u00e9mocratie fonctionne de mani\u00e8re apais\u00e9e et en respectant la libert\u00e9 de chacun il faut des limites qui pr\u00e9servent les droits de la minorit\u00e9 et la libert\u00e9 individuelle. On appelle cela \u00ab l\u2019\u00e9tat de droit \u00bb<\/span><\/p>\n<p><span style=\"color: #777777; font-family: arial;\">L\u2019\u00e9tat de droit doit \u00eatre distingu\u00e9 de \u00ab l\u2019\u00e9tat du Droit \u00bb. L\u2019\u00e9tat du Droit est l\u2019ensemble des r\u00e8gles juridiques qui s\u2019appliquent \u00e0 un moment donn\u00e9 : En 1960, seul un couple d\u2019un homme et d\u2019une femme pouvait se marier. En 2026, deux personnes ayant le m\u00eame sexe peuvent se marier. L\u2019\u00e9tat du Droit a \u00e9volu\u00e9.<\/span><\/p>\n<p><span style=\"color: #777777; font-family: arial;\">\u00ab L\u2019\u00e9tat de droit \u00bb c\u2019est autre chose. Wikipedia donne cette excellente d\u00e9finition : <\/span><\/p>\n<p style=\"margin-left: 28pt;\"><span style=\"color: #c00000; font-family: arial;\">\u00ab L&rsquo;\u00e9tat de droit est un concept juridique, philosophique et politique qui suppose la pr\u00e9\u00e9minence, dans un \u00c9tat, du droit sur le pouvoir politique, ainsi que son respect par chacun, gouvernants et gouvern\u00e9s. Ceci constitue une approche o\u00f9 chacun, l&rsquo;individu comme la puissance publique, est soumis \u00e0 un m\u00eame droit fond\u00e9 sur le principe du respect de ses normes. \u00bb<\/span><\/p>\n<p><span style=\"color: #777777; font-family: arial;\">De mani\u00e8re plus concr\u00e8te l\u2019\u00e9tat de droit repose sur trois piliers : <\/span><\/p>\n<ol>\n<li><span style=\"color: #777777; font-family: arial;\">La hi\u00e9rarchie des normes<\/span><\/li>\n<li><span style=\"color: #777777; font-family: arial;\">L&rsquo;\u00e9galit\u00e9 devant la loi<\/span><\/li>\n<li><span style=\"color: #777777; font-family: arial;\">La s\u00e9paration des pouvoirs.<\/span><\/li>\n<\/ol>\n<p><span style=\"color: #777777; font-family: arial;\">L\u2019essentiel de ce mot du jour portera sur la hi\u00e9rarchie des normes.<\/span><\/p>\n<p><span style=\"color: #777777; font-family: arial;\">Pour synth\u00e9tiser les deux autres piliers, on peut les expliquer ainsi :<\/span><\/p>\n<p><span style=\"color: #777777; font-family: arial;\"><strong>L&rsquo;\u00e9galit\u00e9 devant la loi<\/strong> signifie que chaque personne physique comme chaque personne morale est soumise aux m\u00eames r\u00e8gles et b\u00e9n\u00e9ficient des m\u00eames droits fondamentaux. Cette situation acte la fin des privil\u00e8ges par exemple de l\u2019ancien r\u00e9gime dans lequel les nobles avaient des droits dont ne disposaient pas les membres du tiers \u00e9tat.<\/span><\/p>\n<p><span style=\"color: #777777; font-family: arial;\"><strong>La s\u00e9paration des pouvoirs<\/strong> emp\u00eache qu&rsquo;un pouvoir unique ne devienne dictatorial. Les comp\u00e9tences \u00e9tatiques sont r\u00e9parties entre des organes distincts et ind\u00e9pendants :<\/span><\/p>\n<ul>\n<li><span style=\"color: #777777; font-family: arial;\">Le pouvoir l\u00e9gislatif est charg\u00e9 de voter les lois (le Parlement).<\/span><\/li>\n<li><span style=\"color: #777777; font-family: arial;\">Le pouvoir ex\u00e9cutif est charg\u00e9 d&rsquo;appliquer les lois et de g\u00e9rer l&rsquo;administration (le Gouvernement).<\/span><\/li>\n<li><span style=\"color: #777777; font-family: arial;\">L\u2019autorit\u00e9 judiciaire est charg\u00e9e de trancher les litiges, de faire respecter les textes en toute neutralit\u00e9 et ind\u00e9pendance des deux autres pouvoirs (les tribunaux et les cours de justice).<\/span><\/li>\n<\/ul>\n<p><span style=\"color: #777777; font-family: arial;\"><strong>La hi\u00e9rarchie des normes<\/strong> est le premier pilier de l\u2019\u00e9difice. Cette structure d\u2019organisation impose que chaque r\u00e8gle juridique tire sa l\u00e9gitimit\u00e9 d&rsquo;une norme sup\u00e9rieure. La Constitution se place au sommet de cet ensemble<\/span><\/p>\n<p><span style=\"color: #777777; font-family: arial;\">Concr\u00e8tement cela signifie qu\u2019un arr\u00eat\u00e9 pr\u00e9fectoral ne peut pas contredire un d\u00e9cret du gouvernement qui lui-m\u00eame ne peut pas \u00eatre contraire \u00e0 une Loi du Parlement. Et enfin la Loi doit respecter la constitution.<\/span><\/p>\n<p><span style=\"color: #777777; font-family: arial;\"><img loading=\"lazy\" decoding=\"async\" class=\"size-full wp-image-16902 alignleft\" src=\"https:\/\/lemotdujour.fr\/wp-content\/uploads\/2026\/09\/Pyramide-de-Kelsen.jpg\" alt=\"\" width=\"430\" height=\"306\" srcset=\"https:\/\/lemotdujour.fr\/wp-content\/uploads\/2026\/09\/Pyramide-de-Kelsen.jpg 430w, https:\/\/lemotdujour.fr\/wp-content\/uploads\/2026\/09\/Pyramide-de-Kelsen-300x213.jpg 300w\" sizes=\"auto, (max-width: 430px) 100vw, 430px\" \/><strong>Hans Kelsen<\/strong> (1881-1973), juriste austro-am\u00e9ricain a th\u00e9oris\u00e9 cette hi\u00e9rarchie qu\u2019on sch\u00e9matise souvent sous la forme d\u2019une pyramide.<\/span><\/p>\n<p><span style=\"color: #777777; font-family: arial;\">Sur cette pyramide apparait aussi les Trait\u00e9s. Souvent, on entend dire que les trait\u00e9s europ\u00e9ens sont sup\u00e9rieurs \u00e0 la constitution. C\u2019est faux. Chaque fois qu\u2019un trait\u00e9 est non conforme, il faut r\u00e9viser la constitution pour que le Trait\u00e9 soit conforme \u00e0 la constitution. <\/span><\/p>\n<p><span style=\"color: #777777; font-family: arial;\">Pour qu\u2019un trait\u00e9 s\u2019applique il faut que le Pr\u00e9sident de la R\u00e9publique le ratifie en vertu de l&rsquo;article 52 de la Constitution. Mais le Parlement (Assembl\u00e9e nationale et S\u00e9nat) doit pr\u00e9alablement autoriser cette ratification par une loi. Et le Conseil constitutionnel peut \u00eatre saisi pour v\u00e9rifier la conformit\u00e9 du trait\u00e9 \u00e0 la Constitution avant sa ratification. Si le Conseil constitutionnel d\u00e9clare le trait\u00e9 non conforme, il ne peut \u00eatre ratifi\u00e9 donc il ne peut s\u2019appliquer sauf si la Constitution est modifi\u00e9e dans les r\u00e8gles.<\/span><\/p>\n<p><span style=\"color: #777777; font-family: arial;\">Mais l\u2019essentiel de cette r\u00e9flexion se situe dans la raison d\u2019\u00eatre de la Constitution et dans les conditions dans lesquelles, elle peut \u00eatre r\u00e9vis\u00e9e.<\/span><\/p>\n<p><span style=\"color: #777777; font-family: arial;\">La Constitution organise la vie politique, elle a justement pour vocation de prot\u00e9ger la minorit\u00e9 qui a \u00e9t\u00e9 battue aux \u00e9lections pour qu\u2019elle soit respect\u00e9e et puisse jouer son r\u00f4le d\u2019opposition dans un cadre s\u00e9curis\u00e9 assurant le fonctionnement apais\u00e9 et serein des d\u00e9bats politiques. C\u2019est la r\u00e8gle du jeu.<strong> Il n\u2019est pas acceptable que le vainqueur d\u2019une partie, je veux dire d\u2019une \u00e9lection puisse modifier les r\u00e8gles du jeu d\u00e8s qu\u2019il a gagn\u00e9.<\/strong><\/span><\/p>\n<p><span style=\"color: #777777; font-family: arial;\">Le principe est simple, rationnel et respectueux des Libert\u00e9s publiques auxquels nous tenons.<\/span><\/p>\n<p><span style=\"color: #777777; font-family: arial;\">Comment fait-on pour faire respecter ce principe ?<\/span><\/p>\n<p><span style=\"color: #777777; font-family: arial;\">Tout simplement en rendant plus difficile la r\u00e9vision de la constitution que le vote d\u2019une loi.<\/span><\/p>\n<p><span style=\"color: #777777; font-family: arial;\">C\u2019est pourquoi la constitution de la 5\u00e8me R\u00e9publique a pr\u00e9vu l\u2019article 89.<\/span><\/p>\n<p><span style=\"color: #777777; font-family: arial;\">D\u2019abord il faut que le texte de r\u00e9vision soit vot\u00e9 dans les m\u00eames termes par l\u2019Assembl\u00e9e Nationale et par le S\u00e9nat.<\/span><\/p>\n<p><span style=\"color: #777777; font-family: arial;\">Pour une Loi, en principe il faut la m\u00eame chose, seulement en cas de d\u00e9saccord persistant, alors m\u00eame que des navettes parlementaires ont tent\u00e9 de rapprocher la position des deux assembl\u00e9es, l\u2019Assembl\u00e9e Nationale \u00e9lue par le suffrage direct a le dernier mot sur le S\u00e9nat \u00e9lu au suffrage indirect.<\/span><\/p>\n<p><span style=\"color: #777777; font-family: arial;\">Ensuite si cette premi\u00e8re \u00e9tape a \u00e9t\u00e9 franchie, le Pr\u00e9sident de la R\u00e9publique a le choix entre deux proc\u00e9dures pour franchir la seconde \u00e9tape.<\/span><\/p>\n<p><span style=\"color: #777777; font-family: arial;\">Il peut soit demander au congr\u00e8s qui est la r\u00e9union de l\u2019Assembl\u00e9e Nationale et du S\u00e9nat de voter le texte \u00e0 la majorit\u00e9 des 3\/5\u00e8me, soit soumettre le texte au r\u00e9f\u00e9rendum qui validera alors la r\u00e9vision par une majorit\u00e9 simple.<\/span><\/p>\n<p><span style=\"color: #777777; font-family: arial;\">On comprend donc que pour la r\u00e9vision de la constitution, si une des deux assembl\u00e9es n\u2019est pas d\u2019accord, elle dispose de ce qu\u2019on peut appeler un droit de veto, \u00e0 la premi\u00e8re \u00e9tape.<\/span><\/p>\n<p><span style=\"color: #777777; font-family: arial;\">C\u2019est ce que De Gaulle savait en 1962, le S\u00e9nat n\u2019aurait pas vot\u00e9 la r\u00e9vision constitutionnelle qui modifie l\u2019\u00e9lection du Pr\u00e9sident de la R\u00e9publique. Il ne pouvait donc pas faire passer cette r\u00e9vision.<\/span><\/p>\n<p><span style=\"color: #777777; font-family: arial;\">Alors il a utilis\u00e9 l\u2019article 11 qui pr\u00e9voit un r\u00e9f\u00e9rendum pour faire voter par l\u2019ensemble du corps \u00e9lectoral une loi qui pourrait \u00eatre vot\u00e9e en derni\u00e8re instance par l\u2019Assembl\u00e9e Nationale. Il n\u2019y a pas de premi\u00e8re \u00e9tape.<\/span><\/p>\n<p><span style=\"color: #777777; font-family: arial;\">Par cet acte, dont je r\u00e9p\u00e8te qu\u2019il s\u2019agit d\u2019un viol de la constitution, De Gaulle a fait r\u00e9viser la constitution par la proc\u00e9dure qui ne permet que de produire des lois.<\/span><\/p>\n<p><span style=\"color: #777777; font-family: arial;\">Il n\u2019a donc pas fait en sorte que la r\u00e9vision constitutionnelle soit plus difficile que de voter une Loi.<\/span><\/p>\n<p><span style=\"color: #777777; font-family: arial;\">En 1962, 77% des fran\u00e7ais sont all\u00e9s voter et ont approuv\u00e9 la r\u00e9vision \u00e0 62,25%, ce qui est une majorit\u00e9 confortable.<\/span><\/p>\n<p><span style=\"color: #777777; font-family: arial;\">Marine Le Pen veut faire la m\u00eame chose, parce qu\u2019elle aussi sait que le S\u00e9nat n\u2019acceptera pas de voter son texte<\/span><\/p>\n<p><span style=\"color: #777777; font-family: arial;\">Contrairement \u00e0 1962, le Conseil Constitutionnel qui dispose d\u00e9sormais d\u2019un r\u00f4le accru, sera saisi. Il n\u2019y a aucun doute que le Conseil Constitutionnel conclura qu\u2019elle n\u2019a pas le droit d\u2019agir ainsi. Marine Le Pen semble indiquer qu\u2019elle passera outre.<\/span><\/p>\n<p><span style=\"color: #777777; font-family: arial;\">D\u2019ailleurs, l\u2019autre candidat populiste, je veux parler de Jean-Luc Melenchon exprime aussi des vell\u00e9it\u00e9s constitutionnelles : Il veut passer \u00e0 la sixi\u00e8me R\u00e9publique et il n\u2019envisage pas non plus d\u2019utiliser l\u2019article 89 de la 5\u00e8me r\u00e9publique.Vous pouvez lire sur son site \u00ab <a href=\"https:\/\/melenchon2027.fr\/programme2025\/livre\/chapitre1\/s1\/\"><span style=\"color: #0000ff;\">Melenchon 2027<\/span><\/a> \u00bb. C&rsquo;est le chapitre premier<\/span><\/p>\n<p style=\"margin-left: 28pt;\"><span style=\"color: #c00000; font-family: arial;\">\u00ab Convoquer un r\u00e9f\u00e9rendum (article 11) pour engager le processus constituant et d\u00e9cider des modalit\u00e9s de composition de l\u2019Assembl\u00e9e constituante : mode de scrutin, parit\u00e9, tirage au sort et incompatibilit\u00e9s ; et des modalit\u00e9s de d\u00e9lib\u00e9ration : comit\u00e9s constituants et participation citoyenne \u00bb<\/span><\/p>\n<p><span style=\"color: #777777; font-family: arial;\">Melenchon veut donc aussi partir de l\u2019article 11 et ensuite faire une politique de table rase, en recommen\u00e7ant une nouvelle constitution. Normalement changer de constitution, c\u2019est la r\u00e9viser en plus radical, il faudrait aussi passer par l\u2019article 89. Mais JLM dont chacun peut constater qu\u2019il est \u00e0 la fois un d\u00e9mocrate disons \u00ab autoritaire \u00bb lorsqu\u2019il g\u00e8re son mouvement et les camarades qui expriment un avis l\u00e9g\u00e8rement divergent et qu\u2019il a quelques difficult\u00e9s \u00e0 entrer dans une phase de compromis, nous explique que le r\u00e9gime de la V\u00e8me R\u00e9publique \u00ab organise un pouvoir solitaire \u00bb et donc que la 6\u00e8me R\u00e9publique ne peut que donner un r\u00f4le plus important au Parlement. Nous avons vu fonctionner l\u2019assembl\u00e9e Nationale depuis 2022. Sans compromis cela ne fonctionne pas. D\u2019ailleurs cela ne fonctionne pas !<\/span><\/p>\n<p><span style=\"color: #777777; font-family: arial;\">Melenchon envisagerait-il de dissoudre l\u2019opposition s\u2019il est au pouvoir ? Dans ce cas le Parlement pourrait produire les Lois qu\u2019il souhaite, sans compromis, mais aussi sans d\u00e9mocratie.<\/span><\/p>\n<p><span style=\"color: #777777; font-family: arial;\">La populiste de l\u2019autre bord pourrait s\u2019en inspirer et pr\u00e9senter de la m\u00eame mani\u00e8re que Melenchon, le r\u00e9f\u00e9rendum non pas comme une r\u00e9vision de la 5\u00e8me R\u00e9publique, mais \u00e9tablissant une nouvelle R\u00e9publique Vbis avec les 14 articles qu\u2019elle veut constitutionnaliser.<\/span><\/p>\n<p><strong><span style=\"color: #777777; font-family: arial;\">Toutes ces id\u00e9es ne sont pas tr\u00e8s respectueuses de l\u2019\u00e9tat de droit.<\/span><\/strong><\/p>\n<p><span style=\"color: #777777; font-family: arial;\">Nous aurons toujours la possibilit\u00e9 de voter <strong>Non<\/strong> aux r\u00e9f\u00e9rendums qui nous serons propos\u00e9s&#8230;<\/span><\/p>\n<p><span style=\"color: #777777; font-family: arial;\">Nous pouvons aussi nous interroger si la priorit\u00e9 de la France est une modification constitutionnelle plut\u00f4t qu\u2019une \u00e9volution des m\u0153urs de notre classe politique qui se trouve devant un \u00e9lectorat fractionn\u00e9 en 3 blocs (Gauche, Centre droit, Extr\u00eame droite) ou plut\u00f4t comme je le pense en 5 (LFI, Social-d\u00e9mocratie, Centre Droit, Droite, Extr\u00eame droite).<\/span><\/p>\n<p><span style=\"color: #777777; font-family: arial;\">Aucun de ces blocs n\u2019a vocation \u00e0 avoir la majorit\u00e9 absolue \u00e0 l\u2019Assembl\u00e9e Nationale. D\u2019ailleurs j\u2019ai l\u2019impression \u00e0 entendre les candidats \u00e0 l\u2019\u00e9lection pr\u00e9sidentielle, qu\u2019une fois \u00e9lu, comme dans l\u2019ancien temps, l\u2019\u00e9lectorat fran\u00e7ais \u00e9lira une majorit\u00e9 parlementaire conforme au Pr\u00e9sident. Il me semble peu probable qu\u2019une telle \u00e9ventualit\u00e9 ait vocation \u00e0 prosp\u00e9rer. Alors comment feront-ils ?<\/span><\/p>\n<p><span style=\"color: #777777; font-family: arial;\">Pour votre r\u00e9flexion, sur le site gouvernemental \u00ab <a href=\"https:\/\/www.vie-publique.fr\/lettre_essentiel\/22\"><span style=\"color: #0000ff;\">La vie publique<\/span><\/a> \u00bb, on trouve cette carte \u00e9tablie par le World Justice Project donnant l\u2019indice de l\u2019\u00e9tat de droit des pays de l\u2019Union europ\u00e9enne, la France est tr\u00e8s moyenne.<\/span><\/p>\n<p><img loading=\"lazy\" decoding=\"async\" class=\"alignnone size-full wp-image-16907\" src=\"https:\/\/lemotdujour.fr\/wp-content\/uploads\/2026\/09\/Letat-de-droit-dans-lUnion-europeenne.jpg\" alt=\"\" width=\"603\" height=\"827\" srcset=\"https:\/\/lemotdujour.fr\/wp-content\/uploads\/2026\/09\/Letat-de-droit-dans-lUnion-europeenne.jpg 603w, https:\/\/lemotdujour.fr\/wp-content\/uploads\/2026\/09\/Letat-de-droit-dans-lUnion-europeenne-219x300.jpg 219w\" sizes=\"auto, (max-width: 603px) 100vw, 603px\" \/><\/p>\n<p><span style=\"color: #777777; font-family: arial;\">Pensez vous que si Le Pen ou Melenchon est \u00e9lu, on trouvera ce type de carte sur un site gouvernemental ? <\/span><\/p>\n","protected":false},"excerpt":{"rendered":"<p>\u00ab L\u2019\u00e9tat de droit et la hi\u00e9rarchie des normes. \u00bb Bases d\u2019une d\u00e9mocratie apais\u00e9e et protectrice des citoyens. Dans le pr\u00e9c\u00e9dent mot du jour du 31 ao\u00fbt 2026, j\u2019ai rappel\u00e9 que le G\u00e9n\u00e9ral de Gaulle avait viol\u00e9 la constitution qu\u2019il<\/p>\n","protected":false},"author":1,"featured_media":0,"comment_status":"open","ping_status":"closed","sticky":false,"template":"","format":"standard","meta":{"footnotes":""},"categories":[1],"tags":[16,15,41,3],"class_list":["post-16900","post","type-post","status-publish","format-standard","hentry","category-motdujour","tag-droit","tag-france","tag-liberte","tag-politique"],"_links":{"self":[{"href":"https:\/\/lemotdujour.fr\/index.php?rest_route=\/wp\/v2\/posts\/16900","targetHints":{"allow":["GET"]}}],"collection":[{"href":"https:\/\/lemotdujour.fr\/index.php?rest_route=\/wp\/v2\/posts"}],"about":[{"href":"https:\/\/lemotdujour.fr\/index.php?rest_route=\/wp\/v2\/types\/post"}],"author":[{"embeddable":true,"href":"https:\/\/lemotdujour.fr\/index.php?rest_route=\/wp\/v2\/users\/1"}],"replies":[{"embeddable":true,"href":"https:\/\/lemotdujour.fr\/index.php?rest_route=%2Fwp%2Fv2%2Fcomments&post=16900"}],"version-history":[{"count":10,"href":"https:\/\/lemotdujour.fr\/index.php?rest_route=\/wp\/v2\/posts\/16900\/revisions"}],"predecessor-version":[{"id":16914,"href":"https:\/\/lemotdujour.fr\/index.php?rest_route=\/wp\/v2\/posts\/16900\/revisions\/16914"}],"wp:attachment":[{"href":"https:\/\/lemotdujour.fr\/index.php?rest_route=%2Fwp%2Fv2%2Fmedia&parent=16900"}],"wp:term":[{"taxonomy":"category","embeddable":true,"href":"https:\/\/lemotdujour.fr\/index.php?rest_route=%2Fwp%2Fv2%2Fcategories&post=16900"},{"taxonomy":"post_tag","embeddable":true,"href":"https:\/\/lemotdujour.fr\/index.php?rest_route=%2Fwp%2Fv2%2Ftags&post=16900"}],"curies":[{"name":"wp","href":"https:\/\/api.w.org\/{rel}","templated":true}]}}