{"id":1690,"date":"2016-04-19T02:00:00","date_gmt":"2016-04-18T22:00:00","guid":{"rendered":"http:\/\/lemotdujour.fr\/?p=1690"},"modified":"2017-05-08T13:43:21","modified_gmt":"2017-05-08T11:43:21","slug":"mardi-19-avril-2016","status":"publish","type":"post","link":"https:\/\/lemotdujour.fr\/?p=1690","title":{"rendered":"Mardi 19 Avril 2016"},"content":{"rendered":"<div class=\"mdjDate\">Mardi 19 Avril 2016<\/div>\n<div class=\"mdjTexte\">\u00abJe ne crois pas que quoique ce soit de r\u00e9volutionnaire ait jamais \u00e9t\u00e9 invent\u00e9 par un comit\u00e9\u00bb<\/div>\n<div class=\"mdjAuteur\">Steve Wozniak, le cofondateur d\u2019Apple avec Steve Jobs<\/div>\n<div class=\"mdjComplements\">J&rsquo;ai trouv\u00e9 un article dans Slate : <a href=\"http:\/\/www.slate.fr\/story\/116177\/creatif-temps-isole-reste-du-monde\">http:\/\/www.slate.fr\/story\/116177\/creatif-temps-isole-reste-du-monde<\/a> dont le titre est : \u00abPour \u00eatre cr\u00e9atif, passez du temps isol\u00e9 du reste du monde\u00bb. Cet article renvoie vers un article anglais sur le site <a href=\"http:\/\/qz.com\/649771\/what-creative-people-understand-about-the-importance-of-being-alone\/\">&lt;Quartz&gt;<\/a> et rapporte : <\/div>\n<div class=\"mdjCiter\">\u00abUn bon ing\u00e9nieur, c&rsquo;est un peu comme un artiste. Steve Wozniak, le cofondateur d\u2019Apple, se <a href=\"https:\/\/www.brainpickings.org\/2012\/01\/18\/woz-on-creativity-and-innovation\/\">consid\u00e8re un peu comme un artiste<\/a>. Selon lui, les ing\u00e9nieurs qui ont apport\u00e9 des inventions majeures \u00e0 l\u2019humanit\u00e9 travaillent comme les cr\u00e9ateurs: seuls. <em>\u00abJe ne crois pas que quoique ce soit de r\u00e9volutionnaire ait jamais \u00e9t\u00e9 invent\u00e9 par un comit\u00e9\u00bb<\/em>, \u00e9crit-il \u00e0 propos du processus d\u2019innovation. Des \u00e9tudes ont d\u2019ailleurs montr\u00e9 la sup\u00e9riorit\u00e9 <a href=\"https:\/\/hbr.org\/2010\/02\/when-its-better-to-brainstorm\/\">de la r\u00e9flexion solitaire<\/a> sur la g\u00e9n\u00e9ration d\u2019id\u00e9es en groupe. <\/div>\n<div class=\"mdjCiter\">Cette sagesse se heurte \u00e0 la marche d\u2019un monde dans lequel chacun est toujours plus connect\u00e9 aux autres, que ce soit dans l\u2019espace physique ou par l\u2019interm\u00e9diaire des technologies de communication \u00e0 distance, et \u00e0 des sollicitations innombrables qui empruntent les multiples canaux du marketing.\u00a0 Dans ce contexte hostile d\u2019infob\u00e9sit\u00e9 permanente, un article de Quartz insiste <a href=\"http:\/\/qz.com\/649771\/what-creative-people-understand-about-the-importance-of-being-alone\/\">sur les vertus du travail solitaire<\/a>, \u00e0 une \u00e9poque o\u00f9 la demande de cr\u00e9ativit\u00e9 a supplant\u00e9 l\u2019exigence de conformit\u00e9 aux normes dans le domaine professionnel. Cette capacit\u00e9 \u00e0 travailler seul n\u2019est cependant pas comparable avec un \u00e9tat d\u2019ennui, et encore moins avec la d\u00e9tresse de la solitude. Il s\u2019agit plut\u00f4t d\u2019un \u00e9tat de compl\u00e9tude dans lequel l\u2019individu donne le meilleur de lui-m\u00eame.<\/div>\n<div class=\"mdjCiter\">Selon Ester Buchholz, psychologue et auteure d\u2019un essai sur la solitude, <em>\u00ables autres nous inspirent, les informations nous nourrissent, la pratique am\u00e9liore notre performance, mais nous avons besoin de moments de calme pour comprendre les choses, faire des d\u00e9couvertes et pour faire \u00e9merger des r\u00e9ponses originales.\u00bb<\/em><\/div>\n<div class=\"mdjCiter\">Cela suppose par contre d\u2019affronter ses \u00e9motions et de faire face \u00e0 ses souvenirs sur de longues p\u00e9riodes. Ou, comme le formule la romanci\u00e8re danoise Dorthe Nors, \u00e0 rester dans une zone d\u2019inconfort \u00e9motionnel pour en tirer l\u2019inspiration. Sans devenir ermite pour autant, \u00eatre capable de s\u2019isoler peut donc s\u2019av\u00e9rer b\u00e9n\u00e9fique.\u00bb<\/div>\n<div class=\"mdjComplements\">Voil\u00e0 qui est dit ! Et je reviens vers le mouvement Nuit debout.<\/div>\n<div class=\"mdjComplements\">Et je vais commencer par ce qui fait mal, parce que bien s\u00fbr ce mouvement est comme tous les autres infiltr\u00e9s par des \u00ab\u00a0cons\u00a0\u00bb. Il y a les casseurs, mais il y a aussi les intol\u00e9rants qui ont chass\u00e9 Alain Finkielkraut de la Place de la R\u00e9publique o\u00f9 il \u00e9tait simplement all\u00e9\u00a0 pour \u00e9couter.<\/div>\n<div class=\"mdjComplements\">Le reste est relat\u00e9 par le site <a href=\"http:\/\/www.huffingtonpost.fr\/2016\/04\/16\/alain-finkielkraut-nuit-debout-chahute-video_n_9709996.html\">Slate.fr<\/a> :<\/div>\n<div class=\"mdjCiter\"> \u00abL&rsquo;exp\u00e9dition aura \u00e9t\u00e9 de courte dur\u00e9e. Alors qu&rsquo;il venait d&rsquo;arriver place de la R\u00e9publique \u00e0 Paris \u00ab\u00a0pour \u00e9couter\u00a0\u00bb les revendications des participants au mouvement \u00ab\u00a0Nuit debout\u00a0\u00bb, qui dure depuis maintenant plus de deux semaines, Alain Finkielkraut a rapidement \u00e9t\u00e9 pris \u00e0 partie. Des clips post\u00e9s sur les r\u00e9seaux sociaux montrent que le philosophe pol\u00e9mique a notamment \u00e9t\u00e9 accueilli samedi 16 avril par des manifestants qui lui ont lanc\u00e9 \u00ab\u00a0casse-toi\u00a0\u00bb ou encore \u00ab\u00a0facho\u00a0\u00bb. \u00ab\u00a0Saloperies\u00a0\u00bb, \u00ab\u00a0fascistes\u00a0\u00bb[&#8230;]<\/div>\n<div class=\"mdjCiter\">Interrog\u00e9 par le \u00ab\u00a0Cercle des Volontaires\u00a0\u00bb alors qu&rsquo;il quittait la place de la R\u00e9publique, Alain Finkielkraut a expliqu\u00e9 qu&rsquo;il ne venait \u00ab\u00a0m\u00eame pas pour intervenir ou faire valoir [ses] id\u00e9es\u00a0\u00bb mais seulement pour \u00ab\u00a0\u00e9couter\u00a0\u00bb. \u00ab\u00a0On a voulu purifier la place de la R\u00e9publique de ma pr\u00e9sence\u00a0\u00bb, a-t-il estim\u00e9 en pr\u00e9sence de sa femme. \u00ab\u00a0Je pense que s&rsquo;il n&rsquo;y avait pas eu de service d&rsquo;ordre, je me faisais lyncher\u00a0\u00bb. \u00ab\u00a0J&rsquo;ai \u00e9t\u00e9 expuls\u00e9 d&rsquo;une place o\u00f9 doivent r\u00e9gner la d\u00e9mocratie et le pluralisme, donc cette d\u00e9mocratie c&rsquo;est du bobard, ce pluralisme c&rsquo;est un mensonge\u00a0\u00bb, a encore regrett\u00e9 le philosophe\u00bb<\/div>\n<div class=\"mdjComplements\">Voil\u00e0 qui est dit aussi !<\/div>\n<div class=\"mdjComplements\">Nuit debout fait suite \u00e0 d&rsquo;autres mouvements comme <a href=\"https:\/\/fr.wikipedia.org\/wiki\/Occupy_Wall_Street\">&lt;Occupy Wall Street&gt;<\/a>, d&rsquo;ailleurs le mouvement a eu la visite de <a href=\"http:\/\/next.liberation.fr\/livres\/2014\/06\/25\/l-irreductible-d-occupy-wall-street_1050420\">&lt;David Graeber, l&rsquo;anthropologue qui s&rsquo;\u00e9tait beaucoup impliqu\u00e9 dans ce mouvement&gt;<\/a> . Aujourd&rsquo;hui, la candidature et le succ\u00e8s rencontr\u00e9 par Bernie Sanders dans les primaires D\u00e9mocrate et qui ose dire qu&rsquo;il est socialiste est une continuation de ce mouvement.\u00a0<a href=\"http:\/\/www.lesinrocks.com\/2016\/04\/13\/actualite\/nuit-debout-occupy-wall-street-meme-combat-11819431\/\">&lt;Le journal les inrocks.com d\u00e9bat d&rsquo;ailleurs de ce rapprochement entre Nuit debout et occupy wall street&gt;<\/a> <\/div>\n<div class=\"mdjComplements\">En Espagne il y eut <a href=\"https:\/\/fr.wikipedia.org\/wiki\/Mouvement_des_Indign%C3%A9s\">le mouvement des Indign\u00e9s (Indignados en espagnol)<\/a>, cette fois c&rsquo;est le parti <a href=\"https:\/\/fr.wikipedia.org\/wiki\/Podemos_%28parti_espagnol%29\">&lt;Podemos<\/a>&gt; avec son leader<a href=\"https:\/\/fr.wikipedia.org\/wiki\/Pablo_Iglesias_Turri%C3%B3n\"> &lt;Pablo Iglesias&gt;<\/a>\u00a0 qui sont issus de cette initiative.<\/div>\n<div class=\"mdjComplements\">Nuit debout veut \u00eatre un mouvement diff\u00e9rent, notamment en refusant de g\u00e9n\u00e9rer des leaders pour \u00e9viter la d\u00e9rive Podemos, les participants semblent particuli\u00e8rement inquiet d&rsquo;une possible r\u00e9cup\u00e9ration politique ou m\u00e9diatique. <\/div>\n<div class=\"mdjComplements\">Comme je ne me sens pas l&rsquo;\u00e9nergie ni la sant\u00e9 pour aller voir de mes propres yeux, je suis oblig\u00e9 d&rsquo;entendre le t\u00e9moignage d&rsquo;autres : <a href=\"http:\/\/www.europe1.fr\/culture\/bernard-lavilliers-nuit-debout-se-reclame-dune-forme-danarchie-2717305\">&lt;Ainsi Bernard Lavilliers qui d\u00e9clare sur Europe 1&gt; <\/a>: \u00abCette place de la R\u00e9publique c\u2019est un forum [&#8230;] Nuit debout se r\u00e9clame d\u2019une forme d\u2019anarchie. Cette place de la R\u00e9publique, c\u2019est un forum, Il y a des &lsquo;y a qu&rsquo;\u00e0&rsquo; et des &lsquo;faudrait&rsquo;, mais je trouve \u00e7a pas mal. \u00c7a n\u2019a rien \u00e0 voir avec la loi Travail, c\u2019est certainement parti de l\u00e0 mais \u00e7a s\u2019est \u00e9tendu \u00e0 beaucoup d\u2019autres choses [&#8230;Comme par exemple] cette sorte de tyrannie des \u00e9narques, qui sont d\u2019une arrogance incroyable et se penchent sur les probl\u00e8mes du peuple, et dont le peuple ne veut plus. \u00bb<\/div>\n<div class=\"mdjComplements\">Evidemment le journal <a href=\"http:\/\/www.lefigaro.fr\/vox\/politique\/2016\/04\/08\/31001-20160408ARTFIG00311-nuit-debout-le-crepuscule-des-bobos.php\">&lt;Le Figaro&gt;<\/a> est beaucoup plus critique: <\/div>\n<div class=\"mdjCiter\">\u00ab Ce qui frappe au premier abord dans la Nuit Debout, c&rsquo;est la forte homog\u00e9n\u00e9it\u00e9 sociale du mouvement. D&rsquo;ordinaire, la place de la R\u00e9publique est bigarr\u00e9e. Ce sentiment de m\u00e9lange est volontiers accru par les \u00e9v\u00e9nements qui se d\u00e9roulent r\u00e9guli\u00e8rement sur la place: occupation p\u00e9riodique par des migrants ou par des familles africaines menac\u00e9es d&rsquo;expulsion et prot\u00e9g\u00e9es par le Droit au Logement, mais aussi quadrillage par les familles Roms qui dorment dans la rue avec leurs b\u00e9b\u00e9s et leurs enfants. Le tour de force de la Nuit Debout est de babiller sans lassitude apparente sur le sexe des anges solidaires, de gauche, r\u00e9volutionnaires, progressistes et autres adjectifs bisounours, dans un entre soi tr\u00e8s bien huil\u00e9. Ici, on est bien, on est tranquille, on est humaniste, mais on est d&rsquo;abord des quartiers centraux de Paris. On adore d\u00e9noncer la pr\u00e9carit\u00e9 et la discrimination, mais selon l&rsquo;\u00e9tiquette bobo en vigueur, qui accorde une place nulle aux \u00abminorit\u00e9s visibles\u00bb, manifestement peu int\u00e9ress\u00e9es par les sujets qui se traitent. [&#8230;]<\/div>\n<div class=\"mdjCiter\">Une autre caract\u00e9ristique de la Nuit Debout tient \u00e0 son aversion pour le salari\u00e9. C&rsquo;est l&rsquo;Autre: on le plaint, on se bat pour lui, mais on ne le c\u00f4toie pas. Tout est fait, dans la Nuit Debout, pour le d\u00e9courager de venir. Le premier argument est dans la d\u00e9finition m\u00eame de la manifestation: nocturne, noctambule, elle n&rsquo;est gu\u00e8re accessible \u00e0 celui qui sort fourbu d&rsquo;une journ\u00e9e de travail et qui doit embrayer t\u00f4t le lendemain. Il peut venir, certes, de temps \u00e0 autre. Mais il doit attendre pendant des heures avant de pouvoir parler pendant trois minutes selon un formalisme fig\u00e9 qui laisse peu de place \u00e0 l&rsquo;amateurisme. Dans la Nuit Debout, le salari\u00e9, le prol\u00e9taire, est une ic\u00f4ne. On aime le voir en peinture, mais il ne faudrait pas qu&rsquo;il s&rsquo;imagine changer les choses au jour le jour. La preuve? Le mouvement a finalement consid\u00e9r\u00e9 que la r\u00e9sistance \u00e0 la loi El-Khomri \u00e9tait un pr\u00e9texte un peu vain, et qu&rsquo;il valait mieux refaire le monde sans parler d&rsquo;actualit\u00e9. [&#8230;] <\/div>\n<div class=\"mdjCiter\">Cette dominante sociologique s&rsquo;explique par le caract\u00e8re faussement improvis\u00e9 du mouvement. Depuis longtemps, les indign\u00e9s fran\u00e7ais sont noyaut\u00e9s par un petit groupe d&rsquo;intellectuels auto-centr\u00e9s qui n&rsquo;ont nulle envie de se m\u00e9langer \u00e0 d&rsquo;horribles petits bourgeois qui procr\u00e9ent, qui s&rsquo;occupent de leurs moutards et qui cultivent les relations familiales. Ceux-l\u00e0 sont des catholiques int\u00e9gristes en puissance qu&rsquo;il faut \u00e9carter.\u00bb<\/div>\n<div class=\"mdjComplements\">Cet article, publi\u00e9 le 8 avril, pr\u00e9disait une fin rapide de cet incongruit\u00e9 : \u00abFait par les Blancs pour les Blancs, fait par les bourgeois pour les bourgeois, fait par les bobos pour les bobos, il ne devrait pas tarder \u00e0 mourir de sa belle mort, \u00e0 moins qu&rsquo;une mutation du virus ne conduisent \u00e0 une radicalisation et une popularisation inattendue.\u00bb<\/div>\n<div class=\"mdjComplements\">Il semble cependant que le mouvement soit parvenu \u00e0 essaimer en banlieue, nuan\u00e7ant ainsi un peu la pr\u00e9diction ou l&rsquo;espoir du Figaro.<\/div>\n<div class=\"mdjComplements\"><a href=\"http:\/\/www.lesinrocks.com\/2016\/04\/09\/actualite\/participants-de-nuit-debout-veulent-repenser-systeme-politique-ensemble-11818478\/\">&lt;Le site Inrocks pr\u00e9sente le mouvement sous un regard beaucoup plus favorable et souligne cette volont\u00e9 qui \u00e9merge de repenser le syst\u00e8me politique dans son ensemble&gt;<\/a><\/div>\n<div class=\"mdjComplements\">Car en effet, c&rsquo;est bien la d\u00e9mocratie repr\u00e9sentative qui est en questionnement.<\/div>\n<div class=\"mdjComplements\">Quand on \u00e9coute le Pr\u00e9sident de la R\u00e9publique actuel s&rsquo;exprimer \u00e0 la t\u00e9l\u00e9vision, on oscille entre la compassion (<em>il fait ce qu&rsquo;il peut et il peut peu<\/em>), l&rsquo;exasp\u00e9ration (<em>il dit des choses totalement en d\u00e9calage avec ce que vivent les gens du type \u00e7a va mieux, les outils sont en place pour une am\u00e9lioration<\/em>) le d\u00e9couragement (<em>il ne donne aucun sens \u00e0 son action, on ne comprend pas o\u00f9 on va, on ignore ce qu&rsquo;imagine cet homme du pass\u00e9, du monde de demain<\/em>).<\/div>\n<div class=\"mdjComplements\">Il est donc pertinent de trouver de nouvelles pistes.<\/div>\n<div class=\"mdjComplements\">Mais est-ce dans la possibilit\u00e9 de Nuit debout.<\/div>\n<div class=\"mdjComplements\">Que pensent-ils ? Vers quoi voudraient-ils aller ?<\/div>\n<div class=\"mdjComplements\">Ils r\u00e9p\u00e8tent que c&rsquo;est trop t\u00f4t, qu&rsquo;il faut attendre les r\u00e9flexions des commissions, des AG etc&#8230;<\/div>\n<div class=\"mdjComplements\">Il y a quand m\u00eame Fr\u00e9d\u00e9ric Lordon qui s&rsquo;exprime, mais comme simple participant parmi d&rsquo;autres bien qu&rsquo;il soit probablement celui qui dispose de la pens\u00e9e la plus structur\u00e9e et la plus aboutie.<\/div>\n<div class=\"mdjComplements\">Alors vous verrez <a href=\"https:\/\/www.youtube.com\/watch?v=yge9H6id8ck\">&lt;Ici&gt;<\/a> (\u00e0 partir de 3&rsquo;50) son intervention du 9 avril 2016 dans laquelle il n&rsquo;appelle pas \u00e0 la gr\u00e8ve g\u00e9n\u00e9rale mais dit que c&rsquo;est la cons\u00e9quence normale du mouvement et que dans un \u00e9lan Proudhonien <a href=\"https:\/\/fr.wikipedia.org\/wiki\/Pierre-Joseph_Proudhon\">&lt;La propri\u00e9t\u00e9 c&rsquo;est le vol&gt;<\/a>, il appelle \u00e0 la fin de la propri\u00e9t\u00e9 priv\u00e9e.<\/div>\n<div class=\"mdjComplements\">Je n&rsquo;affirme pas que ce n&rsquo;est pas la solution de nos probl\u00e8mes mais j&rsquo;ai l&rsquo;intuition que cette id\u00e9e n&rsquo;a pas beaucoup vocation \u00e0 prosp\u00e9rer au niveau national et encore moins dans l&rsquo;Europe telle qu&rsquo;elle existe actuellement.<\/div>\n<div class=\"mdjComplements\">Pour aller plus loin, je vous invite \u00e0 lire son entretien \u00e0 la revue \u00e9cologique \u00ab\u00a0Reporterre\u00a0\u00bb : <a href=\"http:\/\/reporterre.net\/Il-faut-cesser-de-dire-ce-que-nous-ne-voulons-pas-pour-commencer-a-dire-ce-que\">\u00ab Il faut cesser de dire ce que nous ne voulons pas pour commencer \u00e0 dire ce que nous voulons \u00bb<\/a><\/div>\n<div class=\"mdjComplements\">Tout ceci me laisse assez songeur et j&rsquo;en reviens \u00e0 l&rsquo;exergue du mot du jour : \u00abJe ne crois pas que quoique ce soit de r\u00e9volutionnaire ait jamais \u00e9t\u00e9 invent\u00e9 par un comit\u00e9\u00bb<\/div>\n<div class=\"mdjComplements\">J&rsquo;exprime donc une grande perplexit\u00e9 quant aux d\u00e9bouch\u00e9s concrets et rapides des r\u00e9flexions qui peuvent sortir des brain storming des commissions et Assembl\u00e9e G\u00e9n\u00e9rale de ce mouvement.<\/div>\n<div class=\"mdjComplements\">Cela \u00e9tant, il est rassurant et positif, qu&rsquo;\u00e0 l&rsquo;\u00e8re du num\u00e9rique,\u00a0 des gens et singuli\u00e8rement des jeunes, se r\u00e9unissent physiquement pour parler ensemble, sur une place embl\u00e9matique de Paris, de se voir, d&rsquo;\u00eatre en face \u00e0 face.<\/div>\n<div class=\"mdjComplements\">C&rsquo;est pourquoi je continuerai \u00e0 regarder ce mouvement avec bienveillance s&rsquo;il ne s&rsquo;abime pas dans la violence et qu&rsquo;il parvient \u00e0 canaliser les cr\u00e9tins qui se sont attaqu\u00e9s physiquement et verbalement \u00e0 Alain Finkielkraut.<\/div>\n","protected":false},"excerpt":{"rendered":"<p>Mardi 19 Avril 2016 \u00abJe ne crois pas que quoique ce soit de r\u00e9volutionnaire ait jamais \u00e9t\u00e9 invent\u00e9 par un comit\u00e9\u00bb Steve Wozniak, le cofondateur d\u2019Apple avec Steve Jobs J&rsquo;ai trouv\u00e9 un article dans Slate : http:\/\/www.slate.fr\/story\/116177\/creatif-temps-isole-reste-du-monde dont le titre<\/p>\n","protected":false},"author":1,"featured_media":0,"comment_status":"closed","ping_status":"closed","sticky":false,"template":"","format":"standard","meta":{"footnotes":""},"categories":[1],"tags":[],"class_list":["post-1690","post","type-post","status-publish","format-standard","hentry","category-motdujour"],"_links":{"self":[{"href":"https:\/\/lemotdujour.fr\/index.php?rest_route=\/wp\/v2\/posts\/1690","targetHints":{"allow":["GET"]}}],"collection":[{"href":"https:\/\/lemotdujour.fr\/index.php?rest_route=\/wp\/v2\/posts"}],"about":[{"href":"https:\/\/lemotdujour.fr\/index.php?rest_route=\/wp\/v2\/types\/post"}],"author":[{"embeddable":true,"href":"https:\/\/lemotdujour.fr\/index.php?rest_route=\/wp\/v2\/users\/1"}],"replies":[{"embeddable":true,"href":"https:\/\/lemotdujour.fr\/index.php?rest_route=%2Fwp%2Fv2%2Fcomments&post=1690"}],"version-history":[{"count":1,"href":"https:\/\/lemotdujour.fr\/index.php?rest_route=\/wp\/v2\/posts\/1690\/revisions"}],"predecessor-version":[{"id":1691,"href":"https:\/\/lemotdujour.fr\/index.php?rest_route=\/wp\/v2\/posts\/1690\/revisions\/1691"}],"wp:attachment":[{"href":"https:\/\/lemotdujour.fr\/index.php?rest_route=%2Fwp%2Fv2%2Fmedia&parent=1690"}],"wp:term":[{"taxonomy":"category","embeddable":true,"href":"https:\/\/lemotdujour.fr\/index.php?rest_route=%2Fwp%2Fv2%2Fcategories&post=1690"},{"taxonomy":"post_tag","embeddable":true,"href":"https:\/\/lemotdujour.fr\/index.php?rest_route=%2Fwp%2Fv2%2Ftags&post=1690"}],"curies":[{"name":"wp","href":"https:\/\/api.w.org\/{rel}","templated":true}]}}