{"id":1688,"date":"2016-04-18T02:00:00","date_gmt":"2016-04-17T22:00:00","guid":{"rendered":"http:\/\/lemotdujour.fr\/?p=1688"},"modified":"2020-06-12T16:23:36","modified_gmt":"2020-06-12T14:23:36","slug":"lundi-18-avril-2016-ou-du-49-mars-2016","status":"publish","type":"post","link":"https:\/\/lemotdujour.fr\/?p=1688","title":{"rendered":"Lundi 18 avril 2016 ou du 49 mars 2016"},"content":{"rendered":"<div class=\"mdjTexte\">\u00ab&nbsp;Les tyrans ne sont grands que parce que nous sommes \u00e0 genoux.&nbsp;\u00bb<\/div>\n<div class=\"mdjAuteur\">Pierre Victurnien Vergniaud<\/div>\n<p><span style=\"color: #777777; font-family: Arial;\">Ce matin nous sommes le 49 mars du calendrier du mouvement \u00ab\u00a0Nuit debout\u00a0\u00bb.<br \/>\n<\/span><\/p>\n<p><span style=\"color: #777777; font-family: Arial;\">Ce mouvement \u00e9tonnant a d\u00e9marr\u00e9 le 31 mars et, probablement en r\u00e9f\u00e9rence au calendrier r\u00e9volutionnaire, a voulu cr\u00e9er un nouveau calendrier. Ils ont fait simple, continuer ind\u00e9finiment le mois de mars qui a vu le d\u00e9but de ce mouvement.<br \/>\n<\/span><\/p>\n<p><span style=\"color: #777777; font-family: Arial;\">Mais MEDIAPART a consacr\u00e9 une \u00ab&nbsp;soir\u00e9e live&nbsp;\u00bb \u00e0 ce mouvement et a invit\u00e9 des participants \u00e0 s&rsquo;exprimer, ce qui est difficile puisqu&rsquo;ils refusent de nommer des porte-paroles et qu&rsquo;ils se m\u00e9fient \u00e9norm\u00e9ment des m\u00e9dias. Finalement, MEDIAPART probablement en raison de son positionnement est arriv\u00e9 \u00e0 en convaincre quelques-uns. <a href=\"https:\/\/www.youtube.com\/watch?v=wcr9VzBjIII\"><span style=\"color: blue; text-decoration: underline;\">&lt; C&rsquo;est ici&gt;<\/span><\/a><br \/>\n<\/span><\/p>\n<p><span style=\"color: #777777; font-family: Arial;\">Parmi les invit\u00e9s, il y avait Leila Chaibi, membre du Parti de gauche et ancienne candidate aux municipales \u00e0 Paris. Elle fait partie des initiateurs de ce mouvement, c&rsquo;est ce qu&rsquo;elle explique dans l&rsquo;\u00e9mission de Mediapart, avec le journal<a href=\"http:\/\/www.fakirpresse.info\/\"><span style=\"color: blue; text-decoration: underline;\"> FAKIR d&rsquo;Amiens <\/span><\/a>qui annonce d&rsquo;entr\u00e9e :<br \/>\n<\/span><\/p>\n<p style=\"margin-left: 28pt;\"><span style=\"color: #c00000; font-family: Arial;\">\u00ab Journal f\u00e2ch\u00e9 avec tout le monde. Ou presque \u00bb<br \/>\n<\/span><\/p>\n<p><img decoding=\"async\" class=\"alignleft\" src=\"https:\/\/lemotdujour.fr\/wp-content\/uploads\/2020\/06\/061220_1419_LundiXXmai21.jpg\" alt=\"\" align=\"left\"><span style=\"color: #777777; font-family: Arial;\">Wikipedia nous apprend que<br \/>\n<\/span><\/p>\n<p style=\"margin-left: 28pt;\"><span style=\"color: #c00000; font-family: Arial;\">\u00ab Fakir est un journal ind\u00e9pendant et alternatif engag\u00e9 \u00e0 gauche. Il a \u00e9t\u00e9 cr\u00e9\u00e9 en 1999 \u00e0 Amiens, en Picardie. Selon deux formules consacr\u00e9es pr\u00e9sentes au d\u00e9but de chacun de ses num\u00e9ros, le journal se pr\u00e9sente comme n&rsquo;\u00e9tant li\u00e9 \u00e0 \u00ab aucun parti politique, aucun syndicat, aucune institution \u00bb et comme \u00ab enti\u00e8rement r\u00e9dig\u00e9 et illustr\u00e9 par des b\u00e9n\u00e9voles \u00bb. Il conna\u00eet une diffusion nationale depuis le 26 avril 2009. Le magazine confectionn\u00e9 \u00e0 Amiens diffuse entre 10 000 et 20 000 exemplaires par num\u00e9ro.\u00bb<br \/>\n<\/span><\/p>\n<p><span style=\"color: #777777; font-family: Arial;\">Le r\u00e9dacteur en chef et fondateur de ce journal est <a href=\"https:\/\/fr.wikipedia.org\/wiki\/Fran%C3%A7ois_Ruffin\"><span style=\"color: blue; text-decoration: underline;\">&lt;Fran\u00e7ois Ruffin&gt;. <\/span><\/a><br \/>\n<\/span><\/p>\n<p><span style=\"color: #777777; font-family: Arial;\">Pour le situer un peu, on apprend qu&rsquo;il a particip\u00e9 comme reporter plusieurs fois \u00e0 l&rsquo;\u00e9mission de France Inter<a href=\"https:\/\/fr.wikipedia.org\/wiki\/L%C3%A0-bas_si_j%27y_suis\"><span style=\"color: blue; text-decoration: underline;\">&lt;L\u00e0-bas si j&rsquo;y suis de Daniel Mermet&gt;<\/span><\/a> qui a \u00e9t\u00e9 supprim\u00e9 dans la pol\u00e9mique en 2014. Fran\u00e7ois Ruffin a pris la d\u00e9fense de Daniel Mermet.<br \/>\n<\/span><\/p>\n<p><span style=\"color: #777777; font-family: Arial;\">Et en 2015, il r\u00e9alise son premier film, \u00ab <strong>Merci Patron !<\/strong> \u00bb, film critiquant Bernard Arnault, dont la sortie nationale a eu lieu le 24 f\u00e9vrier 2016. Ce film a aussi jou\u00e9 un r\u00f4le de premier plan, un r\u00f4le f\u00e9d\u00e9rateur dans le d\u00e9clenchement de ce mouvement.<br \/>\n<\/span><\/p>\n<p><span style=\"color: #777777; font-family: Arial;\">Je n&rsquo;ai pas encore eu l&rsquo;occasion de le voir, Bien que Pascale me l&rsquo;ait vivement conseill\u00e9 en pr\u00e9cisant qu&rsquo;il devrait me plaire.<br \/>\n<\/span><\/p>\n<p><span style=\"color: #777777; font-family: Arial;\">Le mouvement DAL \u00ab\u00a0Droit au logement\u00a0\u00bb a \u00e9galement \u00e9t\u00e9 pr\u00e9sent dans le tout d\u00e9but du mouvement, notamment pour le conseil logistique.<br \/>\n<\/span><\/p>\n<p><span style=\"color: #777777; font-family: Arial;\">Et enfin il y a l&rsquo;intellectuel Fr\u00e9d\u00e9ric Lordon, dont j&rsquo;ai d\u00e9j\u00e0 parl\u00e9 (en bien).<br \/>\n<\/span><\/p>\n<p><span style=\"color: #777777; font-family: Arial;\">Tout ceci pour dire, comme le r\u00e9v\u00e8le Leila Chaibi, que ce mouvement n&rsquo;est pas venu de nulle part, une cr\u00e9ation spontan\u00e9e ex nihilo.<br \/>\n<\/span><\/p>\n<p><span style=\"color: #777777; font-family: Arial;\">Au d\u00e9part, il y a la mobilisation contre la Loi Travail et l&rsquo;id\u00e9e de quelques-uns dont notamment ceux cit\u00e9s pr\u00e9c\u00e9demment qui ont eu l&rsquo;intuition qu&rsquo;il ne fallait pas manifester et puis rentrer chez soi. Mais qu&rsquo;il fallait se r\u00e9unir, parler ensemble, cr\u00e9er un \u00e9lan d\u00e9mocratique, ce qu&rsquo;ils appellent un mouvement horizontal dans un monde o\u00f9 la d\u00e9mocratie repr\u00e9sentative est \u00e0 bout de souffle en France, mais aussi dans tous les autres pays occidentaux.<br \/>\n<\/span><\/p>\n<p><span style=\"color: #777777; font-family: Arial;\">Cela commence \u00e0 16&prime; de l&rsquo;\u00e9mission de Mediapart donn\u00e9 en lien en d\u00e9but de message.<br \/>\n<\/span><\/p>\n<p><span style=\"color: #777777; font-family: Arial;\">Le mot d&rsquo;ordre du noyau de ce mouvement \u00e9tait : on ne rentre pas chez nous apr\u00e8s la manif.<br \/>\n<\/span><\/p>\n<p><span style=\"color: #777777; font-family: Arial;\">Et puis ils se sont pos\u00e9s la question de L\u00e9nine <a href=\"https:\/\/fr.wikipedia.org\/wiki\/Que_faire_%3F_%28L%C3%A9nine%29\"><span style=\"color: blue; text-decoration: underline;\">&lt;Que faire ?&gt;<\/span><\/a><br \/>\n<\/span><\/p>\n<p><span style=\"color: #777777; font-family: Arial;\">Une premi\u00e8re id\u00e9e \u00e9tait de r\u00e9aliser un tract de revendication dans une perspective de \u00ab<strong>convergence des luttes<\/strong> \u00bb, concept qui a \u00e9t\u00e9 abondamment repris dans leurs discussions.<br \/>\n<\/span><\/p>\n<p><span style=\"color: #777777; font-family: Arial;\">Cette premi\u00e8re id\u00e9e a \u00e9t\u00e9 repouss\u00e9e pour faire place \u00e0 cette innovation qui me para\u00eet tr\u00e8s int\u00e9ressante : Mettre en place une organisation (logistique, repas, concert, les r\u00e8gles de prise de parole&#8230;) permettant \u00e0 tous ceux qui le souhaitent de d\u00e9battre, sans que les initiateurs prennent un r\u00f4le pr\u00e9pond\u00e9rant.<br \/>\n<\/span><\/p>\n<p><span style=\"color: #777777; font-family: Arial;\">Cette position qui semble respect\u00e9, pour l&rsquo;instant, constitue la force du mouvement mais aussi sa faiblesse pour aller plus loin et se structurer.<br \/>\n<\/span><\/p>\n<p><span style=\"color: #777777; font-family: Arial;\">Pour revenir \u00e0 Leila Chaibi, elle raconte donc que l&rsquo;appel \u00e0 se r\u00e9unir \u00ab&nbsp;<strong>Place de la R\u00e9publique<\/strong>&nbsp;\u00bb et \u00e0 organiser les \u00e9changes, devait s&rsquo;accompagner d&rsquo;un site internet et qu&rsquo;il fallait donc trouver un nom. [Se trouve \u00e0 33:30 de l&rsquo;\u00e9mission de Mediapart] :\u00abAu d\u00e9part on a pens\u00e9 \u00e0 \u00ab\u00a0convergence des luttes\u00a0\u00bb. Puis on a pens\u00e9 aux \u00ab\u00a0nuits blanches\u00a0\u00bb qui sont organis\u00e9es par la mairie de Paris et on a propos\u00e9 \u00ab&nbsp;Nuit Rouge&nbsp;\u00bb. Et Lordon a dit : \u00ab\u00a0attention, l&rsquo;objectif n&rsquo;est pas de se retrouver entre nous, entre militants [de la gauche de la gauche]. L&rsquo;objectif est de faire un mouvement massif, alors attention au vocabulaire trop marqu\u00e9 mouvement ouvrier ou gauchiste.\u00a0\u00bb Alors en r\u00e9f\u00e9rence \u00e0 la citation de La Bo\u00e9tie \u00ab&nbsp;Les tyrans ne sont grands que parce que nous sommes \u00e0 genoux.&nbsp;\u00bb nous avons d\u00e9cid\u00e9 d&rsquo;appeler ce mouvement<strong> la nuit debout<\/strong> \u00bb<br \/>\n<\/span><\/p>\n<p><span style=\"color: #777777; font-family: Arial;\">A ce stade de mon \u00e9tude je suis retourn\u00e9 vers l&rsquo;extraordinaire encyclop\u00e9die, Wikipedia \u00e0 laquelle il faudra bien que je consacre un mot du jour, tant cette institution est une formidable et positive cr\u00e9ation de l&rsquo;esprit collaboratif et de la modernit\u00e9.<br \/>\n<\/span><\/p>\n<p><span style=\"color: #777777; font-family: Arial;\">Donc Wikipedia nous apprend dans son article consacr\u00e9 \u00e0 <a href=\"https:\/\/fr.wikipedia.org\/wiki\/Discours_de_la_servitude_volontaire\"><span style=\"color: blue; text-decoration: underline;\">&lt;La servitude volontaire de la Bo\u00e9tie&gt;<\/span><\/a> qu&rsquo;\u00abOn attribue \u00e0 tort, semble-t-il, la citation suivante \u00e0 ce texte, car elle ne peut \u00eatre trouv\u00e9e dans aucun des principaux textes publi\u00e9s&nbsp;: \u00ab&nbsp;<strong>Les tyrans ne sont grands que parce que nous sommes \u00e0 genoux.<\/strong>&nbsp;\u00bb. En r\u00e9alit\u00e9, elle provient de <strong>Pierre Victurnien Vergniaud<\/strong>\u00bb. Vergniaud qui fut un des leaders des girondins.<br \/>\n<\/span><\/p>\n<p><span style=\"color: #777777; font-family: Arial;\">C&rsquo;est toujours Wikip\u00e9dia qui nous apprend que \u00abPierre Victurnien Vergniaud (31 mai 1753 \u00e0 Limoges &#8211; guillotin\u00e9 31 octobre 1793 \u00e0 Paris) \u00e9tait un avocat, homme politique et r\u00e9volutionnaire fran\u00e7ais. Bien plus que l&rsquo;orateur du parti girondin, il fut l&rsquo;un des plus grands orateurs de la R\u00e9volution fran\u00e7aise. Il reste un des grands acteurs de la R\u00e9volution. Pr\u00e9sident \u00e0 plusieurs reprises de l&rsquo;Assembl\u00e9e l\u00e9gislative et de la Convention nationale, c&rsquo;est lui qui d\u00e9clara la \u00ab patrie en danger \u00bb (discours du 3 juillet 1792). C&rsquo;est \u00e9galement lui qui pronon\u00e7a la suspension du roi au 10 ao\u00fbt 1792 et le verdict qui condamna Louis XVI \u00e0 la mort. Il fut pour beaucoup dans la chute du tr\u00f4ne, et la lev\u00e9e en masse des citoyens pour la guerre. \u00bb<br \/>\n<\/span><\/p>\n<p><img loading=\"lazy\" decoding=\"async\" class=\"alignleft\" src=\"https:\/\/lemotdujour.fr\/wp-content\/uploads\/2020\/06\/061220_1419_LundiXXmai22.jpg\" alt=\"\" width=\"413\" height=\"321\" align=\"left\"><span style=\"color: #777777; font-family: Arial;\">J&rsquo;ai consacr\u00e9, une grande partie de mon temps de cerveau disponible de ces derniers jours \u00e0 m&rsquo;int\u00e9resser \u00e0 ce mouvement \u00ab&nbsp;<strong>Nuit debout<\/strong>&nbsp;\u00bb, mais je m&rsquo;aper\u00e7ois que ce mot du jour va devenir de longueur exag\u00e9r\u00e9e si je ne m&rsquo;interromps pas.<br \/>\n<\/span><\/p>\n<p><span style=\"color: #777777; font-family: Arial;\">Alors je voudrais simplement faire part de la r\u00e9flexion d&rsquo;une amie qui m&rsquo;a \u00e9t\u00e9 rapport\u00e9 par Annie et qui remarquait que l&rsquo;\u00e9change de parole, la qualit\u00e9 de l&rsquo;\u00e9coute sur la Place de la R\u00e9publique \u00e9tait absolument remarquable, un vrai travail moderne de professionnel des d\u00e9bats.<br \/>\n<\/span><\/p>\n<p><span style=\"color: #777777; font-family: Arial;\">Le symbole de cette organisation \u00e9tant les gestes codifi\u00e9s que vous trouverez ci-apr\u00e8s et qui permettent \u00e0 la foule de r\u00e9agir imm\u00e9diatement \u00e0 ce que l&rsquo;orateur dit :<br \/>\n<\/span><\/p>\n<p><span style=\"color: #777777; font-family: Arial;\">Nuit debout&nbsp; a donc un site : <a href=\"http:\/\/www.nuitdebout.fr\/\"><span style=\"color: blue; text-decoration: underline;\">http:\/\/www.nuitdebout.fr\/<\/span><\/a><br \/>\n<\/span><\/p>\n<p><span style=\"color: #777777; font-family: Arial;\">Et d\u00e9j\u00e0 une page Wikipedia : <a href=\"https:\/\/fr.wikipedia.org\/wiki\/Nuit_debout\"><span style=\"color: blue; text-decoration: underline;\">https:\/\/fr.wikipedia.org\/wiki\/Nuit_debout<\/span><\/a><br \/>\n<\/span><\/p>\n<p><span style=\"color: #777777; font-family: Arial;\">J&rsquo;en resterai \u00e0 ce stade pour le mot du jour d&rsquo;aujourd&rsquo;hui.<br \/>\n<\/span><\/p>\n<p><span style=\"color: #777777; font-family: Arial;\">Je regarde ce mouvement avec sympathie, \u00e9tonnement mais aussi un peu d&rsquo;incr\u00e9dulit\u00e9 sur son devenir et sa capacit\u00e9 \u00e0 faire bouger les choses.<br \/>\n<\/span><\/p>\n<p><span style=\"color: #777777; font-family: Arial;\">L&rsquo;exergue du mot du jour <strong>\u00ab Ils ne sont grands que parce que nous sommes \u00e0 genoux.&nbsp;\u00bb<\/strong> est en revanche une formule qui me para\u00eet plein de sens, dans ce monde o\u00f9 les 1% les plus riches accaparent une part de plus en plus extravagante des richesses produites.<br \/>\n<\/span><\/p>\n<p><span style=\"color: #777777; font-family: Arial;\">Mais toute la question est aussi de savoir : pourquoi sommes-nous \u00e0 genoux ?<br \/>\n<\/span><\/p>\n<p><span style=\"color: #777777; font-family: Arial;\">Cette question pouvant se d\u00e9cliner sur deux modes : Qu&rsquo;avons-nous \u00e0 perdre ? Ou qu&rsquo;avons-nous \u00e0 gagner \u00e0 la conservation du syst\u00e8me actuel ?<br \/>\n<\/span><\/p>\n<p><span style=\"color: #800000;\">&lt;685&gt;<\/span><\/p>\n","protected":false},"excerpt":{"rendered":"<p>\u00ab&nbsp;Les tyrans ne sont grands que parce que nous sommes \u00e0 genoux.&nbsp;\u00bb Pierre Victurnien Vergniaud Ce matin nous sommes le 49 mars du calendrier du mouvement \u00ab\u00a0Nuit debout\u00a0\u00bb. Ce mouvement \u00e9tonnant a d\u00e9marr\u00e9 le 31 mars et, probablement en r\u00e9f\u00e9rence<\/p>\n","protected":false},"author":1,"featured_media":0,"comment_status":"closed","ping_status":"closed","sticky":false,"template":"","format":"standard","meta":{"footnotes":""},"categories":[1],"tags":[24,17,3],"class_list":["post-1688","post","type-post","status-publish","format-standard","hentry","category-motdujour","tag-actualite","tag-histoire","tag-politique"],"_links":{"self":[{"href":"https:\/\/lemotdujour.fr\/index.php?rest_route=\/wp\/v2\/posts\/1688","targetHints":{"allow":["GET"]}}],"collection":[{"href":"https:\/\/lemotdujour.fr\/index.php?rest_route=\/wp\/v2\/posts"}],"about":[{"href":"https:\/\/lemotdujour.fr\/index.php?rest_route=\/wp\/v2\/types\/post"}],"author":[{"embeddable":true,"href":"https:\/\/lemotdujour.fr\/index.php?rest_route=\/wp\/v2\/users\/1"}],"replies":[{"embeddable":true,"href":"https:\/\/lemotdujour.fr\/index.php?rest_route=%2Fwp%2Fv2%2Fcomments&post=1688"}],"version-history":[{"count":3,"href":"https:\/\/lemotdujour.fr\/index.php?rest_route=\/wp\/v2\/posts\/1688\/revisions"}],"predecessor-version":[{"id":9183,"href":"https:\/\/lemotdujour.fr\/index.php?rest_route=\/wp\/v2\/posts\/1688\/revisions\/9183"}],"wp:attachment":[{"href":"https:\/\/lemotdujour.fr\/index.php?rest_route=%2Fwp%2Fv2%2Fmedia&parent=1688"}],"wp:term":[{"taxonomy":"category","embeddable":true,"href":"https:\/\/lemotdujour.fr\/index.php?rest_route=%2Fwp%2Fv2%2Fcategories&post=1688"},{"taxonomy":"post_tag","embeddable":true,"href":"https:\/\/lemotdujour.fr\/index.php?rest_route=%2Fwp%2Fv2%2Ftags&post=1688"}],"curies":[{"name":"wp","href":"https:\/\/api.w.org\/{rel}","templated":true}]}}