{"id":1686,"date":"2016-04-15T02:00:00","date_gmt":"2016-04-14T22:00:00","guid":{"rendered":"http:\/\/lemotdujour.fr\/?p=1686"},"modified":"2017-05-08T13:43:19","modified_gmt":"2017-05-08T11:43:19","slug":"vendredi-15-avril-2016","status":"publish","type":"post","link":"https:\/\/lemotdujour.fr\/?p=1686","title":{"rendered":"Vendredi 15 avril 2016"},"content":{"rendered":"<div class=\"mdjDate\">Vendredi 15 avril 2016<\/div>\n<div class=\"mdjTexte\">\u00ab Si tu t&rsquo;en prends \u00e0 Monseigneur Barbarin, toute la famille finira en enfer ! \u00bb<\/div>\n<div class=\"mdjAuteur\">La m\u00e8re d&rsquo;une des victimes<\/div>\n<div class=\"mdjComplements\">Fr\u00e9d\u00e9ric Pommier r\u00e9alise le week end, une \u00e9tonnante et souvent po\u00e9tique revue de presse sur France Inter. Le 2 avril il est revenu sur un sujet qui concerne l&rsquo;\u00e9glise catholique et notamment l&rsquo;\u00e9glise Lyon : <a href=\"http:\/\/www.franceinter.fr\/emission-la-revue-de-presse-de-frederic-pommier-la-revue-de-presse-du-2-avril\">&lt;http:\/\/www.franceinter.fr\/emission-la-revue-de-presse-de-frederic-pommier-la-revue-de-presse-du-2-avril 2016&gt;<\/a><\/div>\n<div class=\"mdjComplements\">Sur ce sujet, il a rapport\u00e9 les points suivants<strong> : <\/strong><\/div>\n<div class=\"mdjCiter\">\u00ab<strong> <\/strong>Et puis, si l&rsquo;on revient en France, on ne peut pas ne pas parler des suites des affaires de p\u00e9dophilie qui secouent le dioc\u00e8se de Lyon. Le sujet fait d&rsquo;ailleurs la Une du MONDE, qui \u00e9voque \u00ab l&rsquo;onde de choc de l&rsquo;affaire Barbarin \u00bb.<\/div>\n<div class=\"mdjCiter\">Alors que les enqu\u00eates progressent, d&rsquo;anciennes affaires, parfois class\u00e9es, remontent \u00e0 la surface. Et des victimes racontent donc maintenant leur cauchemar, quitte, parfois, \u00e0 rompre avec leur famille. C&rsquo;est ce que raconte Marion Van Renterghem, qui a men\u00e9 l&rsquo;enqu\u00eate dans une ville partag\u00e9e, dit-elle, entre l&rsquo;exigence de justice et celle de mis\u00e9ricorde. Les catholiques lyonnais et la bourgeoisie font corps autour de l&rsquo;archev\u00eaque, soup\u00e7onn\u00e9 d&rsquo;avoir \u00e9touff\u00e9 les agissements de pr\u00eatres p\u00e9dophiles. Ils font corps et ne supportent pas le lynchage m\u00e9diatique que subit, \u00e0 leurs yeux, le si droit cardinal. La minimisation des faits, le d\u00e9ni et, bien s\u00fbr, la peur de faire scandale, la g\u00eane de s&rsquo;attirer les foudres de la communaut\u00e9 paroissiale : tels sont aussi les sentiments qui habitent certains des parents des victimes. De sa m\u00e8re, l&rsquo;une d&rsquo;elle a ainsi entendu : \u00ab Si tu t&rsquo;en prends \u00e0 Monseigneur Barbarin, toute la famille finira en enfer ! \u00bb<\/div>\n<div class=\"mdjCiter\">Il n&#8217;emp\u00eache. Avec les deux nouvelles affaires r\u00e9v\u00e9l\u00e9es depuis jeudi, le cardinal est plus que jamais \u00ab dans la tourmente \u00bb, estime LA NOUVELLE REPUBLIQUE, tandis que L&rsquo;INDEPENDANT se demande s&rsquo;il ne s&rsquo;agit pas l\u00e0 du \u00ab scandale de trop \u00bb. Dans L&rsquo;EST REPUBLICAIN, Alain Dusart, lui, se souvient de la \u00ab\u00a0loi\u00a0\u00bb \u00e9dict\u00e9e par le fondateur du scoutisme. Baden Powell avait \u00e9crit qu&rsquo;un scout est \u00ab pur dans ses pens\u00e9es, ses paroles et ses actes \u00bb. Et jamais, commente l&rsquo;\u00e9ditorialiste : \u00ab Jamais ce noble officier anglais n&rsquo;aurait imagin\u00e9 que ces jeunes gar\u00e7ons \u00e9lev\u00e9s dans un esprit de charit\u00e9, tomberaient dans les mains lubriques de cur\u00e9s tripoteurs et d&rsquo;un clerg\u00e9 complice de ces bergers transform\u00e9 en loups pr\u00e9dateurs de tant d&rsquo;innocence vol\u00e9e. \u00bb \u00bb<\/div>\n<div class=\"mdjComplements\">Le fond de l&rsquo;affaire est constitu\u00e9 d&rsquo;actes p\u00e9dophiles dont se sont rendus coupables des membres du clerg\u00e9 de l&rsquo;Eglise. Mais ce qui est d\u00e9nonc\u00e9 le plus fort est le fait que la hi\u00e9rarchie eccl\u00e9siastique n&rsquo;a ni d\u00e9nonc\u00e9 ces actes \u00e0 la justice la\u00efque de l&rsquo;Etat et qu&rsquo;en outre elle n&rsquo;a pas pris, en son sein, les mesures appropri\u00e9es pour \u00e9loigner les coupables de la fr\u00e9quentation d&rsquo;enfants dans le cadre de leur charge eccl\u00e9siale.<\/div>\n<div class=\"mdjComplements\">L&rsquo;institution a agi comme une famille qui a toujours du mal \u00e0 d\u00e9noncer un des siens, cela peut se comprendre m\u00eame si cela ne justifie rien.<\/div>\n<div class=\"mdjComplements\">Mais il semble bien qu&rsquo;il y a un autre sujet qui laisse \u00e0 penser que certaines autorit\u00e9s de l&rsquo;Eglise ne sont pas tr\u00e8s averties de la gravit\u00e9 de la p\u00e9dophilie. Je dirai que les hommes (du genre m\u00e2le) de l&rsquo;\u00e9glise catholique ne sont pas tr\u00e8s structur\u00e9s du point de vue de la p\u00e9dophilie.\u00a0<\/div>\n<div class=\"mdjComplements\">Ainsi, dans un entretien non pr\u00e9par\u00e9, donc o\u00f9 les fondamentaux et la structure de pens\u00e9e r\u00e9agissent et non les \u00e9l\u00e9ments de langage, l&rsquo;\u00e9v\u00eaque de Pontoise, Monsieur Stanislas Lalanne a d\u00e9clar\u00e9 de ne pas savoir si l&rsquo;acte p\u00e9dophile \u00e9tait un p\u00e9ch\u00e9, je traduis une faute au sens religieux.<\/div>\n<div class=\"mdjComplements\">Depuis il est revenu sur ces propos, sous le conseil de communicants ?, il a demand\u00e9 pardon \u00e0 ceux qu&rsquo;il aurait blesser et<a href=\"http:\/\/www.leparisien.fr\/societe\/pedophilie-l-eveque-de-pontoise-s-excuse-pour-ses-propos-maladroits-07-04-2016-5694211.php\"> a expliqu\u00e9<\/a> : \u00ab\u00a0Ce que je voulais dire aussi &#8211; et c&rsquo;est peut-\u00eatre l\u00e0 que je n&rsquo;ai pas \u00e9t\u00e9 compris &#8211; c&rsquo;est que la question difficile qui se pose \u00e0 chaque situation, qui est \u00e0 chaque fois extr\u00eamement douloureuse, c&rsquo;est le degr\u00e9 de conscience et donc la responsabilit\u00e9 de celui qui commet des actes aussi atroces\u00a0\u00bb<\/div>\n<div class=\"mdjComplements\">Admettons. Je voudrais savoir si L\u2019\u00c9glise Catholique manifestait la m\u00eame rigueur intellectuelle lorsqu&rsquo;en Irlande, elle faisait enfermer, dans des institutions d\u00e9testables, des jeunes filles qui avaient commis un \u00ab\u00a0soit disant\u00a0\u00bb p\u00e9ch\u00e9. L\u2019Eglise avait-elle bien examin\u00e9 si ces jeunes filles avaient \u00a0un degr\u00e9 de conscience et donc la responsabilit\u00e9 des actes commis. Si ces paroles vous paraissent obscures relisez donc l&rsquo;Histoire des\u00a0<a href=\"https:\/\/fr.wikipedia.org\/wiki\/Couvent_de_la_Madeleine\">&lt; couvents de la Madeleine&gt;<\/a>\u00a0dont le dernier fut ferm\u00e9 il y a 20 ans.<\/div>\n<div class=\"mdjComplements\">La communication de ces derniers jours, semble indiquer que l&rsquo;Eglise catholique veut mettre en place des dispositions nouvelles pour lutter contre ce crime et prot\u00e9ger les enfants.<\/div>\n<div class=\"mdjComplements\">Mais le centre du mot du jour est cette formule \u00ab Toute la famille finira en enfer \u00bb.<\/div>\n<div class=\"mdjComplements\">La culpabilisation ! Faire taire, obtenir la soumission par la menace, la menace supr\u00eame pour le croyant : c&rsquo;est \u00e0 dire hypoth\u00e9quer ce qui est essentiel dans l&rsquo;existence, ce qui se passe apr\u00e8s la mort.<\/div>\n<div class=\"mdjComplements\">J&rsquo;ai d\u00e9j\u00e0 \u00e9crit que j&rsquo;avais poursuivi une qu\u00eate spirituelle, autour de mes 20 ans, dans une \u00e9glise dans laquelle se trouvait aussi ma grand-m\u00e8re.<\/div>\n<div class=\"mdjComplements\">Ma grand-m\u00e8re \u00e9tait une femme simple, d&rsquo;origine polonaise, qui a consacr\u00e9 sa vie \u00e0 sa famille et aux autres, ne tenant aucun compte de son confort.<\/div>\n<div class=\"mdjComplements\">Au sens commun des mots, elle \u00e9tait une sainte femme : son seul d\u00e9faut \u00e9tait qu&rsquo;elle ne gardait jamais un cadeau mais qu&rsquo;elle le distribuait toujours \u00e0 quelqu&rsquo;un d&rsquo;autre qui selon elle en avait davantage besoin.<\/div>\n<div class=\"mdjComplements\">Disponible aux autres, elle partageait tout et aidait sans rel\u00e2che toutes celles et ceux qu&rsquo;elle connaissait et qui avait un besoin.<\/div>\n<div class=\"mdjComplements\">Les derni\u00e8res semaines de sa vie m&rsquo;ont profond\u00e9ment \u00e9branl\u00e9, car elle \u00e9tait terroris\u00e9 devant la perspective, dans son esprit, de se retrouver devant son Dieu et se rem\u00e9morait en boucle tous les actes et pens\u00e9es qu&rsquo;elle estimait non conforme \u00e0 son id\u00e9al de perfection morale et de charit\u00e9 chr\u00e9tienne. Elle se trouvait alors dans une inqui\u00e9tude et une incertitude que je juge, encore aujourd&rsquo;hui, terrible.<\/div>\n<div class=\"mdjComplements\">Je me suis alors interrog\u00e9 sur cette religion qui \u00e9choue devant sa mission principale : permettre \u00e0 ses croyants, surtout quand il s&rsquo;agit d&rsquo;une femme aussi extraordinaire et simple, comme l&rsquo;\u00e9tait ma grand-m\u00e8re, d&rsquo;affronter avec s\u00e9r\u00e9nit\u00e9 le dernier combat de la vie.<\/div>\n<div class=\"mdjComplements\">Et c&rsquo;est en creusant davantage cette r\u00e9flexion que j&rsquo;ai compris que pour ces institutions religieuses, pour leur pouvoir il \u00e9tait fondamental d&rsquo;utiliser cette arme de la culpabilisation et de la menace pour obtenir la soumission et l&rsquo;ob\u00e9issance.<\/div>\n<div class=\"mdjComplements\">Bien s\u00fbr pour tous ceux qui ont v\u00e9cu loin de la religion ou s&rsquo;en sont beaucoup \u00e9loign\u00e9s, cette facette du pouvoir religieux peut appara\u00eetre assez incompr\u00e9hensible.<\/div>\n<div class=\"mdjComplements\">Mais elle r\u00e9apparait dans des familles tr\u00e8s croyantes et dans cette phrase que dit une m\u00e8re qui certainement y croit profond\u00e9ment : si l&rsquo;un de notre famille touche \u00e0 l&rsquo;institution, nous serons tous coupables et nous devons craindre le pire de notre Dieu.<\/div>\n<div class=\"mdjComplements\">Cette mani\u00e8re de r\u00e9agir, cette culpabilisation fondatrice vient de si\u00e8cles d&rsquo;enseignement des \u00e9glises qui sont arriv\u00e9s \u00e0 convaincre les \u00e2mes qu&rsquo;il fallait vivre dans la peur, la peur de d\u00e9plaire au Dieu que l&rsquo;institution pr\u00e9tendait repr\u00e9senter.<\/div>\n<div class=\"mdjComplements\">Cette institution presqu&rsquo;\u00e0 l&rsquo;agonie parvient encore, \u00e0 instiller dans le c\u0153ur et l&rsquo;esprit de certains de ses membres cette crainte effrayante du croyant si nous faisons quoi que ce soit qui pourrait nuire \u00e0 l&rsquo;institution nous irons en enfer.<\/div>\n<div class=\"mdjComplements\">Evidemment, je sais qu&rsquo;il y a parmi les destinataires de ce mot des croyants sinc\u00e8res que je ne veux pas blesser.<\/div>\n<div class=\"mdjComplements\">J&rsquo;avais tent\u00e9 d&rsquo;expliquer dans le mot du jour du 10 Juillet 2015 \u00abNous sommes pour la religion contre les religions.\u00bb (Victor Hugo), cette dichotomie entre l&rsquo;aspiration au spirituel et \u00e0 la transcendance que porte le religieux et le d\u00e9voiement de ces valeurs par les institutions humaines qui pr\u00e9tendent les incarner. Vous trouverez en pi\u00e8ce jointe, cette tentative d&rsquo;explication.<\/div>\n","protected":false},"excerpt":{"rendered":"<p>Vendredi 15 avril 2016 \u00ab Si tu t&rsquo;en prends \u00e0 Monseigneur Barbarin, toute la famille finira en enfer ! \u00bb La m\u00e8re d&rsquo;une des victimes Fr\u00e9d\u00e9ric Pommier r\u00e9alise le week end, une \u00e9tonnante et souvent po\u00e9tique revue de presse sur<\/p>\n","protected":false},"author":1,"featured_media":0,"comment_status":"closed","ping_status":"closed","sticky":false,"template":"","format":"standard","meta":{"footnotes":""},"categories":[1],"tags":[],"class_list":["post-1686","post","type-post","status-publish","format-standard","hentry","category-motdujour"],"_links":{"self":[{"href":"https:\/\/lemotdujour.fr\/index.php?rest_route=\/wp\/v2\/posts\/1686","targetHints":{"allow":["GET"]}}],"collection":[{"href":"https:\/\/lemotdujour.fr\/index.php?rest_route=\/wp\/v2\/posts"}],"about":[{"href":"https:\/\/lemotdujour.fr\/index.php?rest_route=\/wp\/v2\/types\/post"}],"author":[{"embeddable":true,"href":"https:\/\/lemotdujour.fr\/index.php?rest_route=\/wp\/v2\/users\/1"}],"replies":[{"embeddable":true,"href":"https:\/\/lemotdujour.fr\/index.php?rest_route=%2Fwp%2Fv2%2Fcomments&post=1686"}],"version-history":[{"count":1,"href":"https:\/\/lemotdujour.fr\/index.php?rest_route=\/wp\/v2\/posts\/1686\/revisions"}],"predecessor-version":[{"id":1687,"href":"https:\/\/lemotdujour.fr\/index.php?rest_route=\/wp\/v2\/posts\/1686\/revisions\/1687"}],"wp:attachment":[{"href":"https:\/\/lemotdujour.fr\/index.php?rest_route=%2Fwp%2Fv2%2Fmedia&parent=1686"}],"wp:term":[{"taxonomy":"category","embeddable":true,"href":"https:\/\/lemotdujour.fr\/index.php?rest_route=%2Fwp%2Fv2%2Fcategories&post=1686"},{"taxonomy":"post_tag","embeddable":true,"href":"https:\/\/lemotdujour.fr\/index.php?rest_route=%2Fwp%2Fv2%2Ftags&post=1686"}],"curies":[{"name":"wp","href":"https:\/\/api.w.org\/{rel}","templated":true}]}}