{"id":1680,"date":"2016-04-12T02:00:00","date_gmt":"2016-04-11T22:00:00","guid":{"rendered":"http:\/\/lemotdujour.fr\/?p=1680"},"modified":"2017-05-08T13:43:18","modified_gmt":"2017-05-08T11:43:18","slug":"mardi-12-avril-2016","status":"publish","type":"post","link":"https:\/\/lemotdujour.fr\/?p=1680","title":{"rendered":"Mardi 12 avril 2016"},"content":{"rendered":"<div class=\"mdjDate\">Mardi 12 avril 2016<\/div>\n<div class=\"mdjTexte\">\u00abVRAC\u00bb<\/div>\n<div class=\"mdjAuteur\">\u00ab\u00a0Vers un r\u00e9seau d\u2019achat en commun\u00a0\u00bb, association lyonnaise qui veut s&rsquo;\u00e9tendre<\/div>\n<div class=\"mdjComplements\">La semaine derni\u00e8re je vous parlais de l&rsquo;\u00e9mission AGORA de France Inter et de la journaliste qui veillait au mot : Aurore Vincenti.<\/div>\n<div class=\"mdjComplements\">Mais il y a un autre intervenant dans cette \u00e9mission : Edouard Zambeaux dont la chronique s&rsquo;appelle P\u00e9riph\u00e9rie. Dans l&rsquo;\u00e9mission du 3 avril, sa chronique \u00e9tait consacr\u00e9e \u00e0 VRAC et il avait invit\u00e9 <a href=\"http:\/\/www.franceinter.fr\/emission-peripheries-vrac-ensemble-on-achete-mieux\">&lt;Boris Tavernier&gt;<\/a><\/div>\n<div class=\"mdjComplements\">Edouard Zambeaux a introduit ce sujet de la mani\u00e8re suivante : <\/div>\n<div class=\"mdjCiter\">\u00ab La semaine derni\u00e8re le Pr\u00e9sident de l\u2019Assembl\u00e9e Nationale remettait les prix du concours \u00ab\u00a0s\u2019engager pour les quartiers\u00a0\u00bb.Grand vainqueur de cette \u00e9dition 2016 l\u2019association VRAC,\u00a0 \u00ab\u00a0vers un r\u00e9seau d\u2019achat en commun\u00a0\u00bb qui a rafl\u00e9 le prix de l\u2019innovation sociale et le grand prix. Install\u00e9e dans les quartiers de la m\u00e9tropole lyonnaise cette association initie et organise des coop\u00e9ratives d\u2019habitants pour leur\u00a0 permettre,\u00a0 gr\u00e2ce \u00e0 des achats group\u00e9s \u00a0de denr\u00e9es alimentaires en vrac,\u00a0 d\u2019acc\u00e9der \u00e0 des produits de bonne qualit\u00e9 aux meilleurs prix. Une \u00e9conomie collaborative qui associe les habitants, les bailleurs sociaux locaux et\u00a0 les\u00a0 fondations.<\/div>\n<div class=\"mdjCiter\">A la fois outil d\u2019une consommation responsable et outil de socialisation dans les quartiers ce r\u00e9seau avec ses 700 adh\u00e9rents commence aujourd\u2019hui \u00e0 essaimer dans d\u2019autres r\u00e9gions.P\u00e9riph\u00e9ries vous propose cette semaine de rencontrer Boris Tavernier l\u2019instigateur de cette initiative modeste, utile et v\u00e9ritablement pens\u00e9e pour \u00eatre au service des habitants des quartiers populaires\u00bb<\/div>\n<div class=\"mdjComplements\">Le principe est simple, il s&rsquo;agit de cr\u00e9er une centrale d&rsquo;achat de produits alimentaires, de produits m\u00e9nagers et aussi de fournitures scolaires, de qualit\u00e9 et de proximit\u00e9 pour les personnes modestes des quartiers d\u00e9favoris\u00e9es. <\/div>\n<div class=\"mdjComplements\">Dans un raccourci un peu os\u00e9, Edouard Zambeaux a d\u00e9crit cette initiative comme la volont\u00e9 d&rsquo;offrir des produits de bobos \u00e0 des gens modestes.<\/div>\n<div class=\"mdjComplements\">Cette association a fait l&rsquo;objet d&rsquo;un article dans le Progr\u00e8s : <a href=\"http:\/\/vrac-asso.org\/img\/cms\/pdf\/article-Le-Progres-12-aout-2015.pdf\">http:\/\/vrac-asso.org\/img\/cms\/pdf\/article-Le-Progres-12-aout-2015.pdf<\/a><\/div>\n<div class=\"mdjComplements\">Pour les lyonnais, nous y apprenons que Boris Tavernier est cette homme qui cr\u00e9a en 2004 De l&rsquo;autre c\u00f4t\u00e9 du pont, un caf\u00e9 coop\u00e9ratif et alternatif situ\u00e9 \u00e0 Guilloti\u00e8re.<\/div>\n<div class=\"mdjComplements\">Il expliquait dans cet article En mati\u00e8re de d\u00e9mocratisation des bons produits, j&rsquo;avais fait le tour, et j&rsquo;ai eu envie de toucher des publics qui n&rsquo;ont pas acc\u00e8s \u00e0 ces produits<\/div>\n<div class=\"mdjComplements\">C&rsquo;est ainsi qu&rsquo;est n\u00e9 en 2013 VRAC qui est actif \u00e0 La Duch\u00e8re, V\u00e9nissieux, D\u00e9cines, Vaulx en Velin &#8211; Mas du Taureau, Villeurbanne mais qui souhaite \u00e9largir son p\u00e9rim\u00e8tre au-del\u00e0 de la r\u00e9gion lyonnaise.<\/div>\n<div class=\"mdjComplements\">Mais probablement qu&rsquo;il existe d\u00e9j\u00e0 des initiatives de ce type dans d&rsquo;autres lieux de France.<\/div>\n<div class=\"mdjComplements\">Cette association dispose bien s\u00fbr d&rsquo;un site : <a href=\"http:\/\/vrac-asso.org\/\">http:\/\/vrac-asso.org\/<\/a><\/div>\n<div class=\"mdjComplements\">Cette initiative me rem\u00e9more\u00a0 ce proverbe africain qui a servi de mot du jour le 16 septembre 2014 : \u00abTout seul on va plus vite. Ensemble on va plus loin\u00bb\u00a0 c&rsquo;est aussi vrai pour les privil\u00e9gi\u00e9s, mais particuli\u00e8rement pour celles et ceux qui le sont moins.<\/div>\n","protected":false},"excerpt":{"rendered":"<p>Mardi 12 avril 2016 \u00abVRAC\u00bb \u00ab\u00a0Vers un r\u00e9seau d\u2019achat en commun\u00a0\u00bb, association lyonnaise qui veut s&rsquo;\u00e9tendre La semaine derni\u00e8re je vous parlais de l&rsquo;\u00e9mission AGORA de France Inter et de la journaliste qui veillait au mot : Aurore Vincenti. Mais<\/p>\n","protected":false},"author":1,"featured_media":0,"comment_status":"closed","ping_status":"closed","sticky":false,"template":"","format":"standard","meta":{"footnotes":""},"categories":[1],"tags":[],"class_list":["post-1680","post","type-post","status-publish","format-standard","hentry","category-motdujour"],"_links":{"self":[{"href":"https:\/\/lemotdujour.fr\/index.php?rest_route=\/wp\/v2\/posts\/1680","targetHints":{"allow":["GET"]}}],"collection":[{"href":"https:\/\/lemotdujour.fr\/index.php?rest_route=\/wp\/v2\/posts"}],"about":[{"href":"https:\/\/lemotdujour.fr\/index.php?rest_route=\/wp\/v2\/types\/post"}],"author":[{"embeddable":true,"href":"https:\/\/lemotdujour.fr\/index.php?rest_route=\/wp\/v2\/users\/1"}],"replies":[{"embeddable":true,"href":"https:\/\/lemotdujour.fr\/index.php?rest_route=%2Fwp%2Fv2%2Fcomments&post=1680"}],"version-history":[{"count":1,"href":"https:\/\/lemotdujour.fr\/index.php?rest_route=\/wp\/v2\/posts\/1680\/revisions"}],"predecessor-version":[{"id":1681,"href":"https:\/\/lemotdujour.fr\/index.php?rest_route=\/wp\/v2\/posts\/1680\/revisions\/1681"}],"wp:attachment":[{"href":"https:\/\/lemotdujour.fr\/index.php?rest_route=%2Fwp%2Fv2%2Fmedia&parent=1680"}],"wp:term":[{"taxonomy":"category","embeddable":true,"href":"https:\/\/lemotdujour.fr\/index.php?rest_route=%2Fwp%2Fv2%2Fcategories&post=1680"},{"taxonomy":"post_tag","embeddable":true,"href":"https:\/\/lemotdujour.fr\/index.php?rest_route=%2Fwp%2Fv2%2Ftags&post=1680"}],"curies":[{"name":"wp","href":"https:\/\/api.w.org\/{rel}","templated":true}]}}