{"id":1678,"date":"2016-04-11T02:00:00","date_gmt":"2016-04-10T22:00:00","guid":{"rendered":"http:\/\/lemotdujour.fr\/?p=1678"},"modified":"2017-05-08T13:43:17","modified_gmt":"2017-05-08T11:43:17","slug":"lundi-11-avril-2016","status":"publish","type":"post","link":"https:\/\/lemotdujour.fr\/?p=1678","title":{"rendered":"Lundi 11 avril 2016"},"content":{"rendered":"<div class=\"mdjDate\">Lundi 11 avril 2016<\/div>\n<div class=\"mdjTexte\">\u00abTout se passe comme si on avait une immigration sauvage de vieux \u00bb<\/div>\n<div class=\"mdjAuteur\">Fran\u00e7ois H\u00e9ran, ancien directeur de l&rsquo;INED<\/div>\n<div class=\"mdjComplements\">C&rsquo;est une formule un peu rude, abrupte pour aborder un des sujets essentiel (ce n&rsquo;est pas le seul) de notre soci\u00e9t\u00e9 occidentale contemporaine.\u00a0 Elle a pour objet de r\u00e9veiller les consciences et de poser des questions, non de trouver des r\u00e9ponses simplistes et brutales.<\/div>\n<div class=\"mdjComplements\">Cette formule est de Fran\u00e7ois H\u00e9ran qui est un sociologue, anthropologue et d\u00e9mographe fran\u00e7ais n\u00e9 en 1953. Il a \u00e9t\u00e9 directeur de l&rsquo;Institut national d&rsquo;\u00e9tudes d\u00e9mographiques de 1999 \u00e0 2009. Depuis 2009, il est directeur de recherche \u00e0 l&rsquo;INED.<\/div>\n<div class=\"mdjComplements\">C&rsquo;est Emmanuel Todd qui revient \u00e0 ses premiers amours de d\u00e9mographe et d&rsquo;Historien dans une conf\u00e9rence sur le th\u00e8me <a href=\"https:\/\/www.youtube.com\/watch?v=x-Mn5DLuFuE\">&lt;Le vieillissement de la population, quels effets ?&gt;<\/a> qui a rapport\u00e9 ce propos de l&rsquo;ancien directeur de l&rsquo;INED.<\/div>\n<div class=\"mdjComplements\">\u00abUne immigration de vieux \u00bb d\u00e9crit \u00e0 la fois une vraie r\u00e9alit\u00e9 de nos soci\u00e9t\u00e9s ainsi qu&rsquo;un vrai d\u00e9s\u00e9quilibre. <\/div>\n<div class=\"mdjComplements\">Un d\u00e9s\u00e9quilibre dont il faut \u00eatre conscient et pour lequel le statu quo c&rsquo;est \u00e0 dire un syst\u00e8me qui a \u00e9t\u00e9 imagin\u00e9 et cr\u00e9\u00e9 avec peu de vieux retrait\u00e9s et beaucoup de jeunes actifs doit \u00eatre fondamentalement repens\u00e9.<\/div>\n<div class=\"mdjComplements\">\u00a0<\/div>\n<div class=\"mdjComplements\">Pendant tr\u00e8s longtemps, les soci\u00e9t\u00e9s humaines avaient un \u00e2ge m\u00e9dian (l&rsquo;\u00e2ge m\u00e9dian s\u00e9pare la population en deux partie : une moiti\u00e9 en dessous, une moiti\u00e9 au-dessus) entre 20 et 25 ans, la soci\u00e9t\u00e9 de la r\u00e9volution fran\u00e7aise avait un tel \u00e2ge m\u00e9dian, la soci\u00e9t\u00e9 de la r\u00e9volution russe avait aussi ce type d&rsquo;\u00e2ge m\u00e9dian.<\/div>\n<div class=\"mdjComplements\">Il reste des pays comme l&rsquo;Alg\u00e9rie qui reste proche de cette r\u00e9alit\u00e9<a href=\"http:\/\/statistiques-mondiales.com\/age_moyen_population.htm\"> 27 ans en 2014, d&rsquo;autre sont plus bas le S\u00e9n\u00e9gal est proche de 18 ans.<\/a><\/div>\n<div class=\"mdjComplements\">Mais les pays les plus avanc\u00e9s sont largement au-dessus de 40 ans, le Japon approche de 50 ans et nous allons collectivement vers des soci\u00e9t\u00e9s o\u00f9 l&rsquo;\u00e2ge m\u00e9dian sera sup\u00e9rieur \u00e0 50 ans.<\/div>\n<div class=\"mdjComplements\">Depuis les ann\u00e9es 1970, il y a eu un emballement de l&rsquo;esp\u00e9rance de vie \u00e0 60 ans et personne n&rsquo;a anticip\u00e9 cela.<\/div>\n<div class=\"mdjComplements\">C&rsquo;est pourquoi que ceux qui pensent que le probl\u00e8me essentiel de l&rsquo;Europe est un probl\u00e8me d&rsquo;immigration venant des autres continents sont dans l&rsquo;erreur au regard du temps long.<\/div>\n<div class=\"mdjComplements\">Le probl\u00e8me r\u00e9el, c&rsquo;est que l&rsquo;Europe est envahie par des vieux : une immigration massive de vieux et une des solutions r\u00e9alistes seraient plut\u00f4t d&rsquo;encourager l&rsquo;immigration de jeunes venant d&rsquo;ailleurs.<\/div>\n<div class=\"mdjComplements\">Peut-\u00eatre que l&rsquo;adjectif\u00a0\u00abmassive\u00bb\u00a0est plus appropri\u00e9 que\u00a0\u00absauvage\u00bb. Mais ce second terme a \u00e9t\u00e9 utilis\u00e9 pour d\u00e9crire le caract\u00e8re inattendu de l&rsquo;ampleur de cette \u00e9volution de nos soci\u00e9t\u00e9s modernes.<\/div>\n<div class=\"mdjComplements\">Jamais l&rsquo;humanit\u00e9 n&rsquo;a connu cela.<\/div>\n<div class=\"mdjComplements\">Il ne s&rsquo;agit pas de nier que pour chaque individu, c&rsquo;est une merveilleuse nouvelle que cet allongement de la vie. Et il ne s&rsquo;agit pas non plus de culpabiliser les vieux d&rsquo;\u00eatre en bonne sant\u00e9 pendant assez longtemps.<\/div>\n<div class=\"mdjComplements\">Mais il y a des cons\u00e9quences pour la soci\u00e9t\u00e9, des cons\u00e9quences qui ne sont pas r\u00e9fl\u00e9chies. <\/div>\n<div class=\"mdjComplements\">Et le syst\u00e8me de redistribution continue comme si nous \u00e9tions rest\u00e9 dans l&rsquo;ancien temps, celui d&rsquo;avant l&rsquo;immigration.<\/div>\n<div class=\"mdjComplements\">Sur ce probl\u00e8me de fond se greffe le marasme \u00e9conomique qui n&rsquo;arrange rien.<\/div>\n<div class=\"mdjComplements\">France Strat\u00e9gie, une institution rattach\u00e9e au cabinet du Premier ministre, charg\u00e9e de r\u00e9fl\u00e9chir \u00e0 l&rsquo;avenir de l&rsquo;Hexagone vient de publier un rapport o\u00f9 les experts constatent que la situation des jeunes s&rsquo;est sensiblement d\u00e9t\u00e9rior\u00e9e par rapport au reste de la population depuis le milieu des ann\u00e9es 70, \u00e0 l&rsquo;inverse de celle des personnes \u00e2g\u00e9es. \u00ab\u00a0La pauvret\u00e9 a longtemps touch\u00e9 davantage les personnes \u00e2g\u00e9es que les jeunes. C&rsquo;est aujourd&rsquo;hui l&rsquo;inverse\u00a0\u00bb, notent-ils. Cette tendance s&rsquo;observe tout particuli\u00e8rement sur la derni\u00e8re d\u00e9cennie : le taux de pauvret\u00e9 des 18-24 ans a grimp\u00e9 de 17,6% \u00e0 23,3% entre 2002 et 2012, contre une baisse de 9,9 \u00e0 8,3% pour les plus de 60 ans.<\/div>\n<div class=\"mdjComplements\">Ces diff\u00e9rences s&rsquo;expliquent, au moins en partie, par des \u00ab\u00a0choix collectifs\u00a0\u00bb moins favorables aux jeunes, selon France Strat\u00e9gie. L&rsquo;institution remarque, par exemple, que la part des d\u00e9penses de protection sociale et d&rsquo;\u00e9ducation b\u00e9n\u00e9ficiant aux plus de 60 ans a grimp\u00e9 de 11 \u00e0 17% du PIB entre 1979 et 2011. Pendant ce temps, les d\u00e9penses consacr\u00e9es aux moins de 25 ans sont rest\u00e9es stables \u00e0 9% du PIB. Ces diff\u00e9rences se mat\u00e9rialisent, par exemple, dans le domaine de la sant\u00e9, o\u00f9 les d\u00e9penses publiques se concentrent sur certaines pathologies chroniques souvent li\u00e9es \u00e0 l\u2019\u00e2ge, au d\u00e9triment de soins comme l&rsquo;optique ou le dentaire.<\/div>\n<div class=\"mdjComplements\">Or pour ces experts, cette situation n&rsquo;est pas tenable vu les perspective de vieillissement de la population. \u00ab\u00a0Si nous avions aujourd\u2019hui la structure d\u00e9mographique de 2030, tout en conservant, \u00e0 chaque \u00e2ge, les d\u00e9penses (\u2026) de 2011, il faudrait augmenter imm\u00e9diatement de 21 % les pr\u00e9l\u00e8vements moyens qui la financent, pour ne pas creuser davantage les d\u00e9ficits\u00a0\u00bb, font-ils valoir.<\/div>\n<div class=\"mdjComplements\">Alors dans <a href=\"http:\/\/www.capital.fr\/a-la-une\/politique-economique\/faut-il-prendre-aux-vieux-pour-donner-aux-jeunes-1114337\">Capital<\/a> o\u00f9 ils parlent de ce sujet, ils ont fait un sondage et pos\u00e9 la question : Faut-il donner davantage aux jeunes et moins aux vieux ?\u00a0 <\/div>\n<div class=\"mdjComplements\">J&rsquo;ai r\u00e9pondu OUI, mais le r\u00e9sultat apr\u00e8s mon vote laissait appara\u00eetre 14% de Oui et 86% de Non. Je soup\u00e7onne que les votants sont encore plus vieux que moi.<\/div>\n<div class=\"mdjComplements\">Je trouve cette r\u00e9ponse non raisonnable et preuve d&rsquo;un d\u00e9ni.<\/div>\n<div class=\"mdjComplements\">\u00c9videmment, on va trouver des exemples de vieilles personnes qui sont tr\u00e8s d\u00e9favoris\u00e9es, mais globalement les \u00e9tudes se suivent et se ressemblent : les vieux sont bien privil\u00e9gi\u00e9s par rapport aux jeunes.<\/div>\n<div class=\"mdjComplements\">Notre syst\u00e8me social doit aider les personnes d\u00e9favoris\u00e9es mais sans distinguer entre jeunes et vieux. Je vous rappelle cette question qui s&rsquo;est pos\u00e9e l&rsquo;ann\u00e9e derni\u00e8re sur la demi-part suppl\u00e9mentaire des veuves \u00e0 l&rsquo;imp\u00f4t sur le revenu. Les articles des journaux ont quasi tous vilipend\u00e9 cette mesure, sans s&rsquo;\u00e9tonner qu&rsquo;elle avait pour cons\u00e9quence qu&rsquo;un jeune disposant des m\u00eames revenus qu&rsquo;une veuve payait de ce fait plus d&rsquo;imp\u00f4t.<\/div>\n<div class=\"mdjComplements\"><a href=\"http:\/\/www.challenges.fr\/france\/20160331.CHA7105\/comment-les-politiques-publiques-desavantagent-fortement-les-jeunes.html\">&lt;Challenge pr\u00e9cise&gt;<\/a> :<\/div>\n<div class=\"mdjCiter\">La note de France Strat\u00e9gie estime aussi que le mod\u00e8le fran\u00e7ais de protection qui se base sur la famille pour l&rsquo;\u00e9tudiant et sur le monde professionnel pour le jeune travailleur, n&rsquo;a su s&rsquo;adapter suffisamment \u00ab\u00a0aux \u00e9volutions de l&rsquo;entr\u00e9e dans l&rsquo;\u00e2ge adulte depuis le d\u00e9but des ann\u00e9es 1980\u00a0\u00bb. Et que \u00ab\u00a0le renforcement des protections traditionnelles\u00a0\u00bb, comme les bourses et aides au logement, \u00ab\u00a0n&rsquo;a pas \u00e9teint la pr\u00e9carit\u00e9 en milieu \u00e9tudiant. Il a \u00e9galement laiss\u00e9 de c\u00f4t\u00e9 un nombre croissant de jeunes en situation pr\u00e9caire sur le march\u00e9 du travail\u00a0\u00bb.<\/div>\n<div class=\"mdjCiter\">Les deux auteurs \u00e9voquent au final quelques pistes de r\u00e9flexion pour \u00ab\u00a0accompagner plus efficacement la jeunesse vers l&rsquo;\u00e2ge adulte\u00a0\u00bb: une action visant \u00e0 faciliter l&rsquo;acc\u00e8s de la jeunesse aux march\u00e9s de l&#8217;emploi et du logement ou encore la mise en place d&rsquo;aides comme par exemple une allocation d&rsquo;autonomie sont des options possibles. Concernant l&rsquo;articulation entre \u00ab\u00a0investissement dans la jeunesse et prise en charge du vieillissement\u00a0\u00bb, un des leviers possibles serait \u00ab\u00a0une plus grande mise \u00e0 contribution des plus \u00e2g\u00e9s\u00a0\u00bb. Car malgr\u00e9 la mise en place de la CSG, les seniors \u00ab\u00a0restent cependant moins impos\u00e9s que les groupes d&rsquo;\u00e2ge plus jeunes\u00a0\u00bb.<\/div>\n<div class=\"mdjComplements\">Une \u00e9mission tr\u00e8s int\u00e9ressante et argument\u00e9e a aussi abord\u00e9 ce sujet sur France Culture : <a href=\"http:\/\/www.franceculture.fr\/emissions\/dimanche-et-apres\/hollande-et-les-jeunes-un-rendez-vous-manque-et-apres\">&lt;Dimanche et apr\u00e8s du 03\/04\/2016&gt;<\/a><\/div>\n<div class=\"mdjComplements\"><a href=\"http:\/\/www.lefigaro.fr\/economie\/le-scan-eco\/decryptage\/2016\/01\/12\/29002-20160112ARTFIG00006-non-les-jeunes-n-ont-pas-ete-sacrifies-par-la-protection-sociale.php\">&lt;Cet article du Figaro nuance un peu l&rsquo;analyse de Challenge, mais reconnait quand m\u00eame que les transferts sociaux doivent \u00eatre r\u00e9\u00e9quilibr\u00e9s en faveur des jeunes&gt;<\/a><\/div>\n<div class=\"mdjComplements\">Je crois qu&rsquo;une soci\u00e9t\u00e9 ne se d\u00e9veloppe et n&rsquo;a de l&rsquo;avenir que si elle sait s&rsquo;appuyer sur sa jeunesse.<\/div>\n<div class=\"mdjComplements\">Cette une vraie question de soci\u00e9t\u00e9.<\/div>\n<div class=\"mdjComplements\">Penser \u00e0 ses propres enfants ou petits-enfants ne suffit pas, il faut penser \u00e0 tous les jeunes.<\/div>\n<div class=\"mdjComplements\">D&rsquo;ailleurs si cette \u00e9volution et ces \u00e9quilibres ne sont pas repens\u00e9s, les jeunes n&rsquo;accepteront plus de jouer le jeu.<\/div>\n<div class=\"mdjComplements\">Notre syst\u00e8me veut que les actifs cotisent pour payer les pensions des retrait\u00e9s.<\/div>\n<div class=\"mdjComplements\">Le syst\u00e8me a \u00e9t\u00e9 cr\u00e9\u00e9 alors qu&rsquo;il y avait beaucoup d&rsquo;actifs qui finan\u00e7aient peu de retrait\u00e9s et que ces actifs avaient la perspective de b\u00e9n\u00e9ficier dans l&rsquo;avenir de la r\u00e9ciprocit\u00e9 avec les nouveaux actifs. C&rsquo;\u00e9tait un syst\u00e8me avec des cotisations ma\u00eetris\u00e9es et un avenir positif.<\/div>\n<div class=\"mdjComplements\">Tel n&rsquo;est plus le cas et on d\u00e9rive vers des cotisations de plus en plus lourdes pour des actifs qui ont plus que des craintes \u00e0 penser que le syst\u00e8me ne leur profitera plus.<\/div>\n","protected":false},"excerpt":{"rendered":"<p>Lundi 11 avril 2016 \u00abTout se passe comme si on avait une immigration sauvage de vieux \u00bb Fran\u00e7ois H\u00e9ran, ancien directeur de l&rsquo;INED C&rsquo;est une formule un peu rude, abrupte pour aborder un des sujets essentiel (ce n&rsquo;est pas le<\/p>\n","protected":false},"author":1,"featured_media":0,"comment_status":"closed","ping_status":"closed","sticky":false,"template":"","format":"standard","meta":{"footnotes":""},"categories":[1],"tags":[],"class_list":["post-1678","post","type-post","status-publish","format-standard","hentry","category-motdujour"],"_links":{"self":[{"href":"https:\/\/lemotdujour.fr\/index.php?rest_route=\/wp\/v2\/posts\/1678","targetHints":{"allow":["GET"]}}],"collection":[{"href":"https:\/\/lemotdujour.fr\/index.php?rest_route=\/wp\/v2\/posts"}],"about":[{"href":"https:\/\/lemotdujour.fr\/index.php?rest_route=\/wp\/v2\/types\/post"}],"author":[{"embeddable":true,"href":"https:\/\/lemotdujour.fr\/index.php?rest_route=\/wp\/v2\/users\/1"}],"replies":[{"embeddable":true,"href":"https:\/\/lemotdujour.fr\/index.php?rest_route=%2Fwp%2Fv2%2Fcomments&post=1678"}],"version-history":[{"count":1,"href":"https:\/\/lemotdujour.fr\/index.php?rest_route=\/wp\/v2\/posts\/1678\/revisions"}],"predecessor-version":[{"id":1679,"href":"https:\/\/lemotdujour.fr\/index.php?rest_route=\/wp\/v2\/posts\/1678\/revisions\/1679"}],"wp:attachment":[{"href":"https:\/\/lemotdujour.fr\/index.php?rest_route=%2Fwp%2Fv2%2Fmedia&parent=1678"}],"wp:term":[{"taxonomy":"category","embeddable":true,"href":"https:\/\/lemotdujour.fr\/index.php?rest_route=%2Fwp%2Fv2%2Fcategories&post=1678"},{"taxonomy":"post_tag","embeddable":true,"href":"https:\/\/lemotdujour.fr\/index.php?rest_route=%2Fwp%2Fv2%2Ftags&post=1678"}],"curies":[{"name":"wp","href":"https:\/\/api.w.org\/{rel}","templated":true}]}}