{"id":1676,"date":"2016-04-08T02:00:00","date_gmt":"2016-04-07T22:00:00","guid":{"rendered":"http:\/\/lemotdujour.fr\/?p=1676"},"modified":"2017-05-08T13:43:17","modified_gmt":"2017-05-08T11:43:17","slug":"vendredi-8-avril-2016","status":"publish","type":"post","link":"https:\/\/lemotdujour.fr\/?p=1676","title":{"rendered":"Vendredi 8 avril 2016"},"content":{"rendered":"<div class=\"mdjDate\">Vendredi 8 avril 2016<\/div>\n<div class=\"mdjTexte\">\u00abLa mondialisation c&rsquo;est le centre du monde vu par ceux qui en sont et qui pensent que le monde c&rsquo;est eux. \u00bb<\/div>\n<div class=\"mdjAuteur\">Aurore Vincenti<\/div>\n<div class=\"mdjComplements\">Pour une fois je ne vais pas me r\u00e9f\u00e9rer \u00e0 une \u00e9mission de France Culture mais \u00e0 une \u00e9mission de France Inter : AGORA pr\u00e9sent\u00e9e par St\u00e9phane Paoli et qui est diffus\u00e9 le dimanche de 12h \u00e0 14h<\/div>\n<div class=\"mdjComplements\">L&rsquo;\u00e9mission du dimanche 14 f\u00e9vrier avait pour th\u00e8me : <a href=\"http:\/\/www.franceinter.fr\/emission-agora-nation-continentalisation-mondialisation-quelle-dynamique-politique-pour-le-xxieme-si\">Nation, continentalisation, mondialisation : quelle dynamique politique pour le XXI\u00e8me si\u00e8cle ? <\/a><\/div>\n<div class=\"mdjComplements\">Aurore Vincenti est une journaliste qui participe \u00e0 l&rsquo;\u00e9mission et qui intervient pour donner du sens aux mots, les expliquer \u00e0 travers leur \u00e9tymologie, leur histoire, leurs liens avec d&rsquo;autres mots.<\/div>\n<div class=\"mdjComplements\">St\u00e9phane Paoli la pr\u00e9sente comme celle qui veille sur les mots.<\/div>\n<div class=\"mdjComplements\">Le dimanche 14 f\u00e9vrier, elle a parl\u00e9 du mot mondialisation. : \u00ab La mondialisation est un mot fourre-tout dont on ne sait pas si on peut l&rsquo;utiliser au m\u00eame titre que le mot anglais globalisation. [<em>\u00c9tymologie : de l&rsquo;anglais globalization, issu du latin globus, globe. Le Larousse d\u00e9finit globalisation comme un terme \u00e9conomique (de l&rsquo;anglais global, mondial) : Tendance des entreprises multinationales \u00e0 concevoir des strat\u00e9gies \u00e0 l&rsquo;\u00e9chelle plan\u00e9taire, conduisant \u00e0 la mise en place d&rsquo;un march\u00e9 mondial unifi\u00e9. Et pour la mondialisation : Fait de devenir mondial, de se mondialiser ou encore : Interaction g\u00e9n\u00e9ralis\u00e9e entre les diff\u00e9rentes parties de l&rsquo;humanit\u00e9<\/em>.]<\/div>\n<div class=\"mdjCiter\">Souvent synonyme de capitalisme qui suscite chez les uns le rejet et chez les autres la fascination.<\/div>\n<div class=\"mdjCiter\">Il apparait dans les ann\u00e9es 1950\/1960 avec un sens tr\u00e8s litt\u00e9ral.<\/div>\n<div class=\"mdjCiter\">La mondialisation c&rsquo;est le fait de devenir mondial.<\/div>\n<div class=\"mdjCiter\">Il faut attendre 1995 pour que le mot se vulgarise, les m\u00e9dias l&rsquo;utilisent et le diffusent. L&rsquo;OCDE se met \u00e0 l&rsquo;utiliser abondamment pour remplacer un autre mot internationalisation.<\/div>\n<div class=\"mdjCiter\">L&rsquo;\u00e9conomie mondiale supplante l&rsquo;\u00e9conomie internationale.<\/div>\n<div class=\"mdjCiter\">Cela fait une diff\u00e9rence majeure.<\/div>\n<div class=\"mdjCiter\">Le mot nation port\u00e9 par le mot international disparait de la circulation.<\/div>\n<div class=\"mdjCiter\">Il y a une sorte de changement d&rsquo;\u00e9chelle, il n&rsquo;est plus question de relations entre les nations. Les fronti\u00e8res et les lois nationales ne sont d\u00e9sormais plus pertinentes.<\/div>\n<div class=\"mdjCiter\">Avec la g\u00e9n\u00e9ralisation\u00a0 du libre-\u00e9change, on d\u00e9passe le cadre des Etats.<\/div>\n<div class=\"mdjCiter\">1995 c&rsquo;est aussi l&rsquo;ann\u00e9e de la <a href=\"https:\/\/fr.wikipedia.org\/wiki\/Organisation_mondiale_du_commerce\">cr\u00e9ation de l&rsquo;Organisation Mondiale du Commerce (OMC)<\/a>\u00a0 cr\u00e9\u00e9 le 1er janvier 1995<\/div>\n<div class=\"mdjCiter\">Comment d\u00e9crire le passage de l&rsquo;international au mondial ?<\/div>\n<div class=\"mdjCiter\">On peut le r\u00e9sumer par un mot : r\u00e9seau.<\/div>\n<div class=\"mdjCiter\">La mondialisation c&rsquo;est la cr\u00e9ation de r\u00e9seaux qui engendrent une interd\u00e9pendance et une concurrence.<\/div>\n<div class=\"mdjCiter\">Les r\u00e9seaux ce sont les transports, internet, l&rsquo;information.<\/div>\n<div class=\"mdjCiter\">Ils induisent une r\u00e9 \u00e9laboration\u00a0 de l&rsquo;espace et du temps. Ils ne tiennent pas compte des fronti\u00e8res.<\/div>\n<div class=\"mdjCiter\">Ils relient des territoires qui n&rsquo;ont jamais \u00e9t\u00e9 aussi proches.<\/div>\n<div class=\"mdjCiter\">Mais en reliant des p\u00f4les, ils excluent aussi des espaces.<\/div>\n<div class=\"mdjCiter\">Ils renforcent les oppositions entre le centre et les p\u00e9riph\u00e9ries.<\/div>\n<div class=\"mdjCiter\">La mondialisation c&rsquo;est le centre du monde vu par ceux qui en sont et qui pensent que le monde c&rsquo;est eux.<\/div>\n<div class=\"mdjCiter\">Ajoutons que le contraire de monde c&rsquo;est immonde, \u00e9tymologiquement c&rsquo;est exact.<\/div>\n<div class=\"mdjCiter\">Le pur s&rsquo;oppose \u00e0 l&rsquo;impur.<\/div>\n<div class=\"mdjCiter\">La globalisation ne recouvre qu&rsquo;une partie de la mondialisation : la partie \u00e9conomique et financi\u00e8re.<\/div>\n<div class=\"mdjCiter\">Alors que la mondialisation est aussi culturelle et marchande, social et marchande, environnemental et marchande.<\/div>\n<div class=\"mdjCiter\">Il me semble que la mondialisation a finalement conduit \u00e0 un renforcement des fronti\u00e8res et on peut se demander si le terme mondialisation n&rsquo;a pas un peu vieilli.<strong>\u00bb<\/strong><\/div>\n<div class=\"mdjComplements\">Aurore renvoie vers le <a href=\"http:\/\/www.imf.org\/external\/np\/exr\/ib\/2000\/fra\/041200f.htm\">FMI qui a d\u00e9velopp\u00e9 une r\u00e9flexion sur la d\u00e9finition de la mondialisation<\/a><\/div>\n<div class=\"mdjComplements\">Apr\u00e8s avoir expliqu\u00e9 la mondialisation, la page du FMI analyse que : <\/div>\n<div class=\"mdjComplements\">Le XXe si\u00e8cle a \u00e9t\u00e9 marqu\u00e9 par une croissance moyenne remarquable des revenus, mais qui, \u00e0 l&rsquo;\u00e9vidence, a \u00e9t\u00e9 elle aussi \u00e9t\u00e9 in\u00e9galement r\u00e9partie. L&rsquo;\u00e9cart entre les riches et les pauvres, qu&rsquo;il s&rsquo;agisse des pays ou des personnes, s&rsquo;est creus\u00e9. Le PIB par habitant du quart le plus riche de la population mondiale a pour ainsi dire sextupl\u00e9, tandis que celui du quart le plus pauvre a moins que tripl\u00e9 (<a href=\"http:\/\/www.imf.org\/external\/np\/exr\/ib\/2000\/fra\/041200f.htm\">graphique 1b<\/a>). Les in\u00e9galit\u00e9s de revenu se sont manifestement aggrav\u00e9es. <\/div>\n<div class=\"mdjComplements\">Vous trouverez la chronique d&rsquo;Aurore Vincenti ici : <a href=\"http:\/\/www.franceinter.fr\/player\/reecouter?play=1237965\">http:\/\/www.franceinter.fr\/player\/reecouter?play=1237965<\/a><\/div>\n","protected":false},"excerpt":{"rendered":"<p>Vendredi 8 avril 2016 \u00abLa mondialisation c&rsquo;est le centre du monde vu par ceux qui en sont et qui pensent que le monde c&rsquo;est eux. \u00bb Aurore Vincenti Pour une fois je ne vais pas me r\u00e9f\u00e9rer \u00e0 une \u00e9mission<\/p>\n","protected":false},"author":1,"featured_media":0,"comment_status":"closed","ping_status":"closed","sticky":false,"template":"","format":"standard","meta":{"footnotes":""},"categories":[1],"tags":[],"class_list":["post-1676","post","type-post","status-publish","format-standard","hentry","category-motdujour"],"_links":{"self":[{"href":"https:\/\/lemotdujour.fr\/index.php?rest_route=\/wp\/v2\/posts\/1676","targetHints":{"allow":["GET"]}}],"collection":[{"href":"https:\/\/lemotdujour.fr\/index.php?rest_route=\/wp\/v2\/posts"}],"about":[{"href":"https:\/\/lemotdujour.fr\/index.php?rest_route=\/wp\/v2\/types\/post"}],"author":[{"embeddable":true,"href":"https:\/\/lemotdujour.fr\/index.php?rest_route=\/wp\/v2\/users\/1"}],"replies":[{"embeddable":true,"href":"https:\/\/lemotdujour.fr\/index.php?rest_route=%2Fwp%2Fv2%2Fcomments&post=1676"}],"version-history":[{"count":1,"href":"https:\/\/lemotdujour.fr\/index.php?rest_route=\/wp\/v2\/posts\/1676\/revisions"}],"predecessor-version":[{"id":1677,"href":"https:\/\/lemotdujour.fr\/index.php?rest_route=\/wp\/v2\/posts\/1676\/revisions\/1677"}],"wp:attachment":[{"href":"https:\/\/lemotdujour.fr\/index.php?rest_route=%2Fwp%2Fv2%2Fmedia&parent=1676"}],"wp:term":[{"taxonomy":"category","embeddable":true,"href":"https:\/\/lemotdujour.fr\/index.php?rest_route=%2Fwp%2Fv2%2Fcategories&post=1676"},{"taxonomy":"post_tag","embeddable":true,"href":"https:\/\/lemotdujour.fr\/index.php?rest_route=%2Fwp%2Fv2%2Ftags&post=1676"}],"curies":[{"name":"wp","href":"https:\/\/api.w.org\/{rel}","templated":true}]}}