{"id":16706,"date":"2026-02-02T02:35:07","date_gmt":"2026-02-02T01:35:07","guid":{"rendered":"https:\/\/lemotdujour.fr\/?p=16706"},"modified":"2026-02-02T02:45:43","modified_gmt":"2026-02-02T01:45:43","slug":"lundi-2-fvrier-2026","status":"publish","type":"post","link":"https:\/\/lemotdujour.fr\/?p=16706","title":{"rendered":"Lundi 2 f&eacute;vrier 2026"},"content":{"rendered":"<div class=\"mdjTexte\">\u00ab Je voudrais sugg\u00e9rer que les passages \u00e9tranges [\u2026] de la Bible qui traitent de l\u2019Ant\u00e9christ peuvent nous aider \u00e0 comprendre le sens de cette p\u00e9riode \u00e9trange [\u2026] que nous traversons, et ce que l\u2019avenir nous r\u00e9serve.\u00bb<\/div>\n<div class=\"mdjAuteur\">Peter Thiel lors de son discours \u00e0 l&rsquo;Institut de France le 26 janvier<\/div>\n<p>On entend souvent parler de <strong>l\u2019Acad\u00e9mie fran\u00e7aise<\/strong> qui est int\u00e9gr\u00e9e \u00e0 l\u2019Institut de France qui se situe Quai Conti. L\u2019acad\u00e9mie fran\u00e7aise est \u00e0 l\u2019origine une acad\u00e9mie Royale fond\u00e9e en 1634 par le Cardinal de Richelieu.<\/p>\n<p>D\u2019autres acad\u00e9mies royales furent cr\u00e9\u00e9es au XVII\u00e8me si\u00e8cle : l\u2019Acad\u00e9mie des inscriptions et belles-lettres en 1663 et l\u2019Acad\u00e9mie des sciences en 1666,<\/p>\n<p>A cela s\u2019ajoute les Acad\u00e9mies royales de peinture et sculpture, cr\u00e9\u00e9e en 1648, de musique, datant de 1669, et d&rsquo;architecture, fond\u00e9e en 1671. Ces 3 acad\u00e9mies seront fusionn\u00e9es en une seule : l\u2019Acad\u00e9mie des Beaux-arts en 1816.<\/p>\n<p><img loading=\"lazy\" decoding=\"async\" class=\" wp-image-16708 alignleft\" src=\"https:\/\/lemotdujour.fr\/wp-content\/uploads\/2026\/02\/Quai-Conti.jpg\" alt=\"\" width=\"397\" height=\"337\" srcset=\"https:\/\/lemotdujour.fr\/wp-content\/uploads\/2026\/02\/Quai-Conti.jpg 858w, https:\/\/lemotdujour.fr\/wp-content\/uploads\/2026\/02\/Quai-Conti-300x255.jpg 300w, https:\/\/lemotdujour.fr\/wp-content\/uploads\/2026\/02\/Quai-Conti-768x653.jpg 768w\" sizes=\"auto, (max-width: 397px) 100vw, 397px\" \/>Entre temps, <strong>l\u2019Institut de France<\/strong> a \u00e9t\u00e9 cr\u00e9\u00e9 en 1795 par la Convention avec pour ambition d\u2019offrir un point de vue encyclop\u00e9dique sur l\u2019ensemble des savoirs.<\/p>\n<p>Bonaparte puis Louis XVIII ont organis\u00e9 l\u2019Institut en Acad\u00e9mies en se fondant sur les 4 acad\u00e9mies royales existantes dont celle des Beaux-Arts.<\/p>\n<p>L\u2019institut de France d\u2019aujourd\u2019hui compte\u00a0 cinq acad\u00e9mies. La cinqui\u00e8me fut cr\u00e9\u00e9e de mani\u00e8re plus tardive et eut un d\u00e9marrage difficile. Il s\u2019agit de <strong>l&rsquo;Acad\u00e9mie des sciences morales et politiques (ASMP)<\/strong>. Elle fut fond\u00e9e en 1795 avec l\u2019Institut de France mais supprim\u00e9e en 1803 par Napoleon 1er qui goutait probablement peu qu\u2019on puisse discuter, en son absence, de politique et de morale. Elle fut r\u00e9tablie en 1832 sous l&rsquo;influence du ministre et acad\u00e9micien Fran\u00e7ois Guizot, et donc sous le r\u00e8gne de Louis Philippe.<\/p>\n<p>C\u2019est cette derni\u00e8re Acad\u00e9mie qui nous int\u00e9resse.<\/p>\n<p>Guizot a argument\u00e9 ainsi aupr\u00e8s de Louis Philippe pour justifier sa r\u00e9ouverture :<\/p>\n<p style=\"margin-left: 28pt;\"><span style=\"color: #c00000; font-family: arial;\">\u00ab Les sciences morales et politiques influent directement parmi nous sur le sort de la soci\u00e9t\u00e9, elles modifient rapidement les lois et les m\u0153urs. On peut dire que, depuis un demi-si\u00e8cle, elles ont jou\u00e9 un r\u00f4le dans notre histoire. C&rsquo;est qu&rsquo;elles ont acquis pour la premi\u00e8re fois ce qui leur avait toujours manqu\u00e9, un caract\u00e8re vraiment scientifique. \u00bb<\/span><\/p>\n<p><span style=\"color: #777777; font-family: arial;\">Pour plus d\u2019amples infirmations je vous renvoie vers la \u00ab <a href=\"https:\/\/fr.wikipedia.org\/wiki\/Acad%C3%A9mie_des_sciences_morales_et_politiques\"><span style=\"color: #0000ff;\">Page Wikipedia<\/span><\/a> \u00bb qui donne en outre la liste actuelle des membres de l\u2019ASMP et vers le site officiel : \u00ab <a href=\"https:\/\/academiesciencesmoralesetpolitiques.fr\/\"><span style=\"color: #0000ff;\">Acad\u00e9mie des sciences morales et politiques<\/span><\/a> \u00bb. <\/span><\/p>\n<p><span style=\"color: #777777; font-family: arial;\">Sur la page de pr\u00e9sentation nous pouvons lire : <\/span><\/p>\n<p style=\"margin-left: 28pt;\"><span style=\"color: #c00000; font-family: arial;\"> \u00ab L\u2019Acad\u00e9mie des sciences morales et politiques a \u00e9t\u00e9 fond\u00e9e en 1832 au sein de l\u2019Institut de France afin de proposer une information fiable et un avis raisonn\u00e9 sur les d\u00e9bats et les enjeux qui int\u00e9ressent l\u2019avenir de la soci\u00e9t\u00e9. Son champ de comp\u00e9tence couvre tout ce qui se rapporte \u00e0 l\u2019humain, que celui-ci soit consid\u00e9r\u00e9 dans sa dimension individuelle ou collective. La philosophie, la psychologie, la sociologie, le droit, l\u2019\u00e9conomie, les sciences politiques, l\u2019histoire et la g\u00e9ographie sont les principales disciplines repr\u00e9sent\u00e9es en son sein. \u00bb <\/span><\/p>\n<p>Toutes ces r\u00e9f\u00e9rences historiques montrent que cette institution a \u00e9t\u00e9 cr\u00e9\u00e9e dans l\u2019esprit des Lumi\u00e8res, pour augmenter les connaissances, s\u2019appuyer sur la raison pour faire progresser l\u2019Humanit\u00e9. Elle a \u00e9t\u00e9 cr\u00e9\u00e9e pour s\u2019\u00e9loigner de l\u2019obscurantisme et des v\u00e9rit\u00e9s soi-disant r\u00e9v\u00e9l\u00e9es. Nul n\u2019a mieux exprim\u00e9 cette opposition que Galil\u00e9e qui aurait dit :<\/p>\n<p style=\"margin-left: 28pt;\"><span style=\"color: #c00000; font-family: arial;\">\u00ab J\u2019essaye de comprendre le monde en lisant dans le grand livre de la nature, non en lisant \u00ab les livres sacr\u00e9es \u00bb \u00bb<\/span><\/p>\n<p>Il aurait pu ajouter : \u00ab et en m\u2019appuyant sur l\u2019intelligence humaine, le raisonnement et les connaissances acquises \u00bb.<\/p>\n<p>Cette institution a d\u00e9cid\u00e9 de convoquer un groupe de travail consacr\u00e9 \u00e0 \u00ab<strong> l\u2019avenir de la d\u00e9mocratie<\/strong> \u00bb. Ce qui entre totalement dans sa mission.<\/p>\n<p>Mais, il s\u2019est alors pass\u00e9 un \u00e9v\u00e8nement \u00ab disruptif \u00bb. Apr\u00e8s avoir auditionn\u00e9 25 personnalit\u00e9s, toutes fran\u00e7aises, principalement des juristes, politologues et historiens pour \u00e9clairer les r\u00e9flexions sur les institutions et les pratiques d\u00e9mocratiques, une des membres de l\u2019Acad\u00e9mie <strong>Chantal Delsol<\/strong> philosophe a organis\u00e9 l\u2019invitation du milliardaire et soutien trumpiste : <strong>Peter Thiel<\/strong>.<\/p>\n<p>Sa venue quai de Conti a \u00e9t\u00e9 tenue secr\u00e8te jusqu\u2019au dernier moment. Peter Thiel s\u2019est exprim\u00e9 \u00e0 huis clos, lundi 26 janvier, devant un ar\u00e9opage de membres de l\u2019Acad\u00e9mie des sciences morales et politiques et quelques invit\u00e9s.<\/p>\n<p>Envoy\u00e9 par la Revue le Grand Continent, <strong>Arnaud Miranda<\/strong> auteur de \u00ab <a href=\"https:\/\/www.gallimard.fr\/catalogue\/les-lumieres-sombres\/9782073140326\"><span style=\"color: #0000ff;\">Les Lumi\u00e8res sombres<\/span><\/a> \u00bb a \u00e9cout\u00e9 pu obtenir l\u2019int\u00e9gralit\u00e9 de l\u2019intervention et produire son analyse.<\/p>\n<p>A ce stade, je ne peux que vous conseiller de vous abonner \u00e0 cette Revue en ligne \u00ab <a href=\"https:\/\/legrandcontinent.eu\/fr\/\"><span style=\"color: #0000ff;\"><strong>Le Grand Continent<\/strong><\/span><\/a> \u00bb.<\/p>\n<p>Ce que produit ce site est d\u2019une richesse incomparable et vous trouvez quasi tous les documents qui comptent, en version int\u00e9grale, annot\u00e9s et remis dans leur contexte, le plus souvent avec une analyse critique.<\/p>\n<p>Vous souhaitez lire le document de strat\u00e9gie de s\u00e9curit\u00e9 nationale am\u00e9ricain paru en d\u00e9cembre, vous le trouvez sur le Grand Continent.<\/p>\n<p>Les documents officiels des gouvernement russes, am\u00e9ricains, chinois qui \u00e9tonnamment expliquent leurs visions et leurs ambitions, sans langue de bois, sont publi\u00e9s. Ainsi que les penseurs qui les influencent, pour les \u00c9tats-Unis Peter Thiel ou ce blogueur tr\u00e8s inqui\u00e9tant :\u00a0 <strong>Curtis Yarvin<\/strong> dont le vice-pr\u00e9sident JD Vance dit que c\u2019est le penseur qui lui parait le plus important.<\/p>\n<p>Revenons \u00e0 Peter Thiel que j\u2019ai \u00e9voqu\u00e9 plusieurs fois dans les mots du jour.<\/p>\n<p>Dans celui du 18 novembre 2024 je faisais d\u00e9j\u00e0 appel au \u00ab <a href=\"https:\/\/legrandcontinent.eu\/fr\/2019\/02\/16\/par-dela-la-democratie\/\"><span style=\"color: #0000ff;\">Grand Contine<\/span><\/a><span style=\"color: #0000ff;\">nt<\/span> \u00bb pour citer cet homme n\u00e9 en 1967 \u00e0 Frankfort sur le Main :<\/p>\n<p style=\"margin-left: 28pt;\"><span style=\"color: #c00000; font-family: arial;\"> \u00ab Je ne crois plus d\u00e9sormais que la libert\u00e9 et la d\u00e9mocratie sont compatibles. [\u2026] Les ann\u00e9es 1920 furent la derni\u00e8re d\u00e9cennie dans l\u2019histoire am\u00e9ricaine o\u00f9 l\u2019on pouvait \u00eatre parfaitement optimiste \u00e0 propos de la politique. Depuis 1920, l\u2019augmentation consid\u00e9rable des b\u00e9n\u00e9ficiaires de l\u2019aide sociale et l\u2019extension du droit de vote aux femmes \u2013 deux coups notoirement durs pour les libertariens \u2013 ont fait de la notion de \u00ab d\u00e9mocratie capitaliste \u00bb un oxymore. \u00bb<\/span><\/p>\n<p>Clairement pour lui la d\u00e9mocratie n\u2019a pas d\u2019avenir.<\/p>\n<p>Il est cofondateur de <strong>Paypal<\/strong> et aujourd\u2019hui il dirige \u00ab <strong>Palantir<\/strong> \u00bb qui est une entreprise de services et d&rsquo;\u00e9dition logicielle sp\u00e9cialis\u00e9e dans l&rsquo;analyse et la science des Big Data. Bref c\u2019est l\u2019outil qui permet la surveillance g\u00e9n\u00e9ralis\u00e9e et qui est tr\u00e8s utilis\u00e9 par les services de renseignement et par la tristement c\u00e9l\u00e8bre agence ICE \u00e0 l\u2019\u0153uvre contre les migrants aux Etats-Unis. En France, elle est en contrat avec la direction g\u00e9n\u00e9rale de la s\u00e9curit\u00e9 int\u00e9rieure (DGSI) depuis 2016<\/p>\n<p>Il fut le premier soutien de Trump de la Silicon Valley, il est le mentor de JD Vance qui fut son employ\u00e9 et c\u2019est lui qui conseilla \u00e0 Trump de le prendre comme Vice-Pr\u00e9sident.<\/p>\n<p>Il est donc invit\u00e9 \u00e0 l\u2019Acad\u00e9mie des sciences morales et politiques pour parler de l\u2019avenir de la d\u00e9mocratie et il va parler de \u00ab L\u2019Antechrist \u00bb, puisant ses r\u00e9f\u00e9rences non dans les \u00e9crits de Montesquieu sur la s\u00e9paration des pouvoirs, Montesquieu dont le portrait est accroch\u00e9 derri\u00e8re lui dans la salle de conf\u00e9rence, mais dans la Bible et particuli\u00e8rement dans l\u2019Apocalypse de Jean qui parle de la fin du monde et du retour du Christ. Vous trouverez cette intervention derri\u00e8re ce lien : \u00ab <a href=\"https:\/\/legrandcontinent.eu\/fr\/2026\/01\/27\/peter-thiel-a-lacademie-notes-integrales-et-commentaires-critiques\/\"><span style=\"color: #0000ff;\">Peter Thiel \u00e0 L\u2019Acad\u00e9mie<\/span><\/a> \u00bb, mais il faut \u00eatre abonn\u00e9.<\/p>\n<p>Quelques extraits pour vous faire une id\u00e9e. Il se pr\u00e9sente ainsi :<\/p>\n<p style=\"margin-left: 28pt;\"><span style=\"color: #c00000; font-family: arial;\">\u00ab Dans ma vie priv\u00e9e, je suis chr\u00e9tien orthodoxe mod\u00e9r\u00e9 et un humble lib\u00e9ral classique, avec une seule d\u00e9viation apparemment mineure par rapport \u00e0 l\u2019orthodoxie lib\u00e9rale classique : je m\u2019inqui\u00e8te de l\u2019Ant\u00e9christ. \u00bb<\/span><\/p>\n<p><span style=\"color: #777777; font-family: arial;\">Et il ajoute : <\/span><\/p>\n<p style=\"margin-left: 28pt;\"><span style=\"color: #c00000; font-family: arial;\">\u00ab Je voudrais ensuite sugg\u00e9rer que les passages \u00e9tranges, voire exceptionnels, de la Bible qui traitent de l\u2019Ant\u00e9christ peuvent nous aider \u00e0 comprendre le sens de cette p\u00e9riode \u00e9trange, voire exceptionnelle, que nous traversons, et ce que l\u2019avenir nous r\u00e9serve. \u00bb<\/span><\/p>\n<p><span style=\"color: #777777; font-family: arial;\">Il cite abondamment l\u2019Apocalypse et le Livre de Daniel et s\u2019attarde sur le personnage de l\u2019Ant\u00e9christ : <\/span><\/p>\n<p style=\"margin-left: 28pt;\"><span style=\"color: #c00000; font-family: arial;\">\u00ab Je me concentrerai ici sur l\u2019interpr\u00e9tation la plus courante et la plus dramatique de l\u2019Ant\u00e9christ : un roi mal\u00e9fique ou un anti-messie qui appara\u00eet \u00e0 la fin des temps.<\/span><\/p>\n<p style=\"margin-left: 28pt;\"><span style=\"color: #c00000; font-family: arial;\">Le livre de Daniel parle d\u2019un roi qui r\u00e9gnera sur l\u2019Empire romain \u00e0 la fin des temps.Le livre de l\u2019Apocalypse d\u00e9crit l\u2019Ant\u00e9christ comme une \u00ab b\u00eate sortie de la m\u00e8re \u00bb \u00e0 la t\u00eate d\u2019un gouvernement mondial, qui pers\u00e9cute les chr\u00e9tiens dans une grande tribulation avant le retour du Christ.<\/p>\n<p style=\"margin-left: 28pt;\"><span style=\"color: #c00000; font-family: arial;\">D\u00e8s le XVIIIe si\u00e8cle, sp\u00e9culer sur l\u2019Ant\u00e9christ \u00e9tait consid\u00e9r\u00e9 comme ridicule. [\u2026]<\/p>\n<p style=\"margin-left: 28pt;\"><span style=\"color: #c00000; font-family: arial;\">La seule chose tr\u00e8s importante dont je vais essayer de vous convaincre aujourd\u2019hui est ma r\u00e9ponse \u00e0 cette question : l\u2019Ant\u00e9christ et l\u2019apocalypse ont un lien \u00e9vident, m\u00eame (ou surtout) \u00e0 la fin de la modernit\u00e9.<\/p>\n<p style=\"margin-left: 28pt;\"><span style=\"color: #c00000; font-family: arial;\">Et ce faisant, je vais essayer de vous convaincre que l\u2019Ant\u00e9christ n\u2019est pas seulement un fantasme m\u00e9di\u00e9val. \u00bb<\/p>\n<p><span style=\"color: #777777; font-family: arial;\">\u00c0 partir d&rsquo;un verset du Livre de Daniel (\u00ab Beaucoup courront \u00e7a et l\u00e0, et la connaissance augmentera \u00bb), il d\u00e9veloppe l&rsquo;id\u00e9e qu&rsquo;un certain niveau de savoir annoncerait la \u00ab fin des temps \u00bb. Il se garde d&rsquo;annoncer une date, contrairement aux mill\u00e9rites, ce mouvement religieux inspir\u00e9 par William Miller qui proph\u00e9tisait le retour du Christ en 1844.<\/span><\/p>\n<p><span style=\"color: #777777; font-family: arial;\">Dans son discours abscons o\u00f9 il cite aussi le philosophe anglais Bacon, il en vient \u00e0 sugg\u00e9rer que l\u2019Antechrist serait un gouvernement mondial install\u00e9s par tous ceux qui seraient des ennemis du progr\u00e8s et de l\u2019innovation. Parmi ses cibles Greta Thunberg qui pour des raisons \u00e9cologiques veut imposer des contraintes insupportables ou Eliezer Yudkowsky un homme que Thiel a soutenu quand il travaillait sur l\u2019IA mais qu\u2019aujourd\u2019hui il vilipende parce que ce dernier alerte sur les risques de l\u2019IA et plaide pour qu\u2019on ralentisse sur ce sujet.<\/span><\/p>\n<p><span style=\"color: #777777; font-family: arial;\">Ce qui donne chez Peter Thiel ce d\u00e9veloppement : <\/span><\/p>\n<p style=\"margin-left: 28pt;\"><span style=\"color: #c00000; font-family: arial;\">\u00ab Matthieu 24:6 d\u00e9crit les signes qui pr\u00e9c\u00e9deront la fin des temps dans la Bible : \u00ab Vous entendrez parler de guerres et de rumeurs de guerres\u2026 \u00bb L\u2019Ant\u00e9christ arrive au pouvoir en parlant constamment de l\u2019apocalypse, en r\u00e9pandant des rumeurs de guerres et en vous effrayant pour que vous lui donniez le contr\u00f4le sur la science et sur la technologie, sur l\u2019ensemble du monde. \u00bb<\/span><\/p>\n<p><span style=\"color: #777777; font-family: arial;\">Son propos qui flirte avec l\u2019apocalypse nucl\u00e9aire \u00e9voque l\u2019id\u00e9e d\u2019une paix injuste, d\u2019une paix \u00e0 tout prix : <\/span><\/p>\n<p style=\"margin-left: 28pt;\"><span style=\"color: #c00000; font-family: arial;\">\u00ab Mais les \u00ab rumeurs \u00bb d\u2019une troisi\u00e8me guerre mondiale injuste nous poussent \u00e0 rechercher la paix \u00e0 tout prix.<br \/>\nEt je crains que dans une telle situation, nous ne r\u00e9fl\u00e9chissions pas suffisamment aux d\u00e9tails de cette paix. M\u00eame mes amis boomers de droite tr\u00e8s diff\u00e9rents d\u2019hommes comme Kennedy et Reagan ont grandi dans un monde qui croyait \u00e0 la paix \u00e0 tout prix.[\u2026]<br \/>\nSi nous ne pensons suffisamment pr\u00e9cis\u00e9ment aux d\u00e9tails de la paix qui vient, alors je crains que nous nous accommodions d\u2019une paix injuste.<br \/>\nLa paix injuste est la seule option parmi les quatre que nous n\u2019avons pas encore essay\u00e9e, et elle me semble \u00eatre la voie par d\u00e9faut pour notre monde.<br \/>\n1 Thessaloniciens 5:3 nous dit que le slogan de l\u2019Ant\u00e9christ est \u00ab paix et s\u00e9curit\u00e9 \u00bb.\u00c0 quoi ressemblerait une paix aussi injuste ?<br \/>\nD\u2019une certaine mani\u00e8re, la Chine en est un bon exemple. Aux \u00c9tats-Unis et en France, les partis de gauche \u00e9taient autrefois des partis ouvriers, qui auraient lutt\u00e9 avec acharnement contre une superpuissance \u00e9conomique comme la Chine qui tentait de saper les salaires et les normes du travail nationaux et de prendre des emplois.<br \/>\nAujourd\u2019hui, les partis ouvriers sont devenus des partis de g\u00e9rontocrates et d\u2019assistants sociaux, qui s\u2019adressent aux personnes qui ne travaillent pas, qui sont \u00e0 la retraite, ce qui ne peut se maintenir qu\u2019en vendant leurs pays \u00e0 la Chine.<br \/>\nIls \u00e9changent des emplois industriels locaux contre des voitures chinoises BYD bon march\u00e9 pour que les retrait\u00e9s puissent se promener dans la campagne fran\u00e7aise.<br \/>\nLe socialisme ne fonctionne pas vraiment, mais sans toute la main-d\u2019\u0153uvre esclave en Chine, il ne fonctionnerait pas du tout.<br \/>\nDans le contexte de Ta\u00efwan, mon hypoth\u00e8se par d\u00e9faut est que nous nous contenterons de vendre le peuple ta\u00efwanais chinois \u00e0 l\u2019esclavage totalitaire et que nous ne nous battrons pas beaucoup lorsque la Chine envahira. \u00bb<\/span><\/p>\n<p><span style=\"color: #777777; font-family: arial;\">Finalement a-t-il parl\u00e9 de d\u00e9mocratie ? Oui une fois en r\u00e9v\u00e9lant son autre obsession celui de la stagnation : <\/span><\/p>\n<p style=\"margin-left: 28pt;\"><span style=\"color: #c00000; font-family: arial;\">\u00ab Et d\u2019ailleurs, je pense que le faible taux de f\u00e9condit\u00e9 s\u2019explique en partie par le fait que les gens ne croient plus que les choses progressent, et que leurs enfants auront une vie moins bonne que la leur. Ou bien cela nous dit quelque chose de tr\u00e8s important sur la sant\u00e9 de la <strong>d\u00e9mocratie<\/strong>.<br \/>\nSi la productivit\u00e9 et la croissance sont \u00e9lev\u00e9es et que la taille du g\u00e2teau augmente, l\u2019enjeu de la victoire d\u2019une \u00e9lection par un camp n\u2019est pas si \u00e9lev\u00e9, puisqu\u2019en th\u00e9orie tout le monde s\u2019en sort pour le mieux quel que soit le r\u00e9sultat.<br \/>\nMais si la taille du g\u00e2teau est statique ou si elle diminue, alors la question de savoir quel camp va gagner devient tr\u00e8s importante : on assiste \u00e0 des combats de plus en plus vicieux pour la domination des ressources et on glisse vers des syst\u00e8mes <strong>non-d\u00e9mocratiques<\/strong>. \u00bb<\/span><\/p>\n<p><span style=\"color: #777777; font-family: arial;\">Autrement dit la d\u00e9mocratie semble inadapt\u00e9e \u00e0 notre \u00e9poque.<\/span><\/p>\n<p><span style=\"color: #777777; font-family: arial;\">Dans ce discours je per\u00e7ois la volont\u00e9 d\u2019aller jusqu\u2019au bout de l\u2019innovation quel qu\u2019en soit le prix. Pour le reste je ne suis pas convaincu de la coh\u00e9rence et de la structuration de cet homme qui va puiser dans la religion comme d\u2019autres dans Star Wars ou d\u2019autres fictions pour agr\u00e9menter son discours que Telerama a qualifi\u00e9 d\u2019\u00ab hallucin\u00e9 \u00bb et Le Point de \u00ab lunaire \u00bb.<\/span><\/p>\n<p><span style=\"color: #777777; font-family: arial;\">Le probl\u00e8me c\u2019est que cet homme n\u2019est pas un Savonarole enferm\u00e9 dans les murs de Florence et n\u2019ayant comme pouvoir que celui qui lui \u00e9tait octroy\u00e9 par les fid\u00e8les qui croyaient en ses pr\u00eaches. Ici nous avons affaire \u00e0 un milliardaire qui d\u00e9tient un outil du totalitarisme utilis\u00e9 par les services de surveillance de la plupart des pays et dont l\u2019influence sur le monde de la tech et probablement des membres essentiels du gouvernement am\u00e9ricain est sans commune mesure avec le moine fanatique florentin.<\/span><\/p>\n<p><span style=\"color: #777777; font-family: arial;\">La France ne p\u00e8se pas lourd devant les illumin\u00e9s de ce type surtout si des membres de nos Acad\u00e9mies trouvent pertinents de faire appel \u00e0 lui pour leur expliquer la marche du monde.<\/span><\/p>\n","protected":false},"excerpt":{"rendered":"<p>\u00ab Je voudrais sugg\u00e9rer que les passages \u00e9tranges [\u2026] de la Bible qui traitent de l\u2019Ant\u00e9christ peuvent nous aider \u00e0 comprendre le sens de cette p\u00e9riode \u00e9trange [\u2026] que nous traversons, et ce que l\u2019avenir nous r\u00e9serve.\u00bb Peter Thiel lors<\/p>\n","protected":false},"author":1,"featured_media":0,"comment_status":"open","ping_status":"closed","sticky":false,"template":"","format":"standard","meta":{"footnotes":""},"categories":[1],"tags":[15,49,85],"class_list":["post-16706","post","type-post","status-publish","format-standard","hentry","category-motdujour","tag-france","tag-futur","tag-transhumanisme"],"_links":{"self":[{"href":"https:\/\/lemotdujour.fr\/index.php?rest_route=\/wp\/v2\/posts\/16706","targetHints":{"allow":["GET"]}}],"collection":[{"href":"https:\/\/lemotdujour.fr\/index.php?rest_route=\/wp\/v2\/posts"}],"about":[{"href":"https:\/\/lemotdujour.fr\/index.php?rest_route=\/wp\/v2\/types\/post"}],"author":[{"embeddable":true,"href":"https:\/\/lemotdujour.fr\/index.php?rest_route=\/wp\/v2\/users\/1"}],"replies":[{"embeddable":true,"href":"https:\/\/lemotdujour.fr\/index.php?rest_route=%2Fwp%2Fv2%2Fcomments&post=16706"}],"version-history":[{"count":4,"href":"https:\/\/lemotdujour.fr\/index.php?rest_route=\/wp\/v2\/posts\/16706\/revisions"}],"predecessor-version":[{"id":16711,"href":"https:\/\/lemotdujour.fr\/index.php?rest_route=\/wp\/v2\/posts\/16706\/revisions\/16711"}],"wp:attachment":[{"href":"https:\/\/lemotdujour.fr\/index.php?rest_route=%2Fwp%2Fv2%2Fmedia&parent=16706"}],"wp:term":[{"taxonomy":"category","embeddable":true,"href":"https:\/\/lemotdujour.fr\/index.php?rest_route=%2Fwp%2Fv2%2Fcategories&post=16706"},{"taxonomy":"post_tag","embeddable":true,"href":"https:\/\/lemotdujour.fr\/index.php?rest_route=%2Fwp%2Fv2%2Ftags&post=16706"}],"curies":[{"name":"wp","href":"https:\/\/api.w.org\/{rel}","templated":true}]}}