{"id":1670,"date":"2016-04-05T02:00:00","date_gmt":"2016-04-04T22:00:00","guid":{"rendered":"http:\/\/lemotdujour.fr\/?p=1670"},"modified":"2017-05-08T13:43:11","modified_gmt":"2017-05-08T11:43:11","slug":"mardi-5-avril-2016","status":"publish","type":"post","link":"https:\/\/lemotdujour.fr\/?p=1670","title":{"rendered":"Mardi 5 avril 2016"},"content":{"rendered":"<div class=\"mdjDate\">Mardi 5 avril 2016<\/div>\n<div class=\"mdjTexte\">\u00ab\u00a0Avec le recul, je pense que nous [<em>les anti maastrichtiens de droite<\/em>] nous sommes tromp\u00e9s, tromp\u00e9s de cible et d\u2019argumentaire : nous combattions le \u00ab Super \u00c9tat \u00bb [Europ\u00e9en]. <br \/>La construction europ\u00e9enne n\u2019est qu\u2019un affichage. <br \/>En r\u00e9alit\u00e9, elle est une d\u00e9construction. Le but n\u2019est pas de faire \u00e9merger une nouvelle entit\u00e9 politique, mais d\u2019en finir avec la politique.\u00a0\u00bb<\/div>\n<div class=\"mdjAuteur\">Philippe de Villiers\u00a0: &lt;Le Moment est venu de dire ce que j\u2019ai vu&gt;<\/div>\n<div class=\"mdjComplements\">Avant de faire un commentaire, je cite cet extrait du livre de Philippe de Villiers : <\/div>\n<div class=\"mdjCiter\">\u00ab\u00a0Les hasards de la vie m\u2019ont conduit \u00e0 croiser la route du sociologue Michel Crozier. Il \u00e9tait l\u2019auteur de la formule \u00ab la soci\u00e9t\u00e9 bloqu\u00e9e \u00bb. Un jour, au caf\u00e9 Procope, il me lut un extrait du rapport de 1975 de la trilat\u00e9rale intitul\u00e9 : \u00ab the crisis of Democracy \u00bb, qu\u2019il avait co\u00e9crit avec l\u2019Am\u00e9ricain Samuel Huntington. Il s\u2019alarmait des signes avant-coureurs d\u2019une pression trop forte des gouvern\u00e9s sur les gouvernants. Pour la premi\u00e8re fois il anticipait l\u2019\u00e9mergence d\u2019un nouvel \u00e2ge raisonnable, \u00ab postnational et post d\u00e9mocratique \u00bb. Derri\u00e8re ce rapport et dans l\u2019esprit des concepteurs de la fusion des nations europ\u00e9ennes, il y avait un objectif cach\u00e9, un but ultime \u2013 pour l\u2019heure, dissimul\u00e9 \u2013, c\u2019\u00e9tait le d\u00e9passement des nations pour transformer le monde en un seul march\u00e9 de consommateurs.<\/div>\n<div class=\"mdjCiter\">L\u2019Europe unie n\u2019\u00e9tait qu\u2019une \u00e9tape. C\u2019\u00e9tait la premi\u00e8re cuiller\u00e9e huile de foie de morue. Il y en aurait une autre : le march\u00e9 plan\u00e9taire. <\/div>\n<div class=\"mdjCiter\">Avec le recul, je pense que nous autres, les \u00ab conscrits de Maastricht \u00bb, nous nous sommes tromp\u00e9s, tromp\u00e9s de cible et d\u2019argumentaire : nous combattions le \u00ab Super \u00c9tat \u00bb. Mais nos auditeurs, nos \u00e9lecteurs pensaient en eux-m\u00eames, en nous \u00e9coutant : \u00ab un super \u00e9tat, c\u2019est un \u00e9tat super ! \u00bb Les Fran\u00e7ais y ont cru : on va \u00eatre enfin gouvern\u00e9 et en aura bient\u00f4t un pays d\u00e9multipli\u00e9, une France plus puissante, une industrie d\u00e9cupl\u00e9e, l\u2019Europe sera une addition, on va changer de dimension. Il ne faut pas rester recroquevill\u00e9, frileux. Nous allons prendre le large : \u00ab les \u00c9tats-Unis d\u2019Europe seront bient\u00f4t les rivaux des \u00c9tats-Unis d\u2019Am\u00e9rique. \u00bb Nous allons devenir \u2013 non, la France \u2013 le c\u0153ur battant de la premi\u00e8re puissance du monde. Pourquoi donc vouloir rester tout seul ? Le monde change, les atouts de la puissance aussi. Alors les \u00e9lecteurs ont vot\u00e9 pour Maastricht. <\/div>\n<div class=\"mdjCiter\">Et c\u2019est l\u00e0 que la man\u0153uvre intervient. Car ce n\u2019est pas du tout ce qu\u2019il y avait dans l\u2019esprit m\u00eame des penseurs de l\u2019Europe de 1992. Profitant de la cr\u00e9dulit\u00e9 du peuple, et probablement aussi de la candeur des idiots utiles qui avaient des \u00e9toiles dans les yeux en voyant celle de la madone sur le drapeau de l\u2019Europe, les strat\u00e8ges de l\u2019ombre travaillaient secr\u00e8tement \u00e0 tout autre chose : il ne voulait pas d\u2019un super \u00e9tat, d\u2019une super fronti\u00e8re, d\u2019une super nation, d\u2019une superpuissance. Ils le pr\u00e9tendaient pour tromper les peuples. Leur intention \u00e9tait toute autre. <\/div>\n<div class=\"mdjCiter\">Le secret bien gard\u00e9, c\u2019est qu\u2019il recherchait une gouvernance mondiale d\u2019experts et de financiers, quand on aurait justement abattu toutes les fronti\u00e8res, abaiss\u00e9 les \u00e9tats, dissout les nations. <\/div>\n<div class=\"mdjCiter\">La construction europ\u00e9enne n\u2019est qu\u2019un affichage. En r\u00e9alit\u00e9, elle est une d\u00e9construction. Le but n\u2019est pas de faire \u00e9merger une nouvelle entit\u00e9 politique, mais d\u2019en finir avec la politique. <\/div>\n<div class=\"mdjCiter\">Ce dessein \u00e9tait soutenu par des penseurs radicaux comme Tony Negri, qui voulait \u00ab faire dispara\u00eetre cette merde d\u2019\u00c9tat-nation \u00bb. Allons plus loin : l\u2019utopie Maastrichtienne recelait une tentative inou\u00efe, in\u00e9dite dans l\u2019histoire des peuples europ\u00e9ens, d\u2019an\u00e9antissement du politique.<\/div>\n<div class=\"mdjCiter\">Il s\u2019agissait tout simplement de vivre sans politique, sans gouvernement, sans constitution, sans d\u00e9mocratie et m\u00eame sans g\u00e9ographie ni limites. On voulait dissoudre la notion de peuple, la notion de communaut\u00e9 nationale, la notion de territoire. C\u2019est \u00e0 ce moment-l\u00e0 qu\u2019on se mit \u00e0 parler d\u2019un \u00ab espace sans fronti\u00e8res \u00bb. Ce magma en fusion de nations mill\u00e9naires n\u2019avait pas de vis\u00e9e politique, en ce sens qu\u2019il ne cherchait pas \u00e0 remplacer nos vieux pays par une nouvelle nation europ\u00e9enne en laquelle, ils seraient ainsi appel\u00e9s \u00e0 se fondre. <\/div>\n<div class=\"mdjCiter\">Derri\u00e8re toute cette construction apolitique, il y avait bien l\u2019id\u00e9e de faire dispara\u00eetre les nations. Mais il n\u2019y avait aucunement l\u2019id\u00e9e d\u2019en faire na\u00eetre une nouvelle.\u00a0\u00bb <\/div>\n<div class=\"mdjComplements\">Philippe de Villiers\u00a0: Le Moment est venu de dire ce que j\u2019ai vu &#8211; pages 58 \u00e0 60<\/div>\n<div class=\"mdjComplements\">Bien s\u00fbr ces propos ont une tendance \u00e0 se baser sur des th\u00e8ses complotistes qu&rsquo;il m&rsquo;est difficile de soutenir.<\/div>\n<div class=\"mdjComplements\">Mais \u00e0 l&rsquo;heure d&rsquo;aujourd&rsquo;hui cette analyse sonne quand m\u00eame tr\u00e8s juste.<\/div>\n<div class=\"mdjComplements\">C&rsquo;est un probl\u00e8me tr\u00e8s grave qui se pose \u00e0 nous : la dimension politique est au niveau national, Mais les d\u00e9cisions \u00e9conomiques sont au niveau europ\u00e9en qui n&rsquo;est pas atteint par la d\u00e9mocratie. C&rsquo;est bien s\u00fbr une grande erreur de dire que le pouvoir est entre les mains de la commission europ\u00e9enne form\u00e9s de gens qui ne sont pas \u00e9lus, parce que le pouvoir de d\u00e9cision est entre les mains de la collectivit\u00e9 des Etats qui composent l&rsquo;Union. C&rsquo;est le conseil de l&rsquo;Union europ\u00e9enne qui d\u00e9cide. Ce conseil est la r\u00e9union des ministres des 28 \u00c9tats membres (par portefeuille), repr\u00e9sentant les gouvernements. <\/div>\n<div class=\"mdjComplements\">Et lorsqu&rsquo;il y a vraiment des questions strat\u00e9giques \u00e0 d\u00e9battre, c&rsquo;est le Conseil europ\u00e9en qui est le sommet des chefs d&rsquo;\u00c9tat et de gouvernement des \u00c9tats membres qui se r\u00e9unit.<\/div>\n<div class=\"mdjComplements\">Ce sont donc les ex\u00e9cutifs des Etats, qui en conclave, d\u00e9cident. Et ces d\u00e9cideurs ont une vague notion de l&rsquo;int\u00e9r\u00eat g\u00e9n\u00e9ral de l&rsquo;Union, ce qui les pr\u00e9occupe est le territoire politique et d\u00e9mocratique, c&rsquo;est \u00e0 dire l&rsquo;int\u00e9r\u00eat unique de leur Etat.<\/div>\n<div class=\"mdjComplements\">Cela n&rsquo;a aucune raison de fonctionner.<\/div>\n<div class=\"mdjComplements\">Ils se mettent donc d&rsquo;accord sur des r\u00e8gles dont la pertinence n&rsquo;est pas \u00e9vidente, charge \u00e0 la commission de contr\u00f4ler si les Etats qui ont d\u00e9cid\u00e9s ces trait\u00e9s contraignants, les respectent sous peine de sanction.<\/div>\n<div class=\"mdjComplements\">Et \u00e0 ce stade, on arrive bien \u00e0 ce qui est d\u00e9crit par Philippe de Villiers : une gouvernance d&rsquo;experts et de financiers, un espace qui ne r\u00e9unit qu&rsquo;un march\u00e9 de consommateurs.<\/div>\n<div class=\"mdjComplements\">C&rsquo;est un dilemme : J&rsquo;ai cru Fran\u00e7ois Mitterrand quand il a dit : \u00ab\u00a0La France est notre patrie, l&rsquo;Europe notre avenir\u00a0\u00bb<\/div>\n<div class=\"mdjComplements\">Oui la France est trop petite pour peser, c&rsquo;est une petite province au milieu du monde des puissances, mais l&rsquo;Europe ne prend pas la place qu&rsquo;exige cette \u00e9volution et nous laisse au bord de la route.<\/div>\n<div class=\"mdjComplements\">Dans la crise grecque, la crise actuelle des dettes et la crise des r\u00e9fugi\u00e9s il n&rsquo;y a pas de dimension politique, de simples discussions d\u2019\u00e9go\u00efsmes \u00e9conomiques et \u00e9tatiques. Des experts pour qui la notion d&rsquo;alternance ou d&rsquo;alternative constituent des concepts archa\u00efques.<\/div>\n<div class=\"mdjComplements\">Il mes suffit de rappeler quelques mots du jour anciens :<\/div>\n<div class=\"mdjComplements\">Mercredi 25 mars 2015 : \u00abNe vous inqui\u00e9tez pas, en Europe nous avons le syst\u00e8me qui permet de ne pas tenir compte des \u00e9lections.\u00bb Propos d&rsquo;un fonctionnaire europ\u00e9en rapport\u00e9 par Rapha\u00ebl Glucksmann<\/div>\n<div class=\"mdjComplements\">Mardi 05 mars 2013 : \u00abDoit-on d\u00e9terminer notre politique \u00e9conomique en fonction de consid\u00e9rations \u00e9lectorales ?\u00bb Manuel Barroso, pr\u00e9c\u00e9dent Pr\u00e9sident de la commission europ\u00e9enne. La r\u00e9ponse \u00e0 cette question, pos\u00e9e comme cela est bien s\u00fbr : Non.<\/div>\n<div class=\"mdjComplements\">Et Philippe de Villiers donne d&rsquo;autres exemples aux pages 156 et 157 de son livre : <\/div>\n<div class=\"mdjComplements\">Claude Cheysson, ministre des affaires \u00e9trang\u00e8res de Mitterrand et ancien membre de la commission europ\u00e9enne : \u00abD\u00e8s les origines, nous nous sommes plac\u00e9s dans l&rsquo;ad\u00e9mocratie\u00bb<\/div>\n<div class=\"mdjComplements\">Raymond Barre, un soir de janvier 1988 : \u00abJe n&rsquo;ai jamais compris pourquoi on voulait faire accepter l&rsquo;id\u00e9e europ\u00e9enne par les opinions concern\u00e9es\u00bb<\/div>\n<div class=\"mdjComplements\">Et plus r\u00e9cemment Jean-Claude Juncker a dit apr\u00e8s les \u00e9lections grecques \u00abDire que tout va changer parce qu&rsquo;il y a un nouveau gouvernement \u00e0 Ath\u00e8nes, c&rsquo;est prendre ses d\u00e9sirs pour des r\u00e9alit\u00e9s. Il ne peut y avoir de choix d\u00e9mocratique contre les trait\u00e9s europ\u00e9ens.\u00bb<\/div>\n<div class=\"mdjComplements\">\u00c9videmment quand on lit ce que pensent ces technocrates on ne peut \u00eatre que profond\u00e9ment choqu\u00e9.<\/div>\n<div class=\"mdjComplements\">J&rsquo;ai le sentiment que les nations sont comme les ba\u00efonnettes, on peut faire beaucoup de choses avec elles sauf s&rsquo;asseoir dessus.<\/div>\n<div class=\"mdjComplements\">Aujourd&rsquo;hui ce sont des populistes qui profitent de cet aveuglement !<\/div>\n","protected":false},"excerpt":{"rendered":"<p>Mardi 5 avril 2016 \u00ab\u00a0Avec le recul, je pense que nous [les anti maastrichtiens de droite] nous sommes tromp\u00e9s, tromp\u00e9s de cible et d\u2019argumentaire : nous combattions le \u00ab Super \u00c9tat \u00bb [Europ\u00e9en]. La construction europ\u00e9enne n\u2019est qu\u2019un affichage. En<\/p>\n","protected":false},"author":1,"featured_media":0,"comment_status":"closed","ping_status":"closed","sticky":false,"template":"","format":"standard","meta":{"footnotes":""},"categories":[1],"tags":[],"class_list":["post-1670","post","type-post","status-publish","format-standard","hentry","category-motdujour"],"_links":{"self":[{"href":"https:\/\/lemotdujour.fr\/index.php?rest_route=\/wp\/v2\/posts\/1670","targetHints":{"allow":["GET"]}}],"collection":[{"href":"https:\/\/lemotdujour.fr\/index.php?rest_route=\/wp\/v2\/posts"}],"about":[{"href":"https:\/\/lemotdujour.fr\/index.php?rest_route=\/wp\/v2\/types\/post"}],"author":[{"embeddable":true,"href":"https:\/\/lemotdujour.fr\/index.php?rest_route=\/wp\/v2\/users\/1"}],"replies":[{"embeddable":true,"href":"https:\/\/lemotdujour.fr\/index.php?rest_route=%2Fwp%2Fv2%2Fcomments&post=1670"}],"version-history":[{"count":1,"href":"https:\/\/lemotdujour.fr\/index.php?rest_route=\/wp\/v2\/posts\/1670\/revisions"}],"predecessor-version":[{"id":1671,"href":"https:\/\/lemotdujour.fr\/index.php?rest_route=\/wp\/v2\/posts\/1670\/revisions\/1671"}],"wp:attachment":[{"href":"https:\/\/lemotdujour.fr\/index.php?rest_route=%2Fwp%2Fv2%2Fmedia&parent=1670"}],"wp:term":[{"taxonomy":"category","embeddable":true,"href":"https:\/\/lemotdujour.fr\/index.php?rest_route=%2Fwp%2Fv2%2Fcategories&post=1670"},{"taxonomy":"post_tag","embeddable":true,"href":"https:\/\/lemotdujour.fr\/index.php?rest_route=%2Fwp%2Fv2%2Ftags&post=1670"}],"curies":[{"name":"wp","href":"https:\/\/api.w.org\/{rel}","templated":true}]}}