{"id":16696,"date":"2026-01-30T20:40:44","date_gmt":"2026-01-30T19:40:44","guid":{"rendered":"https:\/\/lemotdujour.fr\/?p=16696"},"modified":"2026-02-01T21:09:49","modified_gmt":"2026-02-01T20:09:49","slug":"vendredi-27-janvier-2026","status":"publish","type":"post","link":"https:\/\/lemotdujour.fr\/?p=16696","title":{"rendered":"Vendredi 30 janvier 2026"},"content":{"rendered":"<div class=\"mdjTexte\">\u00ab Mon \u0153uvre la plus accomplie. \u00bb<\/div>\n<div class=\"mdjAuteur\">Ludwig van Beethoven \u00e0 propos de sa \u00ab Missa Solemnis \u00bb<\/div>\n<p>Hier, avec Annie, nous sommes all\u00e9s \u00e0 la Philharmonie de Paris \u00e9couter un concert avec l\u2019Orchestre <strong>de Paris<\/strong> sous la direction de son directeur musical : <strong>Klaus M\u00e4kel\u00e4<\/strong>.<\/p>\n<p>Klaus M\u00e4kel\u00e4 a f\u00eat\u00e9 ses 30 ans, ce 17 janvier.<\/p>\n<p><img loading=\"lazy\" decoding=\"async\" class=\" wp-image-16699 alignright\" src=\"https:\/\/lemotdujour.fr\/wp-content\/uploads\/2026\/01\/Missa-Solemnis.png\" alt=\"\" width=\"307\" height=\"301\" srcset=\"https:\/\/lemotdujour.fr\/wp-content\/uploads\/2026\/01\/Missa-Solemnis.png 504w, https:\/\/lemotdujour.fr\/wp-content\/uploads\/2026\/01\/Missa-Solemnis-300x294.png 300w\" sizes=\"auto, (max-width: 307px) 100vw, 307px\" \/>Nous sommes partis avec enthousiasme mais aussi incr\u00e9dulit\u00e9 : est-il possible qu\u2019un homme si jeune soit capable d\u2019embrasser cette \u0153uvre des derni\u00e8res ann\u00e9es de Beethoven, \u0153uvre de complexit\u00e9 et de spiritualit\u00e9 r\u00e9serv\u00e9e \u00e0 la grande maturit\u00e9 ?<\/p>\n<p>Ce n\u2019est pas la premi\u00e8re fois que je parle de la Missa Solemnis opus 123 et \u00e9crite entre 1819 et 1823.<\/p>\n<p>Je l\u2019ai cit\u00e9 \u00e0 plusieurs reprises dans la s\u00e9rie consacr\u00e9e aux 250 ans de l\u2019anniversaire : \u00ab <a href=\"https:\/\/lemotdujour.fr\/?page_id=11241\"><span style=\"color: #0000ff;\">Beethoven est n\u00e9, il y a 250 ans<\/span><\/a><span style=\"color: #0000ff;\">.<\/span> \u00bb mais surtout j\u2019en avais fait le centre de mon milli\u00e8me mot du jour : \u00ab <a href=\"https:\/\/lemotdujour.fr\/?p=3849\"><span style=\"color: #0000ff;\">Venue du c\u0153ur puisse t\u2019elle retrouver le chemin du c\u0153ur<\/span><\/a> \u00bb que Beethoven a \u00e9crit en exergue de son \u0153uvre.<\/p>\n<p>J\u2019expliquais alors le sommet qu\u2019elle repr\u00e9sentait dans la musique de Beethoven et de la musique classique occidentale :<\/p>\n<p style=\"margin-left: 28pt;\"><span style=\"color: #c00000; font-family: arial;\">\u00ab Or, si en effet, la Missa Solemnis est une des \u0153uvres les plus achev\u00e9es de Beethoven et de la musique occidentale, c\u2019est une \u0153uvre difficile d\u2019acc\u00e8s.<\/span><\/p>\n<p style=\"margin-left: 28pt;\"><span style=\"color: #c00000; font-family: arial;\">Si vous avez du mal avec la musique classique, ce n\u2019est certainement avec la Missa Solemnis qu\u2019il faut commencer.<\/span><\/p>\n<p style=\"margin-left: 28pt;\"><span style=\"color: #c00000; font-family: arial;\">Commencez avec les quatre saisons de Vivaldi qui est un authentique chef d\u2019\u0153uvre, la fl\u00fbte enchant\u00e9e de Mozart, le concerto de violon de Beethoven, pas avec la Missa Solemnis.<\/span><\/p>\n<p style=\"margin-left: 28pt;\"><span style=\"color: #c00000; font-family: arial;\">La Missa Solemnis est exigeante, il faut \u00eatre pr\u00eat \u00e0 affronter la complexit\u00e9 et l\u2019\u00e2pret\u00e9 de son \u00e9criture pour en tirer la beaut\u00e9 immat\u00e9rielle et extatique qu\u2019elle r\u00e9v\u00e8le. \u00bb<\/span><\/p>\n<p><img loading=\"lazy\" decoding=\"async\" class=\" wp-image-16700 alignleft\" src=\"https:\/\/lemotdujour.fr\/wp-content\/uploads\/2026\/01\/Makela-dirige.jpg\" alt=\"\" width=\"335\" height=\"420\" srcset=\"https:\/\/lemotdujour.fr\/wp-content\/uploads\/2026\/01\/Makela-dirige.jpg 432w, https:\/\/lemotdujour.fr\/wp-content\/uploads\/2026\/01\/Makela-dirige-239x300.jpg 239w\" sizes=\"auto, (max-width: 335px) 100vw, 335px\" \/>Avant ce jeudi 26 janvier, je n\u2019avais jamais entendu cette \u0153uvre au concert. Depuis que nous sommes abonn\u00e9s \u00e0 l\u2019Auditorium de Lyon, elle n\u2019a jamais \u00e9t\u00e9 mise au programme.<\/p>\n<p>Quand, le directeur artistique de l\u2019Auditorium de Lyon, Ronald Vermeulen, lors de sa pr\u00e9sentation de la saison 2019-2020, annon\u00e7a avec enthousiasme que le programme f\u00eaterait dignement l\u2019ann\u00e9e Beethoven avec les concertos de piano, 4 symphonies dont la neuvi\u00e8me, des sonates et des quatuors, j\u2019ai refroidi l\u2019ambiance par une question brutale : \u00ab Pourquoi ne programmez-vous pas son \u0153uvre la plus accomplie, \u00e0 savoir la Missa Solemnis qui n\u2019est quasi jamais jou\u00e9e, alors que vous reprenez toujours les m\u00eames symphonies et concertos, ann\u00e9e apr\u00e8s ann\u00e9e. \u00bb<\/p>\n<p>Apr\u00e8s avoir repris sa respiration, Ronald Vermeulen a tent\u00e9 cette explication :<\/p>\n<p style=\"margin-left: 28pt;\"><span style=\"color: #c00000; font-family: arial;\">\u00ab La Missa Solemnis est une \u0153uvre incroyablement difficile, il existe peu de chefs pr\u00eats \u00e0 l\u2019interpr\u00e9ter. \u00bb<\/span><\/p>\n<p>Pour donner cr\u00e9dit \u00e0 cette explication, je n\u2019ai, par exemple, pas trouv\u00e9 trace d\u2019une interpr\u00e9tation de Claudio Abbado.<\/p>\n<p>Riccardo Muti qui l\u2019a dirig\u00e9e, a expliqu\u00e9 que la complexit\u00e9 de cette \u0153uvre qu\u2019il compare \u00e0 l\u2019ascension de l\u2019Everest lui a paru si importante qu\u2019il a attendu des d\u00e9cennies avant de se sentir pr\u00eat \u00e0 la diriger.<\/p>\n<p>A Lyon, la derni\u00e8re fois que cette \u0153uvre a \u00e9t\u00e9 jou\u00e9e ce fut en janvier 2006. Le programme du concert de Paris rapporte que la derni\u00e8re interpr\u00e9tation de l\u2019Orchestre de Paris date de 2008.<\/p>\n<p>Alors que pouvait r\u00e9aliser ce jeune chef finlandais ?<\/p>\n<p>Ce fut admirable !<\/p>\n<p>Il entre dans cette \u0153uvre avec un souffle incroyable et m\u00e8ne l\u2019\u0153uvre jusqu\u2019\u00e0 son terme dans une immense arche de spiritualit\u00e9 et de force.<\/p>\n<p>Il finit le Gloria et commence le Credo avec un tempo qui pousse l\u2019orchestre et les solistes \u00e0 leurs limites sans les d\u00e9passer.<\/p>\n<p>Et puis arrive le Benedictus dans lequel Beethoven a \u00e9crit une cantil\u00e8ne pour violon qui plane dans l\u2019aigu, dans un chant ineffable qui accompagne celui des solistes et des ch\u0153urs dans un moment suspendu qui mieux que des mots explique ce qu\u2019est la spiritualit\u00e9.<\/p>\n<figure id=\"attachment_16701\" aria-describedby=\"caption-attachment-16701\" style=\"width: 398px\" class=\"wp-caption alignright\"><img loading=\"lazy\" decoding=\"async\" class=\" wp-image-16701\" src=\"https:\/\/lemotdujour.fr\/wp-content\/uploads\/2026\/01\/Sarah-Nemtanu.jpg\" alt=\"\" width=\"398\" height=\"403\" srcset=\"https:\/\/lemotdujour.fr\/wp-content\/uploads\/2026\/01\/Sarah-Nemtanu.jpg 580w, https:\/\/lemotdujour.fr\/wp-content\/uploads\/2026\/01\/Sarah-Nemtanu-296x300.jpg 296w\" sizes=\"auto, (max-width: 398px) 100vw, 398px\" \/><figcaption id=\"caption-attachment-16701\" class=\"wp-caption-text\">Klaus M\u00e2kel\u00e4 f\u00e9licite Sarah Nemtanu pour sa prestation superlative<\/figcaption><\/figure>\n<p>Depuis janvier 2026, <strong>Sarah Nemtanu<\/strong> occupe le poste de violon solo de l\u2019Orchestre de Paris qui \u00e9tait vacant depuis le d\u00e9c\u00e8s de Philippe A\u00efche en 2022. Sarah Nemtanu a \u00e9t\u00e9 auparavant le violon solo de l\u2019Orchestre National de France pendant 23 ans, poste qu\u2019elle avait obtenu \u00e0 l\u2019\u00e2ge de 21 ans. Autrement dit c\u2019est encore une musicienne pr\u00e9coce.<\/p>\n<p>Sarah Nemtanu a jou\u00e9 comme une voix d\u2019ange faisant de ce moment unique une expression du sublime. Sans que ma raison n\u2019intervienne, des larmes coul\u00e8rent sur mes joues.<\/p>\n<p>L\u2019\u0153uvre se termine par l\u2019Agnus Dei qui reste dans la m\u00eame int\u00e9riorit\u00e9 et spiritualit\u00e9.<\/p>\n<p>L\u2019Orchestre de Paris fut encore \u00e0 la hauteur des exigences de son incroyable chef, le quatuor de solistes (Chen Reiss, Wiebke Lehmkuhl, Andrew Staples, Gerald Finley) fut de grande qualit\u00e9, et que dire du Ch\u0153ur de l\u2019Orchestre de Paris qui chaque fois que je l\u2019entends m\u2019impressionne davantage.Il me semble juste de donner le nom du chef qui est \u00e0 l\u2019origine de cette excellence :\u00a0 <strong>Richard Wilberforce<\/strong>.<\/p>\n<p>La critique H\u00e9l\u00e8ne Adam, dans son article : \u00ab <a href=\"https:\/\/cult.news\/musique\/classique\/philharmonie-de-paris-une-missa-solemnis-ardente-sous-la-direction-de-klaus-makela\/\"><span style=\"color: #0000ff;\">Une Missa Solemnis ardente<\/span><\/a> \u00bb trouve ces mots justes :<\/p>\n<p style=\"margin-left: 28pt;\"><span style=\"color: #c00000; font-family: arial;\">\u00ab Le jeune chef de l\u2019Orchestre de Paris ne finit pas de nous \u00e9blouir depuis plusieurs ann\u00e9es \u00e0 pr\u00e9sent. [\u2026]<\/span><\/p>\n<p style=\"margin-left: 28pt;\"><span style=\"color: #c00000; font-family: arial;\">Il a d\u00e9montr\u00e9 hier soir sa formidable capacit\u00e9 \u00e0 donner sa propre interpr\u00e9tation parfois audacieuse, d\u2019une \u0153uvre d\u00e9j\u00e0 dirig\u00e9e et enregistr\u00e9e par les plus grands. Car M\u00e4kel\u00e4 n\u2019est jamais plus inventif dans sa mani\u00e8re de diriger que lorsque l\u2019\u0153uvre est \u00e0 ce point complexe. [\u2026]On passe de l\u2019intime, du recueillement, au solennel grandiose, et l\u2019\u0153uvre, par sa d\u00e9mesure, contraint le chef \u00e0 maintenir une difficile unit\u00e9. Rien de plus visiblement exaltant pour M\u00e4kel\u00e4 qui, \u00e0 son habitude, danse litt\u00e9ralement sur son estrade. [\u2026]<\/span><\/p>\n<p style=\"margin-left: 28pt;\"><span style=\"color: #c00000; font-family: arial;\">Une soir\u00e9e sous le signe de l\u2019\u00e9v\u00e9nement musical auquel Klaus M\u00e4kel\u00e4 nous a d\u00e9sormais habitu\u00e9s, soir\u00e9e d\u2019exception apr\u00e8s soir\u00e9e d\u2019exception, affermissant son exploration du r\u00e9pertoire. \u00bb <\/span><\/p>\n<p>Dans un pr\u00e9c\u00e9dent mot du jour consacr\u00e9 \u00e0 un autre concert de M\u00e4kel\u00e4 \u00ab <a href=\"https:\/\/lemotdujour.fr\/?p=14668\"><span style=\"color: #0000ff;\">Symphonie n\u00b07 \u00ab Leningrad \u00bb<\/span><\/a> \u00bb,\u00a0 j\u2019exprimais l\u2019intuition qu\u2019avec ce chef, l\u2019Orchestre de Paris vit son \u00e2ge d\u2019or .<\/p>\n<p><img loading=\"lazy\" decoding=\"async\" class=\"alignnone size-full wp-image-16702\" src=\"https:\/\/lemotdujour.fr\/wp-content\/uploads\/2026\/01\/Missa-Solemnis-Salutations.jpg\" alt=\"\" width=\"676\" height=\"466\" srcset=\"https:\/\/lemotdujour.fr\/wp-content\/uploads\/2026\/01\/Missa-Solemnis-Salutations.jpg 676w, https:\/\/lemotdujour.fr\/wp-content\/uploads\/2026\/01\/Missa-Solemnis-Salutations-300x207.jpg 300w\" sizes=\"auto, (max-width: 676px) 100vw, 676px\" \/><\/p>\n<p>Il est encore \u00e0 Paris pour une saison 2026-2027, puis il s\u2019envolera vers deux destinations encore plus prestigieuses puisqu\u2019il deviendra directeur musical de deux des plus remarquables orchestres de la plan\u00e8te : l\u2019Orchestre du Concertgebouw d\u2019Amsterdam et le Chicago Symphony Orchestra.<\/p>\n<p>&nbsp;<\/p>\n<p>&nbsp;<\/p>\n","protected":false},"excerpt":{"rendered":"<p>\u00ab Mon \u0153uvre la plus accomplie. \u00bb Ludwig van Beethoven \u00e0 propos de sa \u00ab Missa Solemnis \u00bb Hier, avec Annie, nous sommes all\u00e9s \u00e0 la Philharmonie de Paris \u00e9couter un concert avec l\u2019Orchestre de Paris sous la direction de<\/p>\n","protected":false},"author":1,"featured_media":0,"comment_status":"open","ping_status":"closed","sticky":false,"template":"","format":"standard","meta":{"footnotes":""},"categories":[1],"tags":[20,253],"class_list":["post-16696","post","type-post","status-publish","format-standard","hentry","category-motdujour","tag-musique","tag-paris"],"_links":{"self":[{"href":"https:\/\/lemotdujour.fr\/index.php?rest_route=\/wp\/v2\/posts\/16696","targetHints":{"allow":["GET"]}}],"collection":[{"href":"https:\/\/lemotdujour.fr\/index.php?rest_route=\/wp\/v2\/posts"}],"about":[{"href":"https:\/\/lemotdujour.fr\/index.php?rest_route=\/wp\/v2\/types\/post"}],"author":[{"embeddable":true,"href":"https:\/\/lemotdujour.fr\/index.php?rest_route=\/wp\/v2\/users\/1"}],"replies":[{"embeddable":true,"href":"https:\/\/lemotdujour.fr\/index.php?rest_route=%2Fwp%2Fv2%2Fcomments&post=16696"}],"version-history":[{"count":5,"href":"https:\/\/lemotdujour.fr\/index.php?rest_route=\/wp\/v2\/posts\/16696\/revisions"}],"predecessor-version":[{"id":16705,"href":"https:\/\/lemotdujour.fr\/index.php?rest_route=\/wp\/v2\/posts\/16696\/revisions\/16705"}],"wp:attachment":[{"href":"https:\/\/lemotdujour.fr\/index.php?rest_route=%2Fwp%2Fv2%2Fmedia&parent=16696"}],"wp:term":[{"taxonomy":"category","embeddable":true,"href":"https:\/\/lemotdujour.fr\/index.php?rest_route=%2Fwp%2Fv2%2Fcategories&post=16696"},{"taxonomy":"post_tag","embeddable":true,"href":"https:\/\/lemotdujour.fr\/index.php?rest_route=%2Fwp%2Fv2%2Ftags&post=16696"}],"curies":[{"name":"wp","href":"https:\/\/api.w.org\/{rel}","templated":true}]}}