{"id":1668,"date":"2016-04-04T02:00:00","date_gmt":"2016-04-03T22:00:00","guid":{"rendered":"http:\/\/lemotdujour.fr\/?p=1668"},"modified":"2017-05-08T13:43:10","modified_gmt":"2017-05-08T11:43:10","slug":"lundi-4-avril-2016","status":"publish","type":"post","link":"https:\/\/lemotdujour.fr\/?p=1668","title":{"rendered":"Lundi 4 avril 2016"},"content":{"rendered":"<div class=\"mdjDate\">Lundi 4 avril 2016<\/div>\n<div class=\"mdjTexte\">\u00ab\u00a0[Quelle est pour vous la date historique la plus importante\u00a0? ]<br \/>Pour moi, c\u2019est 1664\u2026 Kronenbourg\u00a0\u00bb<\/div>\n<div class=\"mdjAuteur\">Jacques Chirac<br \/>lorsqu\u2019il \u00e9tait premier ministre de cohabitation sous la pr\u00e9sidence de Fran\u00e7ois Mitterrand [1986-1988]<\/div>\n<div class=\"mdjComplements\">Je tire cette formule chiraquienne du livre de Philippe de Villiers\u00a0: <a href=\"http:\/\/www.chez-mon-libraire.fr\/livre\/9782226319067-le-moment-est-venu-de-dire-ce-que-j-ai-vu-philippe-de-villiers\/\">&lt;Le Moment est venu de dire ce que j\u2019ai vu&gt;<\/a> chez Albin Michel paru en septembre 2015<\/div>\n<div class=\"mdjComplements\">Voici l\u2019extrait duquel j\u2019ai tir\u00e9 ce mot du jour\u00a0:<\/div>\n<div class=\"mdjCiter\">\u00ab\u00a0Je me souviens d\u2019un grand d\u00eener avec Mitterrand et d\u2019autres dirigeants europ\u00e9ens, \u00e0 l\u2019\u00c9lys\u00e9e. Chacun y allait de sa date favorite en Europe, au nom de son pays. <\/div>\n<div class=\"mdjCiter\">C\u2019est Margaret Thatcher qui commen\u00e7a :<\/div>\n<div class=\"mdjCiter\">Pour moi, la date importante, c\u2019est 1215, <a href=\"https:\/\/fr.wikipedia.org\/wiki\/Magna_Carta\">la Grande charte<\/a>.<\/div>\n<div class=\"mdjCiter\">Pour moi, encha\u00eene Helmut Kohl, c\u2019est 1648 <a href=\"https:\/\/fr.wikipedia.org\/wiki\/Trait%C3%A9s_de_Westphalie\">le trait\u00e9 de Westphalie<\/a>, la nouvelle Europe.<\/div>\n<div class=\"mdjCiter\">Pour moi, poursuit Mitterrand sur le temps long, c\u2019est <a href=\"http:\/\/www.museehistoiredefrance.fr\/index.php?option=com_oeuvre&amp;view=detail&amp;cid=205\">496, le bapt\u00eame de la France<\/a>. <\/div>\n<div class=\"mdjCiter\">Chirac n\u2019a encore rien dit. Il prend un air stratosph\u00e9rique et inspir\u00e9. Il est \u00e0 ses libations, les yeux dans sa bi\u00e8re. Mitterrand se tourne vers lui :<\/div>\n<div class=\"mdjCiter\">Et vous, Monsieur Chirac, votre date europ\u00e9enne ?<\/div>\n<div class=\"mdjCiter\">Pour moi, c\u2019est 1664\u2026 Kronenbourg. Alors il l\u00e8ve sa pinte avec fiert\u00e9. C\u2019\u00e9tait une mani\u00e8re de dire : \u00ab je m\u2019en fous. \u00bb [\u2026]<\/div>\n<div class=\"mdjCiter\">L\u2019Histoire de France ne lui dit pas grand-chose. Il n\u2019entre pas dans les cath\u00e9drales. Il pr\u00e9f\u00e8re aux arts florissants les arts premiers. Dans son bureau tr\u00f4ne un rhinoc\u00e9ros rescap\u00e9 de l\u2019inondation de Lisbonne. Les murs sont tapiss\u00e9s de masques africains. Il n\u2019aime, dans l\u2019histoire, que celle d\u2019avant et celle d\u2019apr\u00e8s.\u00a0\u00bb<\/div>\n<div class=\"mdjAuteur\">Philippe de Villiers\u00a0: Le Moment est venu de dire ce que j\u2019ai vu &#8211; Page 36<\/div>\n<div class=\"mdjComplements\">Personne ne fera l\u2019injure \u00e0 Jacques Chirac de le penser ignare et d\u2019avoir r\u00e9pondu par ce trait d\u2019humour, parce que sa culture ne lui permettait pas de trouver une date historique.<\/div>\n<div class=\"mdjComplements\">Non\u00a0! L\u2019explication de Philippe de Villiers est la bonne, il s\u2019en foutait\u00a0! Pour lui l\u2019Histoire n\u2019est pas importante.<\/div>\n<div class=\"mdjComplements\">Certains continuent \u00e0 trouver Jacques Chirac tr\u00e8s sympathique et presque \u00e0 regretter sa pr\u00e9sidence surtout apr\u00e8s les deux pr\u00e9sidents qui l\u2019ont suivi et qui avec des qualit\u00e9s et surtout des d\u00e9fauts diff\u00e9rents ont continu\u00e9 \u00e0 laisser la France s\u2019enfoncer dans la crise de confiance qui pr\u00e9c\u00e8de sans doute la crise \u00e9conomique et sociale.<\/div>\n<div class=\"mdjComplements\">Certains d\u2019entre vous trouveront peut-\u00eatre m\u00eame cette repartie, tr\u00e8s dr\u00f4le, face \u00e0 Thatcher, Kohl et Mitterrand.<\/div>\n<div class=\"mdjComplements\">Ce n\u2019est pas l\u2019avis de Philippe de Villiers qui a la critique tr\u00e8s dure \u00e0 l\u2019\u00e9gard de la classe politique fran\u00e7aise en g\u00e9n\u00e9rale et de Jacques Chirac en particulier.<\/div>\n<div class=\"mdjComplements\">A priori, je n\u2019ai pas beaucoup d&rsquo;\u00abatomes crochus\u00a0\u00bb avec Philippe de Villiers, tr\u00e8s \u00e0 droite, tr\u00e8s souverainiste, pourtant lorsque je l\u2019ai entendu<a href=\"https:\/\/www.youtube.com\/watch?v=croFKc0i8z4\">&lt;dans l&rsquo;\u00e9mission de Bourdin pour pr\u00e9senter son livre&gt;,<\/a> je l&rsquo;ai trouv\u00e9 int\u00e9ressant, de sorte que j&rsquo;ai imm\u00e9diatement r\u00e9serv\u00e9 son livre \u00e0 la biblioth\u00e8que de Lyon. Mais \u00e9tant donn\u00e9 son succ\u00e8s, je n&rsquo;ai pu l&rsquo;obtenir que la semaine derni\u00e8re. Bien que je ne partage pas un grand nombre des id\u00e9es de cet homme j&rsquo;ai trouv\u00e9 son livre passionnant. Je crois qu&rsquo;il est toujours tr\u00e8s f\u00e9cond d&rsquo;\u00e9couter ou de lire ceux qui ne pensent pas comme nous, il peut arriver qu&rsquo;ils disent des choses tr\u00e8s interpellantes qui nous poussent \u00e0 r\u00e9fl\u00e9chir et approfondir notre r\u00e9flexion. Tel est le cas de ce livre.<\/div>\n<div class=\"mdjComplements\">La classe politique qui nous gouverne n&rsquo;a plus d&rsquo;int\u00e9r\u00eat pour l&rsquo;Histoire et n&rsquo;a pas non plus une vision pour l&rsquo;avenir. Tous ces hommes et femmes sortent de l&rsquo;ENA et Philippe de Villiers faite cette description et analyse saisissantes :<\/div>\n<div class=\"mdjCiter\">\u00ab\u00a0Je suis un rescap\u00e9. J\u2019ai failli sombrer. J\u2019ai fait l\u2019ENA. Ce n\u2019est pas une \u00e9cole, c\u2019est un moule, un laminoir s\u00e9mantique qui vous broie : vous y entrez avec 3000 mots, vous en sortez avec 30 seulement, le cerveau format\u00e9, hors de vos neurones et le c\u0153ur vide. [\u2026]<\/div>\n<div class=\"mdjCiter\">A l\u2019ENA on m\u2019a appris l\u2019informatique, la comptabilit\u00e9 publique, la fiscalit\u00e9, les statistiques, la psychosociologie. Il n\u2019y avait rien, dans l\u2019enseignement, qui toucha \u00e0 l\u2019Histoire, aux cultures, au Temps long., Depuis l\u2019arriv\u00e9e de Richard Descoings, la m\u00eame d\u00e9culturation a gagn\u00e9 Sciences-po. Ce qui constitue un d\u00e9sastre pour cette \u00e9cole qui \u00e9tait le creuset des futures \u00e9lites politiques mais aussi \u00e9conomiques et m\u00e9diatiques. Un d\u00e9sastre purement fran\u00e7ais. On enseigne plus les Humanit\u00e9s en France.<\/div>\n<div class=\"mdjCiter\">A l\u2019ENA, on apprend \u00e0 extrapoler plut\u00f4t qu\u2019\u00e0 innover.<\/div>\n<div class=\"mdjCiter\">Cette \u00e9cole est un d\u00e9calque mim\u00e9tique et formel. On ne cherche pas \u00e0 penser, \u00e0 r\u00e9fl\u00e9chir mais \u00e0 reproduire. [\u2026] <\/div>\n<div class=\"mdjCiter\">Comme on ne croit pas \u00e0 la profondeur historique, la vie est un divertissement et la p\u00e9dagogie une posture. L\u2019immaturit\u00e9 pr\u00e9side \u00e0 toutes les \u00e9preuves qui ont un caract\u00e8re ludique superficiel largement fond\u00e9 sur l\u2019esprit du \u00a0temps, l\u2019esprit sartrien de d\u00e9rision. <\/div>\n<div class=\"mdjCiter\">On met le monde en fiche et on r\u00e9cite ces fiches. La culture en 40\u00a0000 fiches. C\u2019est un jeu. Les \u00e9narques savent tout et rien d\u2019autre.<\/div>\n<div class=\"mdjCiter\">Au concours d\u2019entr\u00e9e, il y avait la fameuse \u00e9preuve du grand oral. Il ne s\u2019agit pas d\u2019observer les qualit\u00e9s de discernement mais l\u2019esprit de r\u00e9partie. Alors le jury s\u2019amuse \u00e0 poser des questions cocasses auquel l\u2019imp\u00e9trant doit r\u00e9pondre par des saillies loufoques\u00a0:<\/div>\n<div class=\"mdjCiter\">Monsieur Dupont vous avez parl\u00e9 de la ville de Vienne tout \u00e0 l\u2019heure. Quelle est donc la profondeur du Danube \u00e0 Vienne ?<\/div>\n<div class=\"mdjCiter\">Sous quel pont, Monsieur le conseiller d\u2019\u00c9tat ? <\/div>\n<div class=\"mdjCiter\">Voici la bonne r\u00e9ponse. Elle circule dans tous les couloirs. L\u2019\u00e9l\u00e8ve a eu 15\/20.<\/div>\n<div class=\"mdjCiter\">Mademoiselle accepteriez d&rsquo;\u00e9pouser un noir ? <\/div>\n<div class=\"mdjCiter\">Oui si c\u2019\u00e9tait un mariage blanc.<\/div>\n<div class=\"mdjCiter\">La jeune fille a eu 17\/20 <\/div>\n<div class=\"mdjCiter\">Mademoiselle pouvez-vous nous parler de l\u2019amour ?<\/div>\n<div class=\"mdjCiter\">L\u2019amour est un fleuve russe qui prend sa source en Mongolie dans les monts Kenta\u00ef et se jette dans le d\u00e9troit de Tartarie vers l\u2019oc\u00e9an Pacifique. Il est tr\u00e8s infid\u00e8le car il quitte souvent son lit mais \u00e0 la fin il y revient.<\/div>\n<div class=\"mdjCiter\">La jeune fille Sophie a \u00e9t\u00e9 major de la promo. [\u2026]<\/div>\n<div class=\"mdjCiter\">Cette \u00e9cole nationale de l\u2019arrogance se nourrit de la croyance qu\u2019on va pouvoir changer la soci\u00e9t\u00e9 par d\u00e9cret [\u2026] je me souviens d\u2019un examen embl\u00e9matique qui portait cette utopie, \u00ab l\u2019\u00e9preuve sur dossier \u00bb : je crois qu\u2019elle durait six bonnes heures. Nous avions, sous les yeux, un dossier \u00e0 sangle, rempli de documents d\u2019information. La note introductive d\u00e9crivait un probl\u00e8me de la soci\u00e9t\u00e9 fran\u00e7aise et il s\u2019agissait pour y r\u00e9pondre, de proposer un texte, un d\u00e9cret qui ferait dispara\u00eetre le probl\u00e8me. Vous vous imaginez ? Un type tout seul, dans son coin, qui va faire dispara\u00eetre un probl\u00e8me d\u2019un seul jet d\u2019encre en barbouillant un arr\u00eat\u00e9 !<\/div>\n<div class=\"mdjCiter\">Il y a l\u00e0 quelque chose de faustien : en six heures, on va r\u00e9former la soci\u00e9t\u00e9.<\/div>\n<div class=\"mdjCiter\">[\u2026] Cette noble institution de la r\u00e9publique ob\u00e9it \u00e0 une logique froide. C\u2019est une machine \u00e0 classer : un concours pass\u00e9 \u00e0 25 ans oriente toute une vie professionnelle. Ce n\u2019est jamais que le retour \u00e0 la soci\u00e9t\u00e9 de de la fin de l\u2019ancien r\u00e9gime : les fils de la grande noblesse se retrouvaient colonel \u00e0 20 ans quand ceux de la noblesse seconde, blanchi sous le harnais, finissaient p\u00e9niblement lieutenant-colonel.\u00a0\u00bb Pages 21 \u00e0 26<\/div>\n<div class=\"mdjComplements\">Je vais vous faire une confidence, je ne trouve pas la saillie de Chirac : \u00ab 1664\u2026 Kronenbourg\u00a0\u00bb tr\u00e8s dr\u00f4le, ni tr\u00e8s opportune.<\/div>\n<div class=\"mdjComplements\">Au moins, on apprend qu&rsquo;avant d&rsquo;aimer la Corona, fameuse bi\u00e8re mexicaine, il aimait la bi\u00e8re fran\u00e7aise et alsacienne.<\/div>\n<div class=\"mdjComplements\">Mais Jacques Chirac, n&rsquo;est qu&rsquo;un parmi beaucoup d&rsquo;autres qui ont accompagn\u00e9 la stagnation fran\u00e7aise sans agir pour essayer d&#8217;emprunter d&rsquo;autres voies.<\/div>\n","protected":false},"excerpt":{"rendered":"<p>Lundi 4 avril 2016 \u00ab\u00a0[Quelle est pour vous la date historique la plus importante\u00a0? ]Pour moi, c\u2019est 1664\u2026 Kronenbourg\u00a0\u00bb Jacques Chiraclorsqu\u2019il \u00e9tait premier ministre de cohabitation sous la pr\u00e9sidence de Fran\u00e7ois Mitterrand [1986-1988] Je tire cette formule chiraquienne du livre<\/p>\n","protected":false},"author":1,"featured_media":0,"comment_status":"closed","ping_status":"closed","sticky":false,"template":"","format":"standard","meta":{"footnotes":""},"categories":[1],"tags":[],"class_list":["post-1668","post","type-post","status-publish","format-standard","hentry","category-motdujour"],"_links":{"self":[{"href":"https:\/\/lemotdujour.fr\/index.php?rest_route=\/wp\/v2\/posts\/1668","targetHints":{"allow":["GET"]}}],"collection":[{"href":"https:\/\/lemotdujour.fr\/index.php?rest_route=\/wp\/v2\/posts"}],"about":[{"href":"https:\/\/lemotdujour.fr\/index.php?rest_route=\/wp\/v2\/types\/post"}],"author":[{"embeddable":true,"href":"https:\/\/lemotdujour.fr\/index.php?rest_route=\/wp\/v2\/users\/1"}],"replies":[{"embeddable":true,"href":"https:\/\/lemotdujour.fr\/index.php?rest_route=%2Fwp%2Fv2%2Fcomments&post=1668"}],"version-history":[{"count":1,"href":"https:\/\/lemotdujour.fr\/index.php?rest_route=\/wp\/v2\/posts\/1668\/revisions"}],"predecessor-version":[{"id":1669,"href":"https:\/\/lemotdujour.fr\/index.php?rest_route=\/wp\/v2\/posts\/1668\/revisions\/1669"}],"wp:attachment":[{"href":"https:\/\/lemotdujour.fr\/index.php?rest_route=%2Fwp%2Fv2%2Fmedia&parent=1668"}],"wp:term":[{"taxonomy":"category","embeddable":true,"href":"https:\/\/lemotdujour.fr\/index.php?rest_route=%2Fwp%2Fv2%2Fcategories&post=1668"},{"taxonomy":"post_tag","embeddable":true,"href":"https:\/\/lemotdujour.fr\/index.php?rest_route=%2Fwp%2Fv2%2Ftags&post=1668"}],"curies":[{"name":"wp","href":"https:\/\/api.w.org\/{rel}","templated":true}]}}