{"id":16676,"date":"2026-01-13T02:01:25","date_gmt":"2026-01-13T01:01:25","guid":{"rendered":"https:\/\/lemotdujour.fr\/?p=16676"},"modified":"2026-01-13T02:27:23","modified_gmt":"2026-01-13T01:27:23","slug":"mardi-13-janvier-2026","status":"publish","type":"post","link":"https:\/\/lemotdujour.fr\/?p=16676","title":{"rendered":"Mardi 13 janvier 2026"},"content":{"rendered":"<div class=\"mdjTexte\">\u00ab Que faites vous des ruines ? Nous r\u00e9pondons : Nous construisons des ponts. \u00bb<\/div>\n<div class=\"mdjAuteur\">Mahmoud Darwich \u00ab Le lit de l&rsquo;\u00e9trang\u00e8re \u00bb<\/div>\n<p><span style=\"color: #777777; font-family: arial;\"> La tradition nous incite, lors de la naissance d\u2019une nouvelle ann\u00e9e, de souhaiter des voeux pour la sant\u00e9, le bonheur et peut \u00eatre m\u00eame la prosp\u00e9rit\u00e9 de toutes celles et de tous ceux avec qui nous sommes en lien. L\u2019ann\u00e9e derni\u00e8re, d\u00e8s le 2 janvier, j\u2019ai eu la gr\u00e2ce de partager un po\u00e8me d\u2019une po\u00e8te allemande <strong>Elli Michler<\/strong> : \u00ab <a href=\"https:\/\/lemotdujour.fr\/?p=16179\"><span style=\"color: #0000ff;\">Je te souhaite du temps<\/span><\/a> \u00bb dont je rappelle un extrait : <\/span><\/p>\n<p style=\"margin-left: 28pt;\"><span style=\"color: #c00000; font-family: arial;\">\u00ab Je te souhaite du temps pour esp\u00e9rer encore,<br \/>m\u00eame lorsque tout semble vaciller.<br \/>Du temps pour aimer, car il n\u2019y a pas de plus belle mani\u00e8re de le vivre.<\/span><\/p>\n<p style=\"margin-left: 28pt;\"><span style=\"color: #c00000; font-family: arial;\">Je te souhaite du temps pour faire la paix avec le pass\u00e9,<br \/>pour ouvrir tes bras \u00e0 ce qui vient,<br \/>et pour pardonner, \u00e0 toi-m\u00eame comme aux autres.<\/span><\/p>\n<p style=\"margin-left: 28pt;\"><span style=\"color: #c00000; font-family: arial;\">Je te souhaite de recevoir le temps comme on re\u00e7oit un tr\u00e9sor,<br \/>de le savourer, non pas comme une chose \u00e0 poss\u00e9der,<br \/>mais comme un souffle \u00e0 embrasser. \u00bb<\/span><\/p>\n<p><span style=\"color: #777777; font-family: arial;\"> Cette ann\u00e9e je n\u2019ai pas trouv\u00e9 pareille inspiration. <\/span><\/p>\n<p><span style=\"color: #777777; font-family: arial;\">Lorsqu\u2019apr\u00e8s le chaos, la violence, la r\u00e9gression d\u00e9mocratique et le recul du droit v\u00e9cu pendant cette terrible ann\u00e9e 2025, la nouvelle ann\u00e9e a d\u00e9but\u00e9 par une intervention ill\u00e9gale d\u00e9cid\u00e9e par un homme qui proclame qu\u2019il n\u2019a que faire du droit international et que sa seule limite est sa propre moralit\u00e9, j\u2019ai eu l\u2019intuition que l\u2019ann\u00e9e 2026 pourrait \u00eatre pire que la pr\u00e9c\u00e9dente. Le MAGA-boy a d\u2019ailleurs aggrav\u00e9 la situation en annon\u00e7ant qu\u2019il voulait s\u2019emparer, s\u2019il le faut par la force, du Groenland, territoire rattach\u00e9 au Danemark, un des alli\u00e9s les plus fid\u00e8les et dociles des Etats-Unis. <\/span><\/p>\n<p><span style=\"color: #777777; font-family: arial;\"><img loading=\"lazy\" decoding=\"async\" class=\"wp-image-16690 alignright\" src=\"https:\/\/lemotdujour.fr\/wp-content\/uploads\/2026\/01\/La-Croix-Leurope-tetanisee.jpg\" alt=\"\" width=\"224\" height=\"292\" srcset=\"https:\/\/lemotdujour.fr\/wp-content\/uploads\/2026\/01\/La-Croix-Leurope-tetanisee.jpg 420w, https:\/\/lemotdujour.fr\/wp-content\/uploads\/2026\/01\/La-Croix-Leurope-tetanisee-230x300.jpg 230w\" sizes=\"auto, (max-width: 224px) 100vw, 224px\" \/>En octobre 2025, alors que le pr\u00e9dateur am\u00e9ricain avait d\u00e9j\u00e0 parl\u00e9 de son app\u00e9tit pour la plus grande \u00eele du monde, hors continent,\u00a0 le Danemark a d\u00e9cid\u00e9 de continuer \u00e0 <a href=\"https:\/\/www.journaldemontreal.com\/2025\/10\/10\/le-danemark-achete-16-nouveaux-avions-de-combat-americains-f-35\"><span style=\"color: #0000ff;\">acheter des chasseurs F35 am\u00e9ricains<\/span><\/a>. Avions qu\u2019ils ne peuvent utiliser qu\u2019avec l\u2019autorisation des Etats-Unis. En effet, pour fonctionner il est n\u00e9cessaire, que r\u00e9guli\u00e8rement, un logiciel \u00e0 bord de l\u2019avion se connecte au seul serveur mondial, qui se situe au Texas. De mani\u00e8re rapide, en outre, les am\u00e9ricains peuvent inhiber \u00e0 distance certaines capacit\u00e9s du syst\u00e8me d&rsquo;armes. Si les danois esp\u00e8rent s&rsquo;opposer \u00e0 l&rsquo;arm\u00e9e am\u00e9ricaine avec leurs F35, ils se trompent manifestement. Mais ce n\u2019est pas l\u2019id\u00e9e de se d\u00e9fendre contre l\u2019arm\u00e9e am\u00e9ricaine qui a motiv\u00e9 cette d\u00e9cision d\u2019achat, mais l\u2019espoir que les am\u00e9ricains seraient probablement bienveillants \u00e0 l\u2019\u00e9gard d\u2019un client si fid\u00e8le de leur syst\u00e8me militaro industriel. Espoir d\u00e9\u00e7u, le pr\u00e9dateur ne s\u2019assagit pas devant la faiblesse et la soumission de sa proie, bien au contraire, son app\u00e9tit ne fait que croitre. <\/span><\/p>\n<p><span style=\"color: #777777; font-family: arial;\">La France n\u2019est pas dans la m\u00eame probl\u00e9matique puisqu\u2019elle poss\u00e8de des rafales et aucun F35, mais Emmanuel Macron esp\u00e8re aussi qu\u2019 \u00ab \u00eatre compr\u00e9hensif \u00bb avec les exc\u00e8s de Trump, puissent lui attirer sa bienveillance, notamment pour l\u2019aide \u00e0 l\u2019Ukraine. Ainsi dans un premier temps\u00a0 il a pris acte de l\u2019arrestation de Maduro en soulignant la chance du Venezuela de s\u2019\u00eatre d\u00e9barrass\u00e9 d\u2019un dictateur, sans \u00e9voquer le viol du droit international. Mais de la m\u00eame mani\u00e8re, Il n\u2019a pas trouv\u00e9 la moindre indulgence du chef mafieux qui s\u2019est moqu\u00e9 publiquement de lui, en le d\u00e9crivant comme un peureux qui aurait accept\u00e9, sur sa demande express, <a href=\"https:\/\/www.youtube.com\/watch?v=CfgHxG-yCPU\"><span style=\"color: #0000ff;\">une augmentation des prix des m\u00e9dicaments en France<\/span><\/a> de 200%. <\/span><br \/><span style=\"color: #777777; font-family: arial;\"> Je comprends celles et ceux qui souhaitent se retirer de l\u2019univers des m\u00e9dias et de l\u2019information. Nous vivons actuellement le passage de la fatigue informationnelle \u00e0 un stade de stress informationnel. <\/span><br \/><span style=\"color: #777777; font-family: arial;\">Pour ma part, je ne crois pas qu\u2019essayer de ne pas voir les probl\u00e8mes permet de les \u00e9viter. Il est vrai que nous sommes gav\u00e9s des menaces, du grotesque et de la vulgarit\u00e9 de Trump. <\/span><br \/><span style=\"color: #777777; font-family: arial;\"><strong>Philippe Corb\u00e9<\/strong>, auteur de la lettre num\u00e9rique bihebdomadaire Zeitgeist et d&rsquo;un livre qui vient de para\u00eetre \u00ab <strong>Armes de distraction massive<\/strong> \u00bb explique que Trump est devenu ma\u00eetre dans l\u2019art de \u00ab <strong>capter notre attention<\/strong> \u00bb. Notre capacit\u00e9 d\u2019attention est limit\u00e9e et lui tente d\u2019en capter la plus grande part. Le conseiller de son premier mandat et qui est rest\u00e9 dans les cercles MAGA, Steve Bannon exprimait cette mani\u00e8re d\u2019agir par la phrase suivante : <\/span><\/p>\n<p style=\"margin-left: 28pt;\"><span style=\"color: #c00000; font-family: arial;\"> \u00ab Il faut inonder la zone \u00bb <\/span><\/p>\n<p><span style=\"color: #777777; font-family: arial;\">La v\u00e9racit\u00e9 ou la pertinence de ce qui inonde n\u2019a aucune importance. L\u2019essentiel est de produire de la sid\u00e9ration. Ce qui fait <a href=\"https:\/\/www.youtube.com\/watch?v=zdPlkPX9Nfo\"><span style=\"color: #0000ff;\">dire \u00e0 Dominique de Villepin<\/span><\/a> : <\/span><\/p>\n<p style=\"margin-left: 28pt;\"><span style=\"color: #c00000; font-family: arial;\">\u00ab La nouvelle arme atomique, c&rsquo;est la sid\u00e9ration ! \u00bb<\/span><\/p>\n<p><span style=\"color: #777777; font-family: arial;\">On pourrait continuer \u00e0 multiplier les exemples qui montre cette mani\u00e8re de fonctionner. Mais il me semble qu\u2019il faut prendre un peu de recul et s\u2019int\u00e9resser \u00e0 un temps historique un peu plus long, ce temps long que recherchait le grand historien fran\u00e7ais <strong>Fernand Braudel<\/strong>. Fernand Braudel, invitait ses \u00e9tudiants ou ses lecteurs, \u00e0 ne pas rester en superficie des faits mais d\u2019essayer de percevoir ce qui se passait de mani\u00e8re moins visible, mais qui allait prendre de l\u2019importance dans la dur\u00e9e.<\/span><\/p>\n<p><span style=\"color: #777777; font-family: arial;\">Nous ne sommes probablement pas dans une crise courte, temporaire, nous sommes dans un processus de changement du monde. Il est vraisemblable qu&rsquo;un jour nous serons d\u00e9barrass\u00e9s de Trump qui quittera le pouvoir et finira par mourir avant ou apr\u00e8s. Nous serons alors peut \u00eatre d\u00e9barrass\u00e9s du grotesque et de la vulgarit\u00e9, mais pas des menaces, pas de la volont\u00e9 de vassalisation des Etats-Unis \u00e0 l&rsquo;\u00e9gard de ses alli\u00e9s et pas de la violence des relations internationales. Nous avions pourtant compris que l\u2019action des humains sur les ressources de la terre et l\u2019utilisation massive des \u00e9nergies fossiles \u00e9taient d\u00e9l\u00e9t\u00e8res pour la vie humaine et se heurtait, en outre, aux limites de notre plan\u00e8te.<\/span><\/p>\n<p><span style=\"color: #777777; font-family: arial;\">Non seulement, les Etats-Unis refusent cette r\u00e9alit\u00e9, Busch p\u00e8re disait \u00ab le mode de vie des am\u00e9ricains n\u2019est pas n\u00e9gociable \u00bb, non seulement l\u2019administration actuelle tente d\u2019\u00e9liminer la science et les institutions qui \u00e9tudient ces ph\u00e9nom\u00e8nes, mais bien au contraire ils sont en train avec les chinois et la complicit\u00e9 des autres de se lancer \u00e0 corps perdu dans cette aventure de l\u2019Intelligence Artificielle qui exige encore plus de ressources et d\u2019\u00e9nergie puis\u00e9es dans la terre. <\/span><\/p>\n<p><span style=\"color: #777777; font-family: arial;\">Notre plan\u00e8te reste riche, elle est encore capable de donner beaucoup pendant un certain temps, mais pas \u00e0 tout le monde. C\u2019est pourquoi nous voyons les empires se lancer dans cette pr\u00e9dation des ressources qui restent \u00e0 exploiter sur notre terre. <\/span><\/p>\n<p><span style=\"color: #777777; font-family: arial;\"><strong> <img loading=\"lazy\" decoding=\"async\" class=\"wp-image-16689 alignleft\" src=\"https:\/\/lemotdujour.fr\/wp-content\/uploads\/2026\/01\/Le-monde-qui-vient.jpg\" alt=\"\" width=\"240\" height=\"319\" srcset=\"https:\/\/lemotdujour.fr\/wp-content\/uploads\/2026\/01\/Le-monde-qui-vient.jpg 512w, https:\/\/lemotdujour.fr\/wp-content\/uploads\/2026\/01\/Le-monde-qui-vient-226x300.jpg 226w\" sizes=\"auto, (max-width: 240px) 100vw, 240px\" \/>Raymond Aron<\/strong> utilisait d\u00e9j\u00e0 cette formule : la \u00ab R\u00e9publique imp\u00e9riale \u00bb \u00e0 propos des \u00c9tats-Unis. Depuis Raymond Aron, une autre R\u00e9publique imp\u00e9riale est n\u00e9e : La Chine. Et puis on constate que d\u2019autres acteurs aspirent \u00e0 ce statut : l\u2019Inde et la puissance nucl\u00e9aire de la Russie. L\u2019Union europ\u00e9enne toujours d\u00e9sunie, sans puissance politique ou militaire tombe dans un r\u00f4le bien inqui\u00e9tant. <\/span><\/p>\n<p><span style=\"color: #777777; font-family: arial;\">Ce n&rsquo;\u00e9tait pas un membre de l&rsquo;administration Trump, mais le secr\u00e9taire d&rsquo;Etat de Biden,<strong> Antony Blinken<\/strong> qui a synth\u00e9tis\u00e9 cette situation, lors d\u2019un forum public \u00e0 la Conf\u00e9rence de Munich sur la s\u00e9curit\u00e9 en Allemagne : <\/span><\/p>\n<p style=\"margin-left: 28pt;\"><span style=\"color: #c00000; font-family: arial;\">\u00ab Si vous n\u2019\u00eates pas \u00e0 la table du syst\u00e8me international, vous serez au menu. \u00bb <\/span><\/p>\n<p><span style=\"color: #777777; font-family: arial;\">Jean-Luc Melenchon pense encore que le droit international peut \u00eatre invoqu\u00e9 avec succ\u00e8s et qu\u2019il suffit de discuter poliment avec la Russie pour trouver un arrangement sur l\u2019Ukraine et la stabilit\u00e9 de l\u2019Europe. Ces derniers temps, on entend souvent, sur ce sujet, une r\u00e9f\u00e9rence \u00e0 Al Capone qui aurait dit :\u00a0\u00a0 <\/span><\/p>\n<p style=\"margin-left: 28pt;\"><span style=\"color: #c00000; font-family: arial;\">\u00ab On obtient plus de choses en \u00e9tant poli et arm\u00e9 qu&rsquo;en \u00e9tant juste poli. \u00bb<\/span><\/p>\n<p><span style=\"color: #777777; font-family: arial;\"> J\u2019ai l\u2019intuition que la France ne pourra exister que dans une Europe qui saura d\u00e9fendre la d\u00e9mocratie lib\u00e9rale de mani\u00e8re polie et arm\u00e9e, ind\u00e9pendante des Etats-Unis et avec une Unit\u00e9 Politique r\u00e9elle. Pour cela il faudra faire des choix drastiques qui imposeront des remises en cause de certains nos \u00e9l\u00e9ments de confort. L\u2019autre choix c\u2019est d\u2019\u00eatre au menu. <\/span><\/p>\n<p><span style=\"color: #777777; font-family: arial;\"><strong>Jacques Attali<\/strong> dit des choses tr\u00e8s int\u00e9ressantes et fortes lors de son <a href=\"https:\/\/www.youtube.com\/watch?v=7Msv3PC0-Hc\"><span style=\"color: #0000ff;\"><strong>audition au S\u00e9nat du 6 janvier 2026<\/strong><\/span><\/a>. Je vous invite \u00e0 l\u2019\u00e9couter. Il nous fait partager cet imp\u00e9ratif de prendre des d\u00e9cisions en pensant prioritairement \u00e0 l\u2019int\u00e9r\u00eat des g\u00e9n\u00e9rations futures. Il reste optimiste <\/span><\/p>\n<p style=\"margin-left: 28pt;\"><span style=\"color: #c00000; font-family: arial;\">\u00ab La d\u00e9mocratie vaincra apr\u00e8s une p\u00e9riode sombre. \u00c0 nous de faire en sorte qu&rsquo;elle soit la plus courte possible \u00bb<\/span><\/p>\n<p><span style=\"color: #777777; font-family: arial;\"> Peut \u00eatre a t\u2019il raison, mais cela ne se fera pas sans efforts, sans courage, ni en suivant des hommes politiques qui cultivent le d\u00e9ni, la vacuit\u00e9 et la d\u00e9magogie. Et pour mettre un peu de po\u00e9sie dans tout cela, j\u2019ai pens\u00e9 donner la parole au po\u00e8te palestinien, <strong>Mahmoud Darwich<\/strong> (1941-2008), traduit par Elias Sanbar et qui \u00e9crit dans son ouvrage \u00ab Le lit de l&rsquo;\u00e9trang\u00e8re \u00bb : <\/span><\/p>\n<p style=\"margin-left: 28pt;\"><span style=\"color: #c00000; font-family: arial;\"> \u00ab Ils nous demandent :<br \/>Que faites vous des ruines ?<br \/>Nous r\u00e9pondons :<br \/>Nous construisons des ponts. \u00bb <\/span><\/p>\n<p><span style=\"color: #777777; font-family: arial;\">Ce texte destin\u00e9 aux palestiniens peut aussi s\u2019entendre pour le peuple iranien qui veut se lib\u00e9rer de la part sombre de l\u2019islam, un islam politique qui s\u2019impose \u00e0 la soci\u00e9t\u00e9 par la violence et la corruption. Il peut aussi servir la d\u00e9mocratie, apr\u00e8s la p\u00e9riode sombre, si elle parvient \u00e0 vaincre comme le pense Attali.<\/span><\/p>\n\n\n<p><\/p>\n","protected":false},"excerpt":{"rendered":"<p>\u00ab Que faites vous des ruines ? Nous r\u00e9pondons : Nous construisons des ponts. \u00bb Mahmoud Darwich \u00ab Le lit de l&rsquo;\u00e9trang\u00e8re \u00bb La tradition nous incite, lors de la naissance d\u2019une nouvelle ann\u00e9e, de souhaiter des voeux pour la<\/p>\n","protected":false},"author":1,"featured_media":0,"comment_status":"open","ping_status":"closed","sticky":false,"template":"","format":"standard","meta":{"footnotes":""},"categories":[1],"tags":[24,65,50],"class_list":["post-16676","post","type-post","status-publish","format-standard","hentry","category-motdujour","tag-actualite","tag-etats-unis","tag-europe"],"_links":{"self":[{"href":"https:\/\/lemotdujour.fr\/index.php?rest_route=\/wp\/v2\/posts\/16676","targetHints":{"allow":["GET"]}}],"collection":[{"href":"https:\/\/lemotdujour.fr\/index.php?rest_route=\/wp\/v2\/posts"}],"about":[{"href":"https:\/\/lemotdujour.fr\/index.php?rest_route=\/wp\/v2\/types\/post"}],"author":[{"embeddable":true,"href":"https:\/\/lemotdujour.fr\/index.php?rest_route=\/wp\/v2\/users\/1"}],"replies":[{"embeddable":true,"href":"https:\/\/lemotdujour.fr\/index.php?rest_route=%2Fwp%2Fv2%2Fcomments&post=16676"}],"version-history":[{"count":9,"href":"https:\/\/lemotdujour.fr\/index.php?rest_route=\/wp\/v2\/posts\/16676\/revisions"}],"predecessor-version":[{"id":16691,"href":"https:\/\/lemotdujour.fr\/index.php?rest_route=\/wp\/v2\/posts\/16676\/revisions\/16691"}],"wp:attachment":[{"href":"https:\/\/lemotdujour.fr\/index.php?rest_route=%2Fwp%2Fv2%2Fmedia&parent=16676"}],"wp:term":[{"taxonomy":"category","embeddable":true,"href":"https:\/\/lemotdujour.fr\/index.php?rest_route=%2Fwp%2Fv2%2Fcategories&post=16676"},{"taxonomy":"post_tag","embeddable":true,"href":"https:\/\/lemotdujour.fr\/index.php?rest_route=%2Fwp%2Fv2%2Ftags&post=16676"}],"curies":[{"name":"wp","href":"https:\/\/api.w.org\/{rel}","templated":true}]}}