{"id":16627,"date":"2025-11-13T00:38:35","date_gmt":"2025-11-12T23:38:35","guid":{"rendered":"https:\/\/lemotdujour.fr\/?p=16627"},"modified":"2025-12-23T13:11:05","modified_gmt":"2025-12-23T12:11:05","slug":"jeudi-13-novembre-2025","status":"publish","type":"post","link":"https:\/\/lemotdujour.fr\/?p=16627","title":{"rendered":"Jeudi 13 novembre 2025"},"content":{"rendered":"<div class=\"mdjTexte\">\u00ab Le sel de la terre \u00bb<\/div>\n<div class=\"mdjAuteur\">Documentaire r\u00e9alis\u00e9 par Wim Wenders et Juliano Ribeiro Salgado sur la vie et le travail de Sebasti\u00e3o Salgado<\/div>\n<p><span style=\"color: #777777; font-family: arial;\">Lors de sa visite en juin 2025, Florence nous avait sugg\u00e9r\u00e9 de regarder <strong>\u00ab Le sel de la terre \u00bb<\/strong> un documentaire sur le travail du photographe franco-br\u00e9silien <strong>Sebastiao Salgado<\/strong>, en pr\u00e9cisant que c&rsquo;\u00e9tait exceptionnel. <\/span><\/p>\n<p><span style=\"color: #777777; font-family: arial;\">Depuis je l&rsquo;ai revu deux fois, la premi\u00e8re fois avec ma fille Natacha en juillet, puis plus r\u00e9cemment, hier, avec Annie et ses deux s\u0153urs qui avaient eu la merveilleuse id\u00e9e de se donner du temps l&rsquo;une \u00e0 l&rsquo;autre pour se retrouver ensemble pendant une grande semaine. <\/span><\/p>\n<figure id=\"attachment_16629\" aria-describedby=\"caption-attachment-16629\" style=\"width: 286px\" class=\"wp-caption alignleft\"><img loading=\"lazy\" decoding=\"async\" class=\" wp-image-16629\" src=\"https:\/\/lemotdujour.fr\/wp-content\/uploads\/2025\/12\/Salgado-01.jpg\" alt=\"\" width=\"286\" height=\"349\" srcset=\"https:\/\/lemotdujour.fr\/wp-content\/uploads\/2025\/12\/Salgado-01.jpg 384w, https:\/\/lemotdujour.fr\/wp-content\/uploads\/2025\/12\/Salgado-01-246x300.jpg 246w\" sizes=\"auto, (max-width: 286px) 100vw, 286px\" \/><figcaption id=\"caption-attachment-16629\" class=\"wp-caption-text\">Sebasti\u00e3o Ribeiro Salgado<\/figcaption><\/figure>\n<p><span style=\"color: #777777; font-family: arial;\">Avant que Florence ne m\u2019en ait parl\u00e9 je ne connaissais pas Sebastiao Salgado qui venait de mourir le 23 mai 2025 \u00e0 Neuilly-sur-Seine.<\/span><\/p>\n<p><span style=\"color: #777777; font-family: arial;\">Sebasti\u00e3o Ribeiro Salgado est n\u00e9 en 1944 au Br\u00e9sil. Son p\u00e8re est un \u00e9leveur et propri\u00e9taire terrien d\u2019origine espagnol. La famille maternelle d\u2019origine suisse s\u2019\u00e9tait install\u00e9e au Br\u00e9sil \u00e0 la fin du XIXe si\u00e8cle.<\/span><\/p>\n<p><span style=\"color: #777777; font-family: arial;\">Sur l\u2019injonction de son p\u00e8re il poursuit des \u00e9tudes d&rsquo;\u00e9conomie \u00e0 l&rsquo;universit\u00e9 de S\u00e3o Paulo. Militant au sein des Jeunesses communistes, Salgado se trouve contraint de fuir la dictature br\u00e9silienne en 1969, avec sa femme. Il ne retrouvera son pays qu&rsquo;en 1979.<\/span><\/p>\n<p><span style=\"color: #777777; font-family: arial;\">En 1969, Sebasti\u00e3o Salgado s&rsquo;installe \u00e0 Paris pour suivre des cours \u00e0 l&rsquo;\u00c9cole nationale de la statistique et de l&rsquo;administration \u00e9conomique (Ensae).<\/span><\/p>\n<p><span style=\"color: #777777; font-family: arial;\">Par la suite, il est recrut\u00e9 par l&rsquo;Organisation internationale du caf\u00e9 (ICO), bas\u00e9e \u00e0 Londres et pour laquelle il r\u00e9alise des enqu\u00eates jusqu\u2019en 1973. Il va abandonner cette carri\u00e8re pour devenir photographe. Il explique<\/span><\/p>\n<p style=\"margin-left: 28pt;\"><span style=\"color: #c00000; font-family: arial;\">\u00ab J&#8217;emportais mon appareil photo pour mes enqu\u00eates et je me suis aper\u00e7u que les images me donnaient dix fois plus de plaisir que les rapports \u00e9conomiques. Je commen\u00e7ais \u00e0 voir le monde d&rsquo;une autre mani\u00e8re, \u00e0 travers le viseur et par un contact direct avec les gens. En fait, j&rsquo;ai continu\u00e9 \u00e0 faire la m\u00eame chose : dresser un constat de la r\u00e9alit\u00e9. \u00bb<\/span><\/p>\n<figure id=\"attachment_16631\" aria-describedby=\"caption-attachment-16631\" style=\"width: 546px\" class=\"wp-caption alignright\"><img loading=\"lazy\" decoding=\"async\" class=\" wp-image-16631\" src=\"https:\/\/lemotdujour.fr\/wp-content\/uploads\/2025\/12\/Gold-reportage-mine-dor-de-Serra-Pelada-au-Bresil.jpg\" alt=\"\" width=\"546\" height=\"365\" srcset=\"https:\/\/lemotdujour.fr\/wp-content\/uploads\/2025\/12\/Gold-reportage-mine-dor-de-Serra-Pelada-au-Bresil.jpg 461w, https:\/\/lemotdujour.fr\/wp-content\/uploads\/2025\/12\/Gold-reportage-mine-dor-de-Serra-Pelada-au-Bresil-300x200.jpg 300w\" sizes=\"auto, (max-width: 546px) 100vw, 546px\" \/><figcaption id=\"caption-attachment-16631\" class=\"wp-caption-text\">La main de l&rsquo;homme : Mine d\u2019or de Serra Pelada<\/figcaption><\/figure>\n<p><span style=\"color: #777777; font-family: arial;\">Salgado travaille toujours en noir et blanc et observe la vie de ceux qui vivent et travaillent dans des conditions difficiles \u2014 migrants, mineurs, victimes de la famine. Le documentaire s\u2019ouvre sur des photos de <strong>\u00ab <\/strong>La Mine d&rsquo;or de Serra Pelada \u00bb, qui montre le quotidien dans une mine d\u2019or au Br\u00e9sil.<\/span><\/p>\n<p><span style=\"color: #777777; font-family: arial;\">Ce documentaire a \u00e9t\u00e9 r\u00e9alis\u00e9 par <strong>Wim Wenders<\/strong> qui s&rsquo;est associ\u00e9 \u00e0 un des fils du photographe <strong>Juliano Ribeiro Salgado<\/strong> pour montrer Salgado \u00e0 l&rsquo;oeuvre \u00e0 travers les projets qu&rsquo;il a r\u00e9alis\u00e9s jusqu&rsquo;en 2013 : \u00ab La Main de l&rsquo;homme \u00bb, \u00ab Les Enfants de l&rsquo;exode \u00bb, \u00ab Genesis \u00bb qui sont autant de livres qu&rsquo;il a publi\u00e9&#8230; <\/span><\/p>\n<p><span style=\"color: #777777; font-family: arial;\">Wim Wenders a pr\u00e9sent\u00e9 ce documentaire au festival de Cannes 2014, exactement 30 ans apr\u00e8s avoir re\u00e7u la palme d\u2019or pour \u00ab Paris Texas \u00bb en 1984. <\/span><\/p>\n<figure id=\"attachment_16641\" aria-describedby=\"caption-attachment-16641\" style=\"width: 302px\" class=\"wp-caption alignleft\"><img loading=\"lazy\" decoding=\"async\" class=\" wp-image-16641\" src=\"https:\/\/lemotdujour.fr\/wp-content\/uploads\/2025\/12\/Koweit.jpg\" alt=\"\" width=\"302\" height=\"203\" srcset=\"https:\/\/lemotdujour.fr\/wp-content\/uploads\/2025\/12\/Koweit.jpg 1547w, https:\/\/lemotdujour.fr\/wp-content\/uploads\/2025\/12\/Koweit-300x201.jpg 300w, https:\/\/lemotdujour.fr\/wp-content\/uploads\/2025\/12\/Koweit-1024x686.jpg 1024w, https:\/\/lemotdujour.fr\/wp-content\/uploads\/2025\/12\/Koweit-768x515.jpg 768w, https:\/\/lemotdujour.fr\/wp-content\/uploads\/2025\/12\/Koweit-1536x1030.jpg 1536w\" sizes=\"auto, (max-width: 302px) 100vw, 302px\" \/><figcaption id=\"caption-attachment-16641\" class=\"wp-caption-text\">Koweit : Un d\u00e9sert en feu &#8211; Les puits de p\u00e9trole enflamm\u00e9s par les irakiens<\/figcaption><\/figure>\n<p><span style=\"color: #777777; font-family: arial;\">Le journal \u00ab L&rsquo;humanit\u00e9 \u00bb a publi\u00e9 un article \u00ab <strong>Le Sel de la terre, une le\u00e7on de vie qui nous fait tous grandir<\/strong> \u00bb le 15 octobre 2014 dans lequel on peut lire : <\/span><\/p>\n<p style=\"margin-left: 28pt;\"><span style=\"color: #c00000; font-family: arial;\">\u00abLe Sel de la terre est un film sur l&rsquo;itin\u00e9raire d&rsquo;un homme \u00e0 travers la mis\u00e8re du monde, entre horreur et destruction, jusqu&rsquo;\u00e0 devenir initiatique, entre s\u00e9r\u00e9nit\u00e9 et reconstruction. Une le\u00e7on de vie, d&rsquo;art et d&rsquo;humanit\u00e9 exceptionnelle \u00bb<\/span><\/p>\n<p><span style=\"color: #777777; font-family: arial;\">Chaque fois que j\u2019ai visionn\u00e9 ce documentaire j\u2019ai trouv\u00e9 d\u2019autres richesses, d\u2019autres messages que je n\u2019avais pas per\u00e7u la premi\u00e8re fois. Les images de Salgado sont d\u2019une immense force car son regard montre les humains dans leur d\u00e9nuement, leur d\u00e9tresse, parfois leur joie. Il n\u2019est pas all\u00e9 sur des terres accueillantes, souvent la guerre, une violence inou\u00efe, des \u00e9preuves terribles s\u2019abattaient sur les femmes et les hommes qu\u2019il photographiait. <\/span><\/p>\n<figure id=\"attachment_16638\" aria-describedby=\"caption-attachment-16638\" style=\"width: 492px\" class=\"wp-caption alignright\"><img loading=\"lazy\" decoding=\"async\" class=\" wp-image-16638\" src=\"https:\/\/lemotdujour.fr\/wp-content\/uploads\/2025\/12\/Yougoslavie.jpg\" alt=\"\" width=\"492\" height=\"327\" srcset=\"https:\/\/lemotdujour.fr\/wp-content\/uploads\/2025\/12\/Yougoslavie.jpg 1082w, https:\/\/lemotdujour.fr\/wp-content\/uploads\/2025\/12\/Yougoslavie-300x200.jpg 300w, https:\/\/lemotdujour.fr\/wp-content\/uploads\/2025\/12\/Yougoslavie-1024x681.jpg 1024w, https:\/\/lemotdujour.fr\/wp-content\/uploads\/2025\/12\/Yougoslavie-768x511.jpg 768w\" sizes=\"auto, (max-width: 492px) 100vw, 492px\" \/><figcaption id=\"caption-attachment-16638\" class=\"wp-caption-text\">Les enfants de l&rsquo;exode : guerre en Yougoslavie<\/figcaption><\/figure>\n<p><span style=\"color: #777777; font-family: arial;\">Il a photographi\u00e9 ces lieux o\u00f9 l&rsquo;on se tue au travail, o\u00f9 la faim ronge la chair, o\u00f9 la guerre ravage l&rsquo;espoir, o\u00f9 la terre charrie des flammes. Son regard humaniste permet de montrer ces choses horribles tout en nous laissant la capacit\u00e9 d\u2019observer sans nous d\u00e9tourner et d&rsquo;\u00eatre ainsi touch\u00e9 au plus profond de notre \u00e2me humaine : des enfants morts, des humains affam\u00e9s, des charniers qui d\u00e9voilent ce que l\u2019homme fait \u00e0 l\u2019homme sur cette terre. Par son art, il nous rend proche ces \u00eatres humains et nous conduit \u00e0 int\u00e9rioriser ce fait pourtant \u00e9vident :\u00a0 nous faisons partie de la m\u00eame humanit\u00e9. <\/span><\/p>\n<p><span style=\"color: #777777; font-family: arial;\">C\u2019est aussi tout le talent de Wim Wenders et du fils du photographe d\u2019accompagner ce travail de r\u00e9v\u00e9lations et d\u2019explications. Wim Wenders le d\u00e9crit ainsi :\u00a0\u00a0 <\/span><\/p>\n<p style=\"margin-left: 28pt;\"><span style=\"color: #c00000; font-family: arial;\">\u00ab Ses photos r\u00e9v\u00e8lent son effort pour nous montrer l&rsquo;\u00e2me des peuples mais aussi le contexte qui les entoure. Pourquoi cette famine ? Pourquoi cette guerre ? Il ne veut pas seulement constater mais aussi faire savoir. \u00bb<\/span><\/p>\n<figure id=\"attachment_16644\" aria-describedby=\"caption-attachment-16644\" style=\"width: 472px\" class=\"wp-caption alignleft\"><img loading=\"lazy\" decoding=\"async\" class=\" wp-image-16644\" src=\"https:\/\/lemotdujour.fr\/wp-content\/uploads\/2025\/12\/Genocide-des-Tutsi-au-Rwanda.jpg\" alt=\"\" width=\"472\" height=\"313\" srcset=\"https:\/\/lemotdujour.fr\/wp-content\/uploads\/2025\/12\/Genocide-des-Tutsi-au-Rwanda.jpg 1358w, https:\/\/lemotdujour.fr\/wp-content\/uploads\/2025\/12\/Genocide-des-Tutsi-au-Rwanda-300x199.jpg 300w, https:\/\/lemotdujour.fr\/wp-content\/uploads\/2025\/12\/Genocide-des-Tutsi-au-Rwanda-1024x679.jpg 1024w, https:\/\/lemotdujour.fr\/wp-content\/uploads\/2025\/12\/Genocide-des-Tutsi-au-Rwanda-768x510.jpg 768w\" sizes=\"auto, (max-width: 472px) 100vw, 472px\" \/><figcaption id=\"caption-attachment-16644\" class=\"wp-caption-text\">G\u00e9nocide des Tutsi au Rwanda<\/figcaption><\/figure>\n<p><span style=\"color: #777777; font-family: arial;\">Apr\u00e8s son travail au Rwanda, lors du g\u00e9nocide des tutsis et des \u00e9v\u00e8nements qui ont suivis, il perd foi en l\u2019humanit\u00e9. Il se retire sur les terres de son p\u00e8re au Br\u00e9sil o\u00f9 l\u2019action de l\u2019homme a conduit \u00e0 un d\u00e9sastre \u00e9cologique : Plus rien n&rsquo;y poussait, les oiseaux avaient disparu, il n&rsquo;y avait m\u00eame plus d&rsquo;herbe pour les vaches. Son \u00e9pouse depuis 1967, qui l&rsquo;a accompagn\u00e9, aid\u00e9, soutenu tout au long de sa vie, <strong>L\u00e9lia Deluiz Wanick Salgado<\/strong>\u00a0 lui donne l\u2019id\u00e9e de se lancer dans une vaste entreprise de reboisement pour faire revivre le domaine. <\/span><\/p>\n<p><span style=\"color: #777777; font-family: arial;\">De cette initiative na\u00eetra l&rsquo;Instituto Terra, en 1998. Avec ses millions d&rsquo;arbres plant\u00e9s, la nature a repris ses droits, autant qu&rsquo;elle a gu\u00e9ri l&rsquo;\u00e2me meurtrie de Salgado, \u00e9prouv\u00e9e par la folie et la violence de ses contemporains. Patiemment, sa fondation s&rsquo;active \u00e0 replanter chaque arbre, chaque fleur, \u00e0 r\u00e9parer ce que l&rsquo;homme a d\u00e9truit. Petit \u00e0 petit, un paysage et un \u00e9cosyst\u00e8me renaissent de leurs cendres. Salgado affirme que cela a chang\u00e9 leurs vies.<\/span><\/p>\n<p><span style=\"color: #777777; font-family: arial;\">Le Sel de la Terre entre ainsi dans les deux grandes pr\u00e9occupations de l&rsquo;humanit\u00e9 d&rsquo;aujourd&rsquo;hui : la paix et l&rsquo;environnement. Wim Wenders conclut son entretien dans le Figaro du 15 octobre 2014 par ces mots.<\/span><\/p>\n<p style=\"margin-left: 28pt;\"><span style=\"color: #c00000; font-family: arial;\">\u00ab Quelqu&rsquo;un qui a vu toute la mis\u00e8re du monde est capable de montrer un chemin optimiste. On ne l&rsquo;aurait pas cru au d\u00e9but, mais une renaissance est possible. \u00bb<\/span><\/p>\n<figure id=\"attachment_16647\" aria-describedby=\"caption-attachment-16647\" style=\"width: 1909px\" class=\"wp-caption alignnone\"><img loading=\"lazy\" decoding=\"async\" class=\"size-full wp-image-16647\" src=\"https:\/\/lemotdujour.fr\/wp-content\/uploads\/2025\/12\/Les-arbres-replantes.jpg\" alt=\"\" width=\"1909\" height=\"1027\" srcset=\"https:\/\/lemotdujour.fr\/wp-content\/uploads\/2025\/12\/Les-arbres-replantes.jpg 1909w, https:\/\/lemotdujour.fr\/wp-content\/uploads\/2025\/12\/Les-arbres-replantes-300x161.jpg 300w, https:\/\/lemotdujour.fr\/wp-content\/uploads\/2025\/12\/Les-arbres-replantes-1024x551.jpg 1024w, https:\/\/lemotdujour.fr\/wp-content\/uploads\/2025\/12\/Les-arbres-replantes-768x413.jpg 768w, https:\/\/lemotdujour.fr\/wp-content\/uploads\/2025\/12\/Les-arbres-replantes-1536x826.jpg 1536w\" sizes=\"auto, (max-width: 1909px) 100vw, 1909px\" \/><figcaption id=\"caption-attachment-16647\" class=\"wp-caption-text\">La replantation d&rsquo;arbre sur le domaine de son p\u00e8re<\/figcaption><\/figure>\n<p><span style=\"color: #777777; font-family: arial;\">C\u2019est un documentaire d\u2019une beaut\u00e9 et d\u2019une force incroyable, je ne peux que vous recommander, si vous ne l\u2019avez pas d\u00e9j\u00e0 fait, de vous donner les moyens de partir \u00e0 la d\u00e9couverte de cette oeuvre qui magnifie l\u2019art et l\u2019humanisme de cet immense photographe que fut Sebasti\u00e3o Ribeiro Salgado<\/span><\/p>\n","protected":false},"excerpt":{"rendered":"<p>\u00ab Le sel de la terre \u00bb Documentaire r\u00e9alis\u00e9 par Wim Wenders et Juliano Ribeiro Salgado sur la vie et le travail de Sebasti\u00e3o Salgado Lors de sa visite en juin 2025, Florence nous avait sugg\u00e9r\u00e9 de regarder \u00ab Le<\/p>\n","protected":false},"author":1,"featured_media":0,"comment_status":"open","ping_status":"closed","sticky":false,"template":"","format":"standard","meta":{"footnotes":""},"categories":[1],"tags":[12,54,102],"class_list":["post-16627","post","type-post","status-publish","format-standard","hentry","category-motdujour","tag-documentaire","tag-humanisme","tag-photographie"],"_links":{"self":[{"href":"https:\/\/lemotdujour.fr\/index.php?rest_route=\/wp\/v2\/posts\/16627","targetHints":{"allow":["GET"]}}],"collection":[{"href":"https:\/\/lemotdujour.fr\/index.php?rest_route=\/wp\/v2\/posts"}],"about":[{"href":"https:\/\/lemotdujour.fr\/index.php?rest_route=\/wp\/v2\/types\/post"}],"author":[{"embeddable":true,"href":"https:\/\/lemotdujour.fr\/index.php?rest_route=\/wp\/v2\/users\/1"}],"replies":[{"embeddable":true,"href":"https:\/\/lemotdujour.fr\/index.php?rest_route=%2Fwp%2Fv2%2Fcomments&post=16627"}],"version-history":[{"count":15,"href":"https:\/\/lemotdujour.fr\/index.php?rest_route=\/wp\/v2\/posts\/16627\/revisions"}],"predecessor-version":[{"id":16655,"href":"https:\/\/lemotdujour.fr\/index.php?rest_route=\/wp\/v2\/posts\/16627\/revisions\/16655"}],"wp:attachment":[{"href":"https:\/\/lemotdujour.fr\/index.php?rest_route=%2Fwp%2Fv2%2Fmedia&parent=16627"}],"wp:term":[{"taxonomy":"category","embeddable":true,"href":"https:\/\/lemotdujour.fr\/index.php?rest_route=%2Fwp%2Fv2%2Fcategories&post=16627"},{"taxonomy":"post_tag","embeddable":true,"href":"https:\/\/lemotdujour.fr\/index.php?rest_route=%2Fwp%2Fv2%2Ftags&post=16627"}],"curies":[{"name":"wp","href":"https:\/\/api.w.org\/{rel}","templated":true}]}}