{"id":16611,"date":"2025-12-03T01:01:01","date_gmt":"2025-12-03T00:01:01","guid":{"rendered":"https:\/\/lemotdujour.fr\/?p=16611"},"modified":"2025-12-03T01:04:06","modified_gmt":"2025-12-03T00:04:06","slug":"mercredi-3-dcembre-2025","status":"publish","type":"post","link":"https:\/\/lemotdujour.fr\/?p=16611","title":{"rendered":"Mercredi 3 d&eacute;cembre 2025"},"content":{"rendered":"<div class=\"mdjTexte\">\u00ab Ce dont nous avons besoin c\u2019est d\u2019action collective, de mobilisation, c\u2019est de reconnaissance mutuelle de nos histoires, de nos combats, de nos identit\u00e9s et on sera beaucoup plus forts. \u00bb<\/div>\n<div class=\"mdjAuteur\">Hanna Assouline, cofondatrice \u00ab des guerri\u00e8res de la paix \u00bb<\/div>\n<p><span style=\"color: #777777; font-family: arial;\">La tendance n\u2019est plus tellement au d\u00e9bat, cet art de la discussion qui permet de se parler sans se battre donc de d\u00e9battre. Le temps est plut\u00f4t \u00e0 l\u2019invective, \u00e0 l\u2019exclusion, \u00e0 la d\u00e9l\u00e9gitimation de celui qui ne partage pas exactement le m\u00eame point de vue.<\/span><\/p>\n<p><span style=\"color: #777777; font-family: arial;\">Ce point de vue peut \u00eatre l\u2019utilisation d\u2019un mot comme celui de \u00ab g\u00e9nocide \u00bb pour qualifier les massacres commis par l\u2019arm\u00e9e d\u2019Isra\u00ebl \u00e0 Gaza. Si tu n\u2019utilises pas ce mot tu es soit mal inform\u00e9, soit plus probablement un salaud qui encourage ce g\u00e9nocide. <\/span><\/p>\n<p><span style=\"color: #777777; font-family: arial;\">Je ne sais pas si l\u2019utilisation de ce terme est appropri\u00e9e, je n\u2019en suis pas convaincu mais ce n\u2019est pas \u00e0 moi d\u2019en d\u00e9cider, c\u2019est \u00e0 la justice internationale qui ne s\u2019est pas prononc\u00e9e, elle a \u00e9voqu\u00e9 un risque de g\u00e9nocide. <\/span><\/p>\n<p><span style=\"color: #777777; font-family: arial;\">A force, pourtant de r\u00e9p\u00e9ter ce terme, comme une \u00e9vidence,on a commenc\u00e9 \u00e0 vouloir relativiser le g\u00e9nocide contre les juifs puisqu\u2019Isra\u00ebl et les juifs de cet \u00e9tat faisaient la m\u00eame chose. Et bient\u00f4t, on en est arriv\u00e9 \u00e0 ce que tous ceux qui ne voulaient pas utiliser ce terme ou qui tentait d\u2019expliquer que le Hamas avait aussi une grande responsabilit\u00e9 dans ce qui se passait \u00e0 Gaza devenait de facto des \u00ab g\u00e9nocidaires \u00bb.<\/span><\/p>\n<p><span style=\"color: #777777; font-family: arial;\">Un professeur d&rsquo;histoire m\u00e9di\u00e9vale, <a href=\"https:\/\/tt.univ-lyon2.fr\/presentation\/julien-thery\"><span style=\"color: #0000ff;\">sp\u00e9cialiste de l\u2019inquisition<\/span><\/a>\u00a0 \u00e0 l&rsquo;universit\u00e9 de Lyon 2, Julien Th\u00e9ry, s\u2019est laiss\u00e9 choir dans cette fange. Il a publi\u00e9, sur Facebook une liste intitul\u00e9e \u00ab 20 g\u00e9nocidaires \u00e0 boycotter en toutes circonstances \u00bb. Cette liste incluait pour l\u2019essentiel des personnalit\u00e9s juives. <\/span><\/p>\n<p><span style=\"color: #777777; font-family: arial;\">Un professeur d\u2019universit\u00e9 en France, en 2025, peut donc publier une liste de juifs en demandant de les boycotter ou de les canceller en les traitant de ce nom inf\u00e2me de g\u00e9nocidaires. Ces 20 personnes n\u2019ont, jusqu\u2019\u00e0 nouvelle r\u00e9v\u00e9lation, pas touch\u00e9 \u00e0 un cheveu de palestinien de Gaza. Mais ils sont g\u00e9nocidaires, par appartenance probablement. Le reproche principal \u00e0 leur encontre serait, semble t\u2019il, le fait qu\u2019ils aient publi\u00e9 une tribune dans le Figaro jugeant que la reconnaissance de l\u2019Etat palestinien par la France n\u2019\u00e9tait pas pertinent actuellement. On peut ne pas \u00eatre d\u2019accord avec cette opinion, c\u2019est mon cas. Je trouve juste que la France, entra\u00eenant d\u2019autres pays avec elle, ait reconnu l\u2019Etat palestinien. Cela ne fait pas des personnes qui ne partagent pas cette opinion, des g\u00e9nocidaires. Mais il n\u2019est \u00e9videmment pas indiff\u00e9rent de traiter ces \u00ab juifs \u00bb.de g\u00e9nocidaires. <\/span><\/p>\n<p><span style=\"color: #777777; font-family: arial;\"><span style=\"color: #777777; font-family: arial;\">Peut \u00eatre que ce professeur a oubli\u00e9, un instant, les le\u00e7ons d\u2019Histoire qu\u2019il a du tirer de ses \u00e9tudes sur l\u2019inquisition et dans un moment de col\u00e8re non maitris\u00e9 et passager, a utilis\u00e9 un mot d\u00e9passant sa pens\u00e9e.<\/span><\/span><\/p>\n<p><span style=\"color: #777777; font-family: arial;\"><span style=\"color: #777777; font-family: arial;\"><img loading=\"lazy\" decoding=\"async\" class=\"wp-image-16614 alignleft\" src=\"https:\/\/lemotdujour.fr\/wp-content\/uploads\/2025\/12\/Melenchon-defend-Julien-Thery.jpg\" alt=\"\" width=\"400\" height=\"187\" srcset=\"https:\/\/lemotdujour.fr\/wp-content\/uploads\/2025\/12\/Melenchon-defend-Julien-Thery.jpg 579w, https:\/\/lemotdujour.fr\/wp-content\/uploads\/2025\/12\/Melenchon-defend-Julien-Thery-300x140.jpg 300w\" sizes=\"auto, (max-width: 400px) 100vw, 400px\" \/>Mais que dire de Jean-Luc Melenchon qui aspire \u00e0 devenir Pr\u00e9sident de la R\u00e9publique et donc \u00e0 travailler \u00e0 l\u2019Unit\u00e9 du peuple qu\u2019il entend diriger, lorsque ce dernier plut\u00f4t que de dire que le propos de Julien Th\u00e9ry est exag\u00e9r\u00e9 ou hors de propos, \u00e9crit le tweet suivant pour r\u00e9pondre \u00e0 la LICRA qui s\u2019est indign\u00e9 des propos de M Th\u00e9ry :<\/span><\/span><\/p>\n<p style=\"margin-left: 28pt;\"><span style=\"color: #c00000; font-family: arial;\">\u00ab Solidarit\u00e9 avec cet enseignant \u00e9clairant. \u00bb<\/span><\/p>\n<p>&nbsp;<\/p>\n<p><span style=\"color: #777777; font-family: Arial;\"><strong>Hanna Assouline<\/strong>, cofondatrice des Guerriers de la paix a publi\u00e9 <a href=\"https:\/\/www.facebook.com\/reel\/1388933426215428\"><span style=\"color: #0000ff;\">sur les r\u00e9seaux sociaux<\/span><\/a> un extrait d\u2019une intervention qu\u2019elle a fait lors d\u2019une r\u00e9union : <span style=\"color: #777777; font-family: arial;\"><span style=\"color: #777777; font-family: arial;\"><br \/>\n<\/span><\/span><\/span><\/p>\n<p style=\"margin-left: 28pt;\"><span style=\"color: #c00000; font-family: arial;\">\u00ab On est dans une course \u00e0 la radicalit\u00e9, \u00e0 l\u2019invective, \u00e0 une forme de violence verbale qui fait qu\u2019on est tous pris dans ce cirque qui non seulement n\u2019aide en rien notre r\u00e9flexion collective politique, ne nous aide pas ni \u00e0 nous comprendre, ni \u00e0 avancer, ni \u00e0 comprendre le monde correctement mais qui en plus n\u2019aide vraiment pas les gens pour lesquels on pr\u00e9tend s\u2019engager. \u00bb<\/span><\/p>\n<p><span style=\"color: #777777; font-family: arial;\">Les exc\u00e8s et la polarisation ne sont pas du seul c\u00f4t\u00e9 pro palestinien, il y a de la m\u00eame mani\u00e8re des th\u00e9ories, des r\u00e9cits, on utilise aujourd\u2019hui le terme \u00ab narratif \u00bb qui prennent fait et cause pour les th\u00e8ses des messianistes juifs qui pr\u00e9tendent que le peuple palestinien n\u2019existe pas, que la Cisjordanie doit appartenir \u00e0 Isra\u00ebl parce qu\u2019il s\u2019agit d\u2019une terre bibliquement juive et enfin que la Jordanie est d\u00e9j\u00e0 l\u2019Etat des palestiniens et qu\u2019il n\u2019est donc pas n\u00e9cessaire d\u2019en cr\u00e9er un autre. <\/span><\/p>\n<p><span style=\"color: #777777; font-family: arial;\">Pour celles et ceux qui croient encore \u00e0 la paix en Isra\u00ebl et en Palestine, les militants des deux bords sur les terres du conflit, ces affrontements dans notre soci\u00e9t\u00e9 fran\u00e7aise ne les aident pas et ne font rien avancer. C\u2019est ce que rapporte Hanna Assouline : <\/span><\/p>\n<p style=\"margin-left: 28pt;\"><span style=\"color: #c00000; font-family: arial;\">\u00ab Et \u00e7a \u00e7a fait partie des choses qui ont \u00e9t\u00e9 dites et redites \u00e0 de nombreuses reprises par les militants palestiniens et isra\u00e9liens qui luttent pour la paix, pour la dignit\u00e9, pour la justice. Ils nous ont r\u00e9p\u00e9t\u00e9 en fait, quand vous vous d\u00e9chirez, quand vous utilisez notre cause pour alimenter la haine, l\u2019islamophobie, le racisme, l\u2019antis\u00e9mitisme, quand vous nous utilisez comme des slogans, comme des \u00e9tendards, sans vous poser la question r\u00e9elle de notre avenir, pour r\u00e9gler les comptes de vos propres soci\u00e9t\u00e9s et de votre histoire coloniale, de votre histoire vis-\u00e0-vis de la shoah, de toutes les failles qui vous appartiennent et qui n\u2019ont rien \u00e0 voir avec nous. Non seulement vous ne nous aidez pas et vous n\u2019\u00eates absolument pas dans la solidarit\u00e9 avec nous mais vous nous condamnez davantage \u00e0 l\u2019impasse. [\u2026] Cela nous a \u00e9t\u00e9 r\u00e9p\u00e9t\u00e9 par des gens extr\u00eamement diff\u00e9rents des Palestiniens comme des Isra\u00e9liens. Cette id\u00e9e de quand vous pensez nous aider, vous nous condamnez davantage, quand vous pensez nous aider de cette mani\u00e8re l\u00e0. \u00bb<\/span><\/p>\n<p><span style=\"color: #777777; font-family: arial;\"><img loading=\"lazy\" decoding=\"async\" class=\"wp-image-16615 alignleft\" src=\"https:\/\/lemotdujour.fr\/wp-content\/uploads\/2025\/12\/Hanna-Assouline-contre-les-exclusions.jpg\" alt=\"\" width=\"253\" height=\"306\" srcset=\"https:\/\/lemotdujour.fr\/wp-content\/uploads\/2025\/12\/Hanna-Assouline-contre-les-exclusions.jpg 470w, https:\/\/lemotdujour.fr\/wp-content\/uploads\/2025\/12\/Hanna-Assouline-contre-les-exclusions-248x300.jpg 248w\" sizes=\"auto, (max-width: 253px) 100vw, 253px\" \/>Comme le dit la cofondatrice des guerri\u00e8res de la Paix nous sommes en face d\u2019une offensive mondiale de l\u2019extr\u00eame droite, de la renaissance des logiques d\u2019empire, nous ne pouvons nous permettre, pour ceux qui veulent la paix, c\u2019est \u00e0 dire la coexistence pacifique de deux peuples sur la terre entre la mer et le jourdain, de nous invectiver et d\u2019aspirer \u00e0 la puret\u00e9 des id\u00e9es.<\/span><\/p>\n<p><span style=\"color: #777777; font-family: arial;\">Un des premiers mots du jour citait cette formule des temps r\u00e9volutionnaire : \u00ab Un pur trouve toujours un plus pur qui l\u2019\u00e9pure. \u00bb. Les choses sont toujours plus compliqu\u00e9es que cette vision biblique de la lutte du bien contre le mal. Quand on en est convaincu, on accepte la complexit\u00e9 du monde et la f\u00e9condit\u00e9 du d\u00e9bat.<\/span><\/p>\n<p style=\"margin-left: 28pt;\"><span style=\"color: #c00000; font-family: arial;\">\u00ab Aujourd\u2019hui on a besoin d\u2019action, on a besoin d\u2019un sursaut collectif, on a besoin de tout le monde autour de la table. On n\u2019a pas besoin de r\u00e9tr\u00e9cir le front en essayant de se demander qui est assez pur dans son militantisme pour avoir le droit d\u2019\u00eatre assis \u00e0 nos c\u00f4t\u00e9s. On a besoin d\u2019un sursaut, d\u2019un \u00e9lan collectif qui soit le plus large possible, sinon on ne va pas y arriver. Et face \u00e0 nous, on est face \u00e0 une offensive mondiale fasciste qui est en train de nous \u00e9craser et qui se d\u00e9lecte des divisions dans lesquelles on tombe tous. [\u2026] \u00bb<\/span><\/p>\n<p><span style=\"color: #777777; font-family: arial;\">Hanna Assouline finit par cette invitation \u00e0 s\u2019\u00e9couter et accepter mutuellement \u00e0 reconna\u00eetre l\u2019histoire de l\u2019autre pour pouvoir mieux comprendre comment vivre ensemble.<\/span><\/p>\n<p style=\"margin-left: 28pt;\"><span style=\"color: #c00000; font-family: arial;\">\u00ab Ce dont nous avons besoin c\u2019est d\u2019action collective, de mobilisation, c\u2019est de reconnaissance mutuelle de nos histoires, de nos combats, de nos identit\u00e9s et on sera beaucoup plus forts. Et pour lutter ici, dans nos soci\u00e9t\u00e9s et pour lutter pour eux l\u00e0-bas. \u00bb<\/span><\/p>\n<p><span style=\"color: #777777; font-family: arial;\">Je trouve pertinent de partager cet appel \u00e0 s\u2019\u00e9couter, \u00e0 ne pas pratiquer l\u2019excommunication et a envisager l\u2019hypoth\u00e8se qu\u2019on peut discuter de tous les sujets.<\/span><\/p>\n<p style=\"margin-left: 28pt;\"><span style=\"color: #c00000; font-family: arial;\">\u00a0<\/span><\/p>\n","protected":false},"excerpt":{"rendered":"<p>\u00ab Ce dont nous avons besoin c\u2019est d\u2019action collective, de mobilisation, c\u2019est de reconnaissance mutuelle de nos histoires, de nos combats, de nos identit\u00e9s et on sera beaucoup plus forts. \u00bb Hanna Assouline, cofondatrice \u00ab des guerri\u00e8res de la paix<\/p>\n","protected":false},"author":1,"featured_media":0,"comment_status":"open","ping_status":"closed","sticky":false,"template":"","format":"standard","meta":{"footnotes":""},"categories":[1],"tags":[15,151,201,252],"class_list":["post-16611","post","type-post","status-publish","format-standard","hentry","category-motdujour","tag-france","tag-israel","tag-palestine","tag-polarisation"],"_links":{"self":[{"href":"https:\/\/lemotdujour.fr\/index.php?rest_route=\/wp\/v2\/posts\/16611","targetHints":{"allow":["GET"]}}],"collection":[{"href":"https:\/\/lemotdujour.fr\/index.php?rest_route=\/wp\/v2\/posts"}],"about":[{"href":"https:\/\/lemotdujour.fr\/index.php?rest_route=\/wp\/v2\/types\/post"}],"author":[{"embeddable":true,"href":"https:\/\/lemotdujour.fr\/index.php?rest_route=\/wp\/v2\/users\/1"}],"replies":[{"embeddable":true,"href":"https:\/\/lemotdujour.fr\/index.php?rest_route=%2Fwp%2Fv2%2Fcomments&post=16611"}],"version-history":[{"count":5,"href":"https:\/\/lemotdujour.fr\/index.php?rest_route=\/wp\/v2\/posts\/16611\/revisions"}],"predecessor-version":[{"id":16618,"href":"https:\/\/lemotdujour.fr\/index.php?rest_route=\/wp\/v2\/posts\/16611\/revisions\/16618"}],"wp:attachment":[{"href":"https:\/\/lemotdujour.fr\/index.php?rest_route=%2Fwp%2Fv2%2Fmedia&parent=16611"}],"wp:term":[{"taxonomy":"category","embeddable":true,"href":"https:\/\/lemotdujour.fr\/index.php?rest_route=%2Fwp%2Fv2%2Fcategories&post=16611"},{"taxonomy":"post_tag","embeddable":true,"href":"https:\/\/lemotdujour.fr\/index.php?rest_route=%2Fwp%2Fv2%2Ftags&post=16611"}],"curies":[{"name":"wp","href":"https:\/\/api.w.org\/{rel}","templated":true}]}}