{"id":16600,"date":"2025-10-31T00:02:12","date_gmt":"2025-10-30T23:02:12","guid":{"rendered":"https:\/\/lemotdujour.fr\/?p=16600"},"modified":"2025-10-31T11:36:52","modified_gmt":"2025-10-31T10:36:52","slug":"vendredi-31-octobre-2025","status":"publish","type":"post","link":"https:\/\/lemotdujour.fr\/?p=16600","title":{"rendered":"Vendredi 31 octobre 2025"},"content":{"rendered":"<div class=\"mdjTexte\">\u00ab Et pendant le moment de l&rsquo;accouchement, le papa tient bien fort la main de la maman pour avoir moins peur !\u00bb<\/div>\n<div class=\"mdjAuteur\">Une des phrases affich\u00e9es \u00e0 l&rsquo;accueil de la Maternit\u00e9 des Lilas pour faire comprendre aux futurs parents quel \u00e9tait le sexe fort au moment de la naissance.<\/div>\n<p><span style=\"color: #777777; font-family: arial;\">Michel Rocard avait \u00e9nonc\u00e9 cette v\u00e9rit\u00e9 de vie, les deux ou trois plus beaux moments de votre vie n&rsquo;ont jamais rien \u00e0 voir avec l&rsquo;argent. <\/span><\/p>\n<p><span style=\"color: #777777; font-family: arial;\">Et, chacun de s&rsquo;interroger : mais si je me penche sur ma vie : quels en sont les plus beaux instants ?<\/span><\/p>\n<p><span style=\"color: #777777; font-family: arial;\">Pour moi, je n&rsquo;ai pas de doute : ces deux plus beaux moments, je les ai v\u00e9cus 12 Rue du Coq Fran\u00e7ais dans la petite commune \u00ab Les Lilas \u00bb en Seine Saint Denis. le premier a eu lieu dans la nuit du 5 au 6 juin 1991 et le second dans la soir\u00e9e du 10 janvier 1994. <\/span><\/p>\n<p><span style=\"color: #777777; font-family: arial;\"> L&rsquo;\u00e9crin magnifique, magnifique parce qu&rsquo;il \u00e9tait rempli de l&rsquo;humanit\u00e9, de la qualit\u00e9 d&rsquo;\u00e9coute, du d\u00e9vouement et de la chaleur des personnes qui travaillaient l\u00e0 o\u00f9 ces \u00e9v\u00e8nements se sont d\u00e9roul\u00e9s, portait le doux nom de \u00ab <strong>Maternit\u00e9 des Lilas<\/strong>. \u00bb<\/span><\/p>\n<p><span style=\"color: #777777; font-family: arial;\"><img loading=\"lazy\" decoding=\"async\" class=\" wp-image-16602 alignleft\" src=\"https:\/\/lemotdujour.fr\/wp-content\/uploads\/2025\/10\/Lhumanite-Maternite-des-LIlas.jpg\" alt=\"\" width=\"298\" height=\"329\" srcset=\"https:\/\/lemotdujour.fr\/wp-content\/uploads\/2025\/10\/Lhumanite-Maternite-des-LIlas.jpg 649w, https:\/\/lemotdujour.fr\/wp-content\/uploads\/2025\/10\/Lhumanite-Maternite-des-LIlas-272x300.jpg 272w\" sizes=\"auto, (max-width: 298px) 100vw, 298px\" \/>La maternit\u00e9 des Lilas va d\u00e9finitivement fermer ses portes ce 31 octobre 2025.<\/span><\/p>\n<p><span style=\"color: #777777; font-family: arial;\">Il y eut tant de menaces et de luttes pour la maintenir en activit\u00e9, que beaucoup pensaient qu&rsquo;elle avait d\u00e9j\u00e0 ferm\u00e9. Ce n&rsquo;\u00e9tait pas le cas, c&rsquo;est aujourd&rsquo;hui que cette aventure de 61 ans va d\u00e9finitivement se terminer.<\/span><\/p>\n<p><span style=\"color: #777777; font-family: arial;\">La maternit\u00e9 des Lilas a \u00e9t\u00e9 fond\u00e9e en 1964 par la comtesse<strong> Colette de Charni\u00e8res<\/strong> avec un statut de clinique priv\u00e9e. Elle poursuivait le m\u00eame objectif que la <strong>maternit\u00e9 des bluets<\/strong> situ\u00e9e 9, rue des Bluets dans le 11e arrondissement, refuser ce commandement que l\u2019homme, qui a \u00e9crit le texte de la Gen\u00e8se, fait dire \u00e0 dieu : <\/span><\/p>\n<p style=\"margin-left: 28pt;\"><span style=\"color: #c00000; font-family: arial;\"><br \/>\n\u00ab Il dit \u00e0 la femme: J&rsquo;augmenterai la souffrance de tes grossesses, tu enfanteras avec douleur, \u00bb<br \/>\n<em> La Bible du Semeur 2015 \u2013 Gen\u00e8se 3-16<\/em><\/span><\/p>\n<p><span style=\"color: #777777; font-family: arial;\"><strong>L\u2019accouchement sans douleur <\/strong> est un ensemble de techniques visant \u00e0 supprimer l\u2019angoisse et les douleurs de l\u2019accouchement par une pr\u00e9paration durant la grossesse et l\u2019utilisation de techniques compl\u00e9mentaires pendant l\u2019accouchement, et par la cr\u00e9ation d\u2019un rapport de confiance et de collaboration entre l\u2019\u00e9quipe m\u00e9dicale et la m\u00e8re. Ces techniques ont \u00e9t\u00e9 d\u00e9velopp\u00e9es principalement au Royaume-Uni et en URSS au milieu du XXe si\u00e8cle. <\/span><\/p>\n<p><span style=\"color: #777777; font-family: arial;\">La France \u00e9tait en retard sur ces m\u00e9thodes. Cette \u00e9volution a \u00e9t\u00e9 introduite en France gr\u00e2ce aux communistes et \u00e0 la CGT. Le m\u00e9decin qui en a \u00e9t\u00e9 le moteur fut le <a href=\"https:\/\/www.radiofrance.fr\/franceculture\/podcasts\/les-discussions-du-soir-avec-rene-frydman\/qui-etait-le-docteur-lamaze-medecin-accoucheur-2931307\"><span style=\"color: #0000ff;\"><strong>docteur Fernand Lamaze<\/strong><\/span><\/a>, chef de service de la maternit\u00e9 des Bluets, ouverte en novembre 1947, r\u00e9alisation sociale des syndicats CGT de la M\u00e9tallurgie de la r\u00e9gion parisienne.<\/span><\/p>\n<p><span style=\"color: #777777; font-family: arial;\">En 1950, le docteur Lamaze avait lu un rapport du professeur russe A.P. Nikolaiev sur la doctrine du physiologiste Pavlov, bas\u00e9e sur la d\u00e9couverte de l&rsquo;intervention du syst\u00e8me nerveux sup\u00e9rieur dans les grandes fonctions de l&rsquo;organisme ; Nikolaiev d\u00e9montrait qu&rsquo;une \u00e9ducation psychique de la femme enceinte pouvait lui permettre d&rsquo;accoucher sans douleur. <\/span><\/p>\n<p><span style=\"color: #777777; font-family: arial;\">En 1951 lors d&rsquo;une mission m\u00e9dicale, F. Lamaze assiste \u00e0 un accouchement naturel sans douleur, ce qui se pratiquait couramment en URSS :<\/span><\/p>\n<p style=\"margin-left: 28pt;\"><span style=\"color: #c00000; font-family: arial;\">\u00ab Ce fut pour moi un v\u00e9ritable bouleversement de voir cette femme accoucher sans aucune manifestation douloureuse\u2026 tous ses muscles \u00e9taient rel\u00e2ch\u00e9s\u2026 pas la moindre angoisse dans ses yeux, pas un cri, pas la moindre goutte de sueur ne perlait sur son front, pas une seule contraction du visage. Le moment venu, elle a fait les efforts de pousser sans aucune aide, dans un calme absolu\u2026Apr\u00e8s avoir \u00e9t\u00e9 le t\u00e9moin d&rsquo;une chose pareille, je n&rsquo;avais plus qu&rsquo;une pr\u00e9occupation : transplanter cela en France et\u2026 cela devenait pour moi une id\u00e9e fixe \u00bb<\/span><\/p>\n<p><span style=\"color: #777777; font-family: arial;\">Il va pouvoir introduire cette m\u00e9thode avec un confr\u00e8re, le docteur <strong>Vellay<\/strong>, gr\u00e2ce \u00e0 l\u2019engagement militant de femmes et de membres de la CGT, dans le cadre de la maternit\u00e9 des Bluets.<\/span><\/p>\n<p><span style=\"color: #777777; font-family: arial;\">Mais des forces r\u00e9actionnaires, probablement marqu\u00e9es par la Gen\u00e8se, s\u2019opposent \u00e0 ces \u00e9volutions. \u00c0 deux reprises, Lamaze et Vellay sont traduits devant le Conseil de l&rsquo;ordre des M\u00e9decins. Enfin, ils seront blanchis en 1954. <\/span><\/p>\n<p><span style=\"color: #777777; font-family: arial;\">Et preuve qu\u2019il ne faut pas d\u00e9sesp\u00e9rer de l\u2019Eglise, le 8 janvier 1956, le pape Pie XII cr\u00e9e la surprise en prenant position en faveur de l&rsquo;accouchement sans douleur devant sept cents gyn\u00e9cologues et m\u00e9decins. Il d\u00e9clare : <\/span><\/p>\n<p style=\"margin-left: 28pt;\"><span style=\"color: #c00000; font-family: arial;\">\u00ab la m\u00e9thode est irr\u00e9prochable du point de vue moral \u00bb.<\/span><\/p>\n<p><span style=\"color: #777777; font-family: arial;\">Si vous voulez en savoir davantage : \u00ab <a href=\"https:\/\/francearchives.gouv.fr\/pages_histoire\/40009\"><span style=\"color: #0000ff;\">https:\/\/francearchives.gouv.fr\/pages_histoire\/40009<\/span><\/a> \u00bb<\/span><\/p>\n<p><span style=\"color: #777777; font-family: arial;\"><strong><img loading=\"lazy\" decoding=\"async\" class=\" wp-image-16603 alignright\" src=\"https:\/\/lemotdujour.fr\/wp-content\/uploads\/2025\/10\/maternite-lilas-vivra-L-Z1ZSAU.jpeg\" alt=\"\" width=\"383\" height=\"254\" srcset=\"https:\/\/lemotdujour.fr\/wp-content\/uploads\/2025\/10\/maternite-lilas-vivra-L-Z1ZSAU.jpeg 560w, https:\/\/lemotdujour.fr\/wp-content\/uploads\/2025\/10\/maternite-lilas-vivra-L-Z1ZSAU-300x199.jpeg 300w\" sizes=\"auto, (max-width: 383px) 100vw, 383px\" \/>La Maternit\u00e9 des Lilas<\/strong> va s&rsquo;inscrire dans ce mouvement. <\/span><\/p>\n<p><span style=\"color: #777777; font-family: arial;\">Quand en 1991, il fallu choisir une maternit\u00e9, pour Annie et moi, il n&rsquo;y avait aucun doute il nous fallait choisir entre ces deux \u00e9tablissements. Finalement, ce fut la maternit\u00e9 des Lilas. <\/span><\/p>\n<p><span style=\"color: #777777; font-family: arial;\">L\u2019accompagnement dont nous avons pu b\u00e9n\u00e9ficier jusqu&rsquo;\u00e0 l&rsquo;accouchement fut incroyable. <\/span><\/p>\n<p><span style=\"color: #777777; font-family: arial;\">Nous savions que s&rsquo;il y avait des difficult\u00e9s il serait possible de rapidement mobiliser des \u00e9quipes m\u00e9dicales. <span style=\"color: #777777; font-family: arial;\">Mais quand ce n&rsquo;\u00e9tait pas n\u00e9cessaire, ce qui fut notre cas, il n&rsquo;y avait que l&rsquo;humain, le toucher, la respiration, la confiance et le miracle de la vie qui naissait au milieu d&rsquo;un petit groupe d&rsquo;humains, beaucoup de femmes, mais le p\u00e8re avait toute sa place. <\/span><\/span><\/p>\n<p><span style=\"color: #777777; font-family: arial;\">L&rsquo;accouchement sous p\u00e9ridurale qui existait depuis 1975 \u00e9tait possible, mais le plus souvent inutile : les techniques naturelles apprises \u00e9taient suffisantes pour que ce moment de joie fut sans douleur. Le c\u0153ur de tout cela \u00e9tait de faire de cet instant : l&rsquo;arriv\u00e9e au monde d&rsquo;un petit humain, non un acte exclusivement technique mais avant tout, un acte d&rsquo;humanit\u00e9 dans lequel un petit groupe reli\u00e9 par l&rsquo;amour, la bienveillance, l&rsquo;attention accueillait, en son sein, un nouveau petit \u00eatre, une nouvelle vie.<\/span><\/p>\n<p><span style=\"color: #777777; font-family: arial;\"><img loading=\"lazy\" decoding=\"async\" class=\"size-full wp-image-16604 alignright\" src=\"https:\/\/lemotdujour.fr\/wp-content\/uploads\/2025\/10\/Je-suis-nea-la-maternite-des-Lilas.jpg\" alt=\"\" width=\"428\" height=\"250\" srcset=\"https:\/\/lemotdujour.fr\/wp-content\/uploads\/2025\/10\/Je-suis-nea-la-maternite-des-Lilas.jpg 428w, https:\/\/lemotdujour.fr\/wp-content\/uploads\/2025\/10\/Je-suis-nea-la-maternite-des-Lilas-300x175.jpg 300w\" sizes=\"auto, (max-width: 428px) 100vw, 428px\" \/>Pour la naissance de 1991 nous habitions pr\u00e8s de la Place d&rsquo;Italie \u00e0 Paris. En fin de cette ann\u00e9e nous avons d\u00e9m\u00e9nag\u00e9 dans une r\u00e9sidence, avenue Jean Moulin \u00e0 Montreuil sous bois. Nous avons eu la surprise d&rsquo;apprendre, peu \u00e0 peu, que tous les parents que nous fr\u00e9quentions r\u00e9guli\u00e8rement, \u00e9taient all\u00e9s \u00e0 la maternit\u00e9 des Lilas, sauf un couple qui \u00e9tait all\u00e9 \u00e0 la maternit\u00e9 des Bluets.<\/span><\/p>\n<p><span style=\"color: #777777; font-family: arial;\">En 61 ans d&rsquo;existence, l&rsquo;\u00e9tablissement a \u00e9t\u00e9 pionnier dans le f\u00e9minisme en \u00e9tant un haut lieu de l&rsquo;accouchement physiologique, qui se veut le plus naturel et le moins m\u00e9dicalis\u00e9 possible. Il a aussi pratiqu\u00e9 des avortements clandestins avant la Loi Veil. Il continuait aujourd\u2019hui de pratiquer de nombreux IVG. En 1990, la maternit\u00e9 des Lilas a fait l\u2019objet d\u2019une attaque du mouvement am\u00e9ricain pro-life \u00ab commando anti-IVG \u00bb. Toujours \u00e0 la pointe de la lutte pour le droit des femmes de disposer de leur corps, l\u2019\u00e9tablissement a embrass\u00e9 plus r\u00e9cemment les luttes LGBT. <\/span><\/p>\n<p><span style=\"color: #777777; font-family: arial;\">Le 1er juillet 2025, l&rsquo;agence r\u00e9gionale de sant\u00e9 avait annonc\u00e9 sa fermeture pour plusieurs raisons : une baisse d&rsquo;activit\u00e9, la perte de sa certification par la Haute Autorit\u00e9 de sant\u00e9 et des difficult\u00e9s financi\u00e8res.<\/span><\/p>\n<p><span style=\"color: #777777; font-family: arial;\">Les m\u00e9dias se font l&rsquo;\u00e9cho de ce jour de deuil qui voit la fermeture de cet \u00e9tablissement de lumi\u00e8re par manque d&rsquo;argent. Michel Rocard avait raison, toutefois l&rsquo;argent est quelquefois n\u00e9cessaire pour rendre possible les choses belles et remarquables. <\/span><\/p>\n<p><span style=\"color: #777777; font-family: arial;\">France info \u00e9crit \u00ab <a href=\"https:\/\/www.franceinfo.fr\/sante\/hopital\/reportage-c-etait-presque-comme-une-maison-pourquoi-la-fermeture-de-la-maternite-des-lilas-pres-de-paris-suscite-tant-d-emotions-et-de-regrets_7583192.html\"><span style=\"color: #0000ff;\">Pourquoi la fermeture de la maternit\u00e9 des Lilas suscite tant d&rsquo;\u00e9motions et de regrets<\/span><\/a>.\u00bb <\/span><\/p>\n<p><span style=\"color: #777777; font-family: arial;\">La station ICI donne la parole \u00e0 une maman qui a accouch\u00e9 dans ce lieu : \u00ab <a href=\"https:\/\/www.francebleu.fr\/infos\/sante-sciences\/apres-60-ans-d-activite-l-emblematique-maternite-des-lilas-en-seine-saint-denis-ferme-definitivement-ses-portes-2663850\"><span style=\"color: #0000ff;\">C&rsquo;\u00e9tait tellement humain cette maternit\u00e9, on se sentait comme \u00e0 la maison<\/span><\/a> \u00bb. <\/span><\/p>\n<p><span style=\"color: #777777; font-family: arial;\">Lib\u00e9ration publie aussi des t\u00e9moignages : \u00ab<a href=\"https:\/\/www.liberation.fr\/societe\/fermeture-de-la-maternite-des-lilas-institution-feministe-la-bas-je-netais-pas-quun-numero-20250824_2A4MPU6WBVDI5JQG4Y6A3H7E4Q\/\"><span style=\"color: #0000ff;\">L\u00e0-bas, je n\u2019\u00e9tais pas qu\u2019un num\u00e9ro<\/span><\/a>\u00bb. <\/span><\/p>\n<p><span style=\"color: #777777; font-family: arial;\">Et le titre de l\u2019article du Monde pour informer sur cette \u00e9v\u00e8nement : \u00ab <a href=\"https:\/\/www.lemonde.fr\/societe\/article\/2025\/10\/30\/mobilisation-contre-la-fermeture-imminente-de-la-maternite-des-lilas-pionniere-du-feminisme_6650337_3224.html\"><span style=\"color: #0000ff;\">Mobilisation contre la fermeture imminente de la maternit\u00e9 des Lilas, pionni\u00e8re du f\u00e9minisme<\/span><\/a> \u00bb. <\/span><\/p>\n<p><span style=\"color: #777777; font-family: arial;\">Je ne peux m\u2019emp\u00eacher d\u2019\u00eatre triste qu\u2019un tel \u00e9tablissement o\u00f9 les femmes se sentaient respect\u00e9es, \u00e9cout\u00e9es et accompagn\u00e9es et o\u00f9 les p\u00e8res avaient leur place aussi, ne puissent plus continuer \u00e0 exercer sa noble mission.<\/span><\/p>\n<p><img loading=\"lazy\" decoding=\"async\" class=\"alignnone size-full wp-image-16605\" src=\"https:\/\/lemotdujour.fr\/wp-content\/uploads\/2025\/10\/Le-personnel-chante.jpg\" alt=\"\" width=\"604\" height=\"450\" srcset=\"https:\/\/lemotdujour.fr\/wp-content\/uploads\/2025\/10\/Le-personnel-chante.jpg 604w, https:\/\/lemotdujour.fr\/wp-content\/uploads\/2025\/10\/Le-personnel-chante-300x224.jpg 300w\" sizes=\"auto, (max-width: 604px) 100vw, 604px\" \/><\/p>\n","protected":false},"excerpt":{"rendered":"<p>\u00ab Et pendant le moment de l&rsquo;accouchement, le papa tient bien fort la main de la maman pour avoir moins peur !\u00bb Une des phrases affich\u00e9es \u00e0 l&rsquo;accueil de la Maternit\u00e9 des Lilas pour faire comprendre aux futurs parents quel<\/p>\n","protected":false},"author":1,"featured_media":0,"comment_status":"open","ping_status":"closed","sticky":false,"template":"","format":"standard","meta":{"footnotes":""},"categories":[1],"tags":[24,52,36,13],"class_list":["post-16600","post","type-post","status-publish","format-standard","hentry","category-motdujour","tag-actualite","tag-enfance","tag-feminisme","tag-sante"],"_links":{"self":[{"href":"https:\/\/lemotdujour.fr\/index.php?rest_route=\/wp\/v2\/posts\/16600","targetHints":{"allow":["GET"]}}],"collection":[{"href":"https:\/\/lemotdujour.fr\/index.php?rest_route=\/wp\/v2\/posts"}],"about":[{"href":"https:\/\/lemotdujour.fr\/index.php?rest_route=\/wp\/v2\/types\/post"}],"author":[{"embeddable":true,"href":"https:\/\/lemotdujour.fr\/index.php?rest_route=\/wp\/v2\/users\/1"}],"replies":[{"embeddable":true,"href":"https:\/\/lemotdujour.fr\/index.php?rest_route=%2Fwp%2Fv2%2Fcomments&post=16600"}],"version-history":[{"count":4,"href":"https:\/\/lemotdujour.fr\/index.php?rest_route=\/wp\/v2\/posts\/16600\/revisions"}],"predecessor-version":[{"id":16608,"href":"https:\/\/lemotdujour.fr\/index.php?rest_route=\/wp\/v2\/posts\/16600\/revisions\/16608"}],"wp:attachment":[{"href":"https:\/\/lemotdujour.fr\/index.php?rest_route=%2Fwp%2Fv2%2Fmedia&parent=16600"}],"wp:term":[{"taxonomy":"category","embeddable":true,"href":"https:\/\/lemotdujour.fr\/index.php?rest_route=%2Fwp%2Fv2%2Fcategories&post=16600"},{"taxonomy":"post_tag","embeddable":true,"href":"https:\/\/lemotdujour.fr\/index.php?rest_route=%2Fwp%2Fv2%2Ftags&post=16600"}],"curies":[{"name":"wp","href":"https:\/\/api.w.org\/{rel}","templated":true}]}}