{"id":16576,"date":"2025-10-20T02:18:26","date_gmt":"2025-10-20T00:18:26","guid":{"rendered":"https:\/\/lemotdujour.fr\/?p=16576"},"modified":"2025-10-20T21:45:13","modified_gmt":"2025-10-20T19:45:13","slug":"lundi-20-octobre-2025","status":"publish","type":"post","link":"https:\/\/lemotdujour.fr\/?p=16576","title":{"rendered":"Lundi 20 octobre 2025"},"content":{"rendered":"<div class=\"mdjTexte\">\u00ab Ainsi parlait Donald Trump \u00bb<\/div>\n<div class=\"mdjAuteur\">Un clin d&rsquo;\u0153il \u00e0 un c\u00e9l\u00e8bre ouvrage de Friedrich Nietzsche<\/div>\n<p><span style=\"color: #777777; font-family: arial;\">J&rsquo;aime les mots. Je crois que nous sommes nombreux \u00e0 aimer les mots, ceux qui ont du sens, qui permettent d&rsquo;exprimer de la profondeur, un raisonnement ou la beaut\u00e9 po\u00e9tique du monde. <\/span><\/p>\n<p><span style=\"color: #777777; font-family: arial;\">Le langage \u00e9labor\u00e9, structur\u00e9 est un des \u00e9l\u00e9ments essentiels qui distingue notre esp\u00e8ce \u00ab homo sapiens \u00bb des autres esp\u00e8ces. C&rsquo;est le moyen que notre esp\u00e8ce a invent\u00e9 pour communiquer, pour \u00e9changer, pour se comprendre. <\/span><\/p>\n<figure id=\"attachment_16585\" aria-describedby=\"caption-attachment-16585\" style=\"width: 417px\" class=\"wp-caption alignright\"><img loading=\"lazy\" decoding=\"async\" class=\" wp-image-16585\" src=\"https:\/\/lemotdujour.fr\/wp-content\/uploads\/2025\/10\/Anti-Trump-18octobre2025.jpg\" alt=\"\" width=\"417\" height=\"270\" srcset=\"https:\/\/lemotdujour.fr\/wp-content\/uploads\/2025\/10\/Anti-Trump-18octobre2025.jpg 726w, https:\/\/lemotdujour.fr\/wp-content\/uploads\/2025\/10\/Anti-Trump-18octobre2025-300x195.jpg 300w\" sizes=\"auto, (max-width: 417px) 100vw, 417px\" \/><figcaption id=\"caption-attachment-16585\" class=\"wp-caption-text\">Manifestation \u00ab\u00a0No king\u00a0\u00bb du 18 octobre 2025 \u00e0 Los Angeles<\/figcaption><\/figure>\n<p><span style=\"color: #777777; font-family: arial;\">Et puis, nous qui vivons aujourd&rsquo;hui dans un monde d&rsquo;une complexit\u00e9 qui s&rsquo;\u00e9paissit chaque jour, un monde qui est confront\u00e9 \u00e0 des d\u00e9fis de plus en plus redoutable, nous voyons l&rsquo;homme, que le pays le plus puissant de la plan\u00e8te, a mis \u00e0 sa t\u00eate utiliser des mots simplistes, prononcer des discours effarants. <\/span><\/p>\n<p><span style=\"color: #777777; font-family: arial;\">Un clone d&rsquo;Ubu roi qui appauvrit la langue, exprime des banalit\u00e9s avec force superlatifs, ment ou dit simplement des choses qui n&rsquo;existent pas dans la vie r\u00e9elle. <\/span><\/p>\n<p><span style=\"color: #777777; font-family: arial;\">Il est parfaitement ridicule. Mais personne n&rsquo;ose lui dire, au contraire les autres chefs d&rsquo;\u00e9tat ou d&rsquo;organisation internationale le flatte et n&rsquo;ont qu&rsquo;une crainte : le contrarier. <\/span><\/p>\n<p><span style=\"color: #777777; font-family: arial;\">C&rsquo;est effrayant ! <\/span><\/p>\n<p><span style=\"color: #777777; font-family: arial;\">Je sais bien que ces actes et ses d\u00e9cisions en interne comme \u00e0 l&rsquo;international sont encore plus effrayants. Mais aujourd&rsquo;hui, je m&rsquo;arr\u00eaterai au langage utilis\u00e9 par cet homme, car il faut oser lire ce qu\u2019il dit.<\/span><\/p>\n<figure id=\"attachment_16579\" aria-describedby=\"caption-attachment-16579\" style=\"width: 453px\" class=\"wp-caption alignleft\"><img loading=\"lazy\" decoding=\"async\" class=\" wp-image-16579\" src=\"https:\/\/lemotdujour.fr\/wp-content\/uploads\/2025\/10\/Trump-peace-president.jpg\" alt=\"\" width=\"453\" height=\"302\" srcset=\"https:\/\/lemotdujour.fr\/wp-content\/uploads\/2025\/10\/Trump-peace-president.jpg 990w, https:\/\/lemotdujour.fr\/wp-content\/uploads\/2025\/10\/Trump-peace-president-300x200.jpg 300w, https:\/\/lemotdujour.fr\/wp-content\/uploads\/2025\/10\/Trump-peace-president-768x512.jpg 768w\" sizes=\"auto, (max-width: 453px) 100vw, 453px\" \/><figcaption id=\"caption-attachment-16579\" class=\"wp-caption-text\">A la Knesset une partie du public porte des casquettes rouges \u00ab\u00a0Trump The Peace President\u00a0\u00bb<\/figcaption><\/figure>\n<p><span style=\"color: #777777; font-family: arial;\">Apr\u00e8s avoir obtenu un cessez le feu, fragile, au moyen-orient, la lib\u00e9ration des otages isra\u00e9liens et de prisonniers palestiniens, il s&rsquo;est rendu \u00e0 J\u00e9rusalem pour faire un discours \u00e0 la Knesset, le 13 octobre. Vous trouverez des larges extraits publi\u00e9s par le site \u00ab <strong>Le Grand Continent<\/strong> \u00bb : \u00ab <a href=\"https:\/\/legrandcontinent.eu\/fr\/2025\/10\/13\/trump-knesset\/\"><span style=\"color: #0000ff;\">C\u2019est la fin de la guerre<\/span><\/a> \u00bb.<\/span><\/p>\n<p><span style=\"color: #777777; font-family: arial;\">Il commence son discours pour pr\u00e9tendre que tout cela est inhabituel, incroyable et que finalement tout va s&rsquo;arranger bient\u00f4t : <\/span><\/p>\n<p style=\"margin-left: 28pt;\"><span style=\"color: #c00000; font-family: arial;\">\u00ab C\u2019est une victoire incroyable pour Isra\u00ebl et pour le monde entier que tous ces pays aient travaill\u00e9 ensemble en tant que partenaires pour la paix. C\u2019est assez inhabituel, mais c\u2019est ce qui s\u2019est pass\u00e9 dans ce cas pr\u00e9cis. C\u2019\u00e9tait un moment tr\u00e8s inhabituel, un moment brillant. Dans plusieurs g\u00e9n\u00e9rations, on se souviendra de ce moment comme celui o\u00f9 tout a commenc\u00e9 \u00e0 changer, et \u00e0 changer pour le mieux, comme aux \u00c9tats-Unis actuellement. Ce sera l\u2019\u00e2ge d\u2019or d\u2019Isra\u00ebl et l\u2019\u00e2ge d\u2019or du Moyen-Orient. Tout va fonctionner ensemble. \u00bb<\/span><\/p>\n<p><span style=\"color: #777777; font-family: arial;\">Nous savons que rien n&rsquo;est r\u00e9gl\u00e9 et que si cette \u00e9tape est indiscutablement une merveilleuse nouvelle pour ceux qui souffraient, c&rsquo;est la plus simple dans un processus de paix qui doit permettre de faire coexister deux peuples qui pour la plus grande part se ha\u00efssent aujourd&rsquo;hui. <\/span><\/p>\n<p><span style=\"color: #777777; font-family: arial;\">Pour continuer, comme souvent il \u00e9voque Dieu mais pas le peuple palestinien : <\/span><\/p>\n<p style=\"margin-left: 28pt;\"><span style=\"color: #c00000; font-family: arial;\">\u00ab Les gens disaient autrefois que cela n\u2019existerait pas. Ils ne le disent plus aujourd\u2019hui, n\u2019est-ce pas ? Pourtant, si la s\u00e9curit\u00e9 et la coexistence peuvent prosp\u00e9rer ici, dans les ruelles sinueuses et les chemins anciens de J\u00e9rusalem, alors la paix et le respect peuvent certainement s\u2019\u00e9panouir parmi les nations du Moyen-Orient au sens large. Le Dieu qui habitait autrefois parmi son peuple dans cette ville nous appelle encore, selon les paroles de l\u2019\u00c9criture, \u00e0 nous d\u00e9tourner du mal et \u00e0 faire le bien, \u00e0 rechercher la paix et \u00e0 la poursuivre. Il murmure donc toujours la v\u00e9rit\u00e9 dans les collines, les coteaux et les vall\u00e9es de sa magnifique cr\u00e9ation. Et Il inscrit toujours l\u2019espoir dans le c\u0153ur de ses enfants partout dans le monde. C\u2019est pourquoi, m\u00eame apr\u00e8s 3 000 ans de souffrances et de conflits, le peuple d\u2019Isra\u00ebl n\u2019a jamais cess\u00e9 d\u2019\u00eatre expos\u00e9 \u00e0 toutes sortes d\u2019autres menaces. Vous voulez la promesse de Sion. Vous voulez la promesse du succ\u00e8s, de l\u2019espoir et de l\u2019amour. Et Dieu et le peuple am\u00e9ricain n\u2019ont jamais perdu la foi en la promesse d\u2019un avenir grand et b\u00e9ni pour nous tous. \u00bb<\/span><\/p>\n<p><span style=\"color: #777777; font-family: arial;\">Ensuite arrive un moment de r\u00e9v\u00e9lation de sa part sur l&rsquo;activit\u00e9 d&rsquo;une milliardaire am\u00e9ricaine ouvertement membre du lobby pro-Netanyahou. Il remercie Miriam Adelson, veuve du milliardaire Sheldon Adelson, \u00e0 la t\u00eate d\u2019une des plus grandes fortunes am\u00e9ricaines, elle avait significativement contribu\u00e9 \u00e0 la campagne de Trump en 2024, avec un don de 106 millions de dollars. Le travail de lobbying existe, mais jamais un pr\u00e9sident ne l&rsquo;a ouvertement reconnu comme Trump : <\/span><\/p>\n<p style=\"margin-left: 28pt;\"><span style=\"color: #c00000; font-family: arial;\">\u00ab Miriam et Sheldon venaient au bureau. Ils m\u2019appelaient. Je pense qu\u2019ils se sont rendus \u00e0 la Maison-Blanche plus souvent que n\u2019importe qui d\u2019autre \u00e0 ma connaissance. Regardez-la, assise l\u00e0, l\u2019air si innocent. Elle a 60 milliards \u00e0 la banque. 60 milliards. Et elle aime Isra\u00ebl, mais elle l\u2019aime vraiment. Ils venaient, et son mari \u00e9tait un homme tr\u00e8s agressif, mais je l\u2019aimais. Il \u00e9tait tr\u00e8s agressif \u2014 mais il me soutenait beaucoup. Et il m\u2019appelait pour me demander s\u2019il pouvait venir me voir. Je lui disais : \u00ab Sheldon, je suis le pr\u00e9sident des \u00c9tats-Unis. \u00c7a ne marche pas comme \u00e7a. \u00bb Il venait quand m\u00eame. Ils ont jou\u00e9 un r\u00f4le tr\u00e8s important dans beaucoup de choses, notamment en me faisant r\u00e9fl\u00e9chir au plateau du Golan, qui est probablement l\u2019une des meilleures choses qui soient jamais arriv\u00e9es. Je lui ai demand\u00e9 un jour si elle pr\u00e9f\u00e9rait Isra\u00ebl et les \u00c9tats-Unis. Elle n\u2019a pas r\u00e9pondu \u2014 ce qui signifie qu\u2019elle pr\u00e9f\u00e8re peut-\u00eatre Isra\u00ebl.\u00bb<\/span><\/p>\n<p><span style=\"color: #777777; font-family: arial;\">Que dire devant un pr\u00e9sident qui parle ainsi devant les cam\u00e9ras du monde entier ?<\/span><\/p>\n<p><span style=\"color: #777777; font-family: arial;\">Lorsqu&rsquo;il parle de la guerre contre l&rsquo;Iran cela donne ces propos d&rsquo;adolescent attard\u00e9 : <\/span><\/p>\n<p style=\"margin-left: 28pt;\"><span style=\"color: #c00000; font-family: arial;\">\u00ab En frappant l\u2019Iran, nous avons \u00e9cart\u00e9 un gros nuage du ciel du Moyen-Orient et d\u2019Isra\u00ebl, et j\u2019ai eu l\u2019honneur d\u2019y contribuer.<br \/>\nIls ont pris un gros coup, n\u2019est-ce pas ? N\u2019est-ce pas qu\u2019ils ont pris un gros coup ? Bon sang, ils l\u2019ont pris d\u2019un c\u00f4t\u00e9, puis de l\u2019autre. Et vous savez, ce serait formidable si nous pouvions conclure un accord de paix avec eux. Et je pense que c\u2019est peut-\u00eatre possible. Seriez-vous satisfait de cela ? Ne serait-ce pas formidable ? Je pense que oui, car je pense qu\u2019ils le veulent, je pense qu\u2019ils sont fatigu\u00e9s. [\u2026]<br \/>\nCe que nous avons fait en juin dernier, l\u2019arm\u00e9e am\u00e9ricaine a fait voler sept de ces magnifiques bombardiers B2. Ils sont soudainement devenus si beaux. Ils l\u2019ont toujours \u00e9t\u00e9. Je trouvais simplement que c\u2019\u00e9taient de jolis avions. Je ne savais pas qu\u2019ils pouvaient faire ce qu\u2019ils ont fait. En fait, nous venons d\u2019en commander vingt-huit autres. \u00bb<\/span><\/p>\n<p><span style=\"color: #777777; font-family: arial;\">C&rsquo;est affligeant et effrayant \u00e0 la fois ! <\/span><\/p>\n<p><span style=\"color: #777777; font-family: arial;\">Apr\u00e8s la Knesset, le pr\u00e9sident am\u00e9ricain s&rsquo;est rendu en Egypte, \u00e0 Charm-el-Cheik, le 14 octobre, o\u00f9 l&rsquo;attendait quasi tous les chefs d&rsquo;Etat ou de gouvernement des pays de la R\u00e9gion et des principaux pays occidentaux. Il s&rsquo;est lanc\u00e9 dans un nouveau discours sans structure et consistance. Ce discours est traduit int\u00e9gralement par le Grand Continent : \u00ab <a href=\"https:\/\/legrandcontinent.eu\/fr\/2025\/10\/14\/trump-egypte-discours-vassalisation\/\"><span style=\"color: #0000ff;\">Trump en Egypte<\/span><\/a> \u00bb<\/span><\/p>\n<p><span style=\"color: #777777; font-family: arial;\">Il commence par prouver qu\u2019il ignore ce que signifie le mot \u00ab paix \u00bb entre les nations : <\/span><\/p>\n<p style=\"margin-left: 28pt;\"><span style=\"color: #c00000; font-family: arial;\"> \u00ab Ensemble, nous avons r\u00e9alis\u00e9 ce que tout le monde disait impossible. Nous avons enfin la paix au Moyen-Orient. C\u2019est une expression tr\u00e8s simple : la paix au Moyen-Orient. Nous l\u2019entendons depuis de nombreuses ann\u00e9es, mais personne ne pensait qu\u2019elle pourrait un jour devenir r\u00e9alit\u00e9. Et maintenant, nous y sommes. \u00bb <\/span><\/p>\n<p><span style=\"color: #777777; font-family: arial;\">Apr\u00e8s il raconte un conte pour enfants : <\/span><\/p>\n<p style=\"margin-left: 28pt;\"><span style=\"color: #c00000; font-family: arial;\"> \u00ab L\u2019aide humanitaire afflue d\u00e9sormais, notamment des centaines de camions charg\u00e9s de nourriture, de mat\u00e9riel m\u00e9dical et d\u2019autres fournitures, [\u2026] Les otages retrouvent leurs proches. C\u2019est magnifique ! Je regarde tout cela depuis les coulisses, l\u2019amour et la tristesse qui s\u2019expriment. Je n\u2019ai jamais rien vu de tel. C\u2019est incroyable, quand on voit qu\u2019ils n\u2019ont pas vu leur m\u00e8re ou leur p\u00e8re depuis si longtemps et qu\u2019ils ont v\u00e9cu dans un tunnel, un tr\u00e8s petit et tr\u00e8s profond tunnel ; l\u2019amour qui s\u2019exprime est tout simplement incroyable. C\u2019est magnifique \u00e0 voir. D\u2019un c\u00f4t\u00e9, c\u2019est horrible que cela ait pu se produire, mais d\u2019un autre, c\u2019est tellement beau \u00e0 voir. Un nouveau jour magnifique se l\u00e8ve. Et maintenant, la reconstruction commence. \u00bb <\/span><\/p>\n<figure id=\"attachment_16581\" aria-describedby=\"caption-attachment-16581\" style=\"width: 1280px\" class=\"wp-caption alignnone\"><img loading=\"lazy\" decoding=\"async\" class=\"size-full wp-image-16581\" src=\"https:\/\/lemotdujour.fr\/wp-content\/uploads\/2025\/10\/Charm-el-Cheik.jpg\" alt=\"\" width=\"1280\" height=\"720\" srcset=\"https:\/\/lemotdujour.fr\/wp-content\/uploads\/2025\/10\/Charm-el-Cheik.jpg 1280w, https:\/\/lemotdujour.fr\/wp-content\/uploads\/2025\/10\/Charm-el-Cheik-300x169.jpg 300w, https:\/\/lemotdujour.fr\/wp-content\/uploads\/2025\/10\/Charm-el-Cheik-1024x576.jpg 1024w, https:\/\/lemotdujour.fr\/wp-content\/uploads\/2025\/10\/Charm-el-Cheik-768x432.jpg 768w\" sizes=\"auto, (max-width: 1280px) 100vw, 1280px\" \/><figcaption id=\"caption-attachment-16581\" class=\"wp-caption-text\">La photo \u00ab\u00a0souvenir\u00a0\u00bb du sommet de Charm-el-Cheik<\/figcaption><\/figure>\n<p><span style=\"color: #777777; font-family: arial;\">Puis il va passer la plus grande partie de son discours \u00e0 parler des diff\u00e9rents pr\u00e9sents de la mani\u00e8re suivante : <\/span><\/p>\n<p><span style=\"color: #777777; font-family: arial;\">L\u2019\u00e9mir du Qatar <\/span><\/p>\n<p style=\"margin-left: 28pt;\"><span style=\"color: #c00000; font-family: arial;\"> \u00ab C\u2019est un homme extr\u00eamement respect\u00e9. Son Altesse le cheikh Tamim est respect\u00e9 par tous. Il est respect\u00e9 par tous et de la mani\u00e8re la plus positive qui soit. Non seulement gr\u00e2ce \u00e0 son pouvoir, mais aussi gr\u00e2ce \u00e0 son c\u0153ur. Il a un c\u0153ur d\u2019or, c\u2019est un grand leader et son pays l\u2019aime. Merci beaucoup d\u2019\u00eatre ici. C\u2019est un honneur. \u00bb <\/span><\/p>\n<p><span style=\"color: #777777; font-family: arial;\">Le Pr\u00e9sident turc Erdogan : <\/span><\/p>\n<p style=\"margin-left: 28pt;\"><span style=\"color: #c00000; font-family: arial;\"> \u00ab Il est toujours l\u00e0 quand j\u2019ai besoin de lui. C\u2019est un homme tr\u00e8s dur. Il est aussi dur qu\u2019on peut l\u2019\u00eatre. Mais nous l\u2019aimons. Et quand ils ont un probl\u00e8me avec vous, ils m\u2019appellent toujours pour que je m\u2019en occupe. Et g\u00e9n\u00e9ralement, j\u2019y parviens. Nous avons tout simplement une bonne relation. Et ce, depuis le d\u00e9but. Je tiens donc \u00e0 vous remercier chaleureusement et \u00e0 saluer votre \u00e9pouse, votre magnifique \u00e9pouse. C\u2019est formidable d\u2019\u00eatre avec vous.. \u00bb <\/span><\/p>\n<p><span style=\"color: #777777; font-family: arial;\">Les pr\u00e9sidents arm\u00e9niens et d\u2019Azerba\u00efdjan : <\/span><\/p>\n<p style=\"margin-left: 28pt;\"><span style=\"color: #c00000; font-family: arial;\"> \u00ab Nous avons l\u2019Arm\u00e9nie. Oh, et l\u2019Azerba\u00efdjan. C\u2019est une petite guerre que nous avons arr\u00eat\u00e9e. C\u2019est une petite guerre. Les voil\u00e0. Regardez-les. Ils \u00e9taient aussi assis quand je les ai rencontr\u00e9s, dans le Bureau ovale. Ils se sont battus pendant trente-et-un ans, ou un autre nombre d\u00e9lirant. Et il y en avait un assis de ce c\u00f4t\u00e9 du Bureau ovale, un assis de l\u2019autre c\u00f4t\u00e9, et quand nous avons termin\u00e9 au bout d\u2019une heure, ils s\u2019\u00e9treignaient tous les deux. Et maintenant, ils sont amis et s\u2019entendent tr\u00e8s bien. Regardez \u00e7a. Je tiens donc \u00e0 vous remercier tous les deux. C\u2019est incroyable. Vraiment incroyable. \u00bb <\/span><\/p>\n<p><span style=\"color: #777777; font-family: arial;\">Il va passer ainsi tout le monde en revue et il dira pour la premi\u00e8re ministre italienne Giorgia Meloni, : <\/span><\/p>\n<p style=\"margin-left: 28pt;\"><span style=\"color: #c00000; font-family: arial;\"> \u00ab En Italie, nous avons une femme, une jeune femme qui est\u2026 Je ne peux pas le dire, car g\u00e9n\u00e9ralement, si vous le dites, c\u2019est la fin de votre carri\u00e8re politique. C\u2019est une belle jeune femme. Aux \u00c9tats-Unis, si vous utilisez le mot \u00ab belle \u00bb pour qualifier une femme, c\u2019est la fin de votre carri\u00e8re politique. Mais je vais tenter ma chance. O\u00f9 est-elle ? La voil\u00e0. \u00c7a ne vous d\u00e9range pas qu\u2019on vous dise que vous \u00eates belle, n\u2019est-ce pas ? Parce que vous l\u2019\u00eates. Merci beaucoup d\u2019\u00eatre venue. Nous vous en sommes reconnaissants. Elle voulait \u00eatre ici, elle est incroyable et elle est tr\u00e8s respect\u00e9e en Italie. C\u2019est une politicienne qui a beaucoup de succ\u00e8s. \u00bb <\/span><\/p>\n<p><span style=\"color: #777777; font-family: arial;\">Il pr\u00e9sente ensuite l\u2019avenir sous une vision radieuse \u00ab orient\u00e9e vers une paix formidable, glorieuse et durable. \u00bb. <\/span><\/p>\n<p><span style=\"color: #777777; font-family: arial;\"> Il s\u2019inscrit dans les mill\u00e9naires et s\u2019il est \u00e9crit dans les \u00e9vangiles que le Christ permettait aux aveugles de voir, Trump lui parvient \u00e0 r\u00e9aliser que ceux qui ne s\u2019entendaient pas s\u2019entendent d\u00e9sormais. <\/span><\/p>\n<p style=\"margin-left: 28pt;\"><span style=\"color: #c00000; font-family: arial;\"> \u00ab Et depuis 3 000 ans, il y a eu ici des conflits, pour une raison ou une autre ; d\u2019\u00e9normes conflits, toujours et encore. Mais aujourd\u2019hui, pour la premi\u00e8re fois de m\u00e9moire d\u2019homme, nous avons une chance unique de mettre derri\u00e8re nous les vieilles querelles et les haines tenaces. Elles sont la raison pour laquelle tant de personnes dans cette salle ne s\u2019entendaient pas. Certaines s\u2019entendaient, d\u2019autres non, mais toutes s\u2019entendent maintenant. Cela a rapproch\u00e9 les gens. C\u2019est la premi\u00e8re fois que la crise au Moyen-Orient rapproche les gens au lieu de les diviser, pour leur faire d\u00e9clarer que notre avenir ne sera pas r\u00e9gi par les luttes des g\u00e9n\u00e9rations pass\u00e9es, ce qui serait insens\u00e9. \u00bb <\/span><\/p>\n<p><span style=\"color: #777777; font-family: arial;\">Je crois qu\u2019il faut s\u2019astreindre \u00e0 lire les discours de Trump pour r\u00e9aliser \u00e0 quel point ils sont vides, d\u2019une vacuit\u00e9 absolue. <\/span><\/p>\n<p><span style=\"color: #777777; font-family: arial;\">Bien entendu que la Paix ne peut pas se trouver au bout d\u2019un tel n\u00e9ant de la pens\u00e9e. <\/span><\/p>\n<p><span style=\"color: #777777; font-family: arial;\"><strong>Hakim El Karoui,<\/strong> auteur de \u00ab Isra\u00ebl Palestine, une id\u00e9e de paix \u00bb explique dans un long article du Grand Continent : \u00ab <a href=\"https:\/\/legrandcontinent.eu\/fr\/2025\/10\/15\/la-paix-de-trump-naura-pas-lieu\/\"><span style=\"color: #0000ff;\">La paix de Trump n\u2019aura pas lieu<\/span><\/a> \u00bb.<\/span><\/p>\n<p><span style=\"color: #777777; font-family: arial;\">La principale raison \u00e9tant qu\u2019aucune perspective n\u2019est offerte au peuple palestinien pour reconna\u00eetre sa dignit\u00e9 et son existence sur cette terre.<\/span><\/p>\n","protected":false},"excerpt":{"rendered":"<p>\u00ab Ainsi parlait Donald Trump \u00bb Un clin d&rsquo;\u0153il \u00e0 un c\u00e9l\u00e8bre ouvrage de Friedrich Nietzsche J&rsquo;aime les mots. Je crois que nous sommes nombreux \u00e0 aimer les mots, ceux qui ont du sens, qui permettent d&rsquo;exprimer de la profondeur,<\/p>\n","protected":false},"author":1,"featured_media":0,"comment_status":"open","ping_status":"closed","sticky":false,"template":"","format":"standard","meta":{"footnotes":""},"categories":[1],"tags":[65,151,201],"class_list":["post-16576","post","type-post","status-publish","format-standard","hentry","category-motdujour","tag-etats-unis","tag-israel","tag-palestine"],"_links":{"self":[{"href":"https:\/\/lemotdujour.fr\/index.php?rest_route=\/wp\/v2\/posts\/16576","targetHints":{"allow":["GET"]}}],"collection":[{"href":"https:\/\/lemotdujour.fr\/index.php?rest_route=\/wp\/v2\/posts"}],"about":[{"href":"https:\/\/lemotdujour.fr\/index.php?rest_route=\/wp\/v2\/types\/post"}],"author":[{"embeddable":true,"href":"https:\/\/lemotdujour.fr\/index.php?rest_route=\/wp\/v2\/users\/1"}],"replies":[{"embeddable":true,"href":"https:\/\/lemotdujour.fr\/index.php?rest_route=%2Fwp%2Fv2%2Fcomments&post=16576"}],"version-history":[{"count":7,"href":"https:\/\/lemotdujour.fr\/index.php?rest_route=\/wp\/v2\/posts\/16576\/revisions"}],"predecessor-version":[{"id":16588,"href":"https:\/\/lemotdujour.fr\/index.php?rest_route=\/wp\/v2\/posts\/16576\/revisions\/16588"}],"wp:attachment":[{"href":"https:\/\/lemotdujour.fr\/index.php?rest_route=%2Fwp%2Fv2%2Fmedia&parent=16576"}],"wp:term":[{"taxonomy":"category","embeddable":true,"href":"https:\/\/lemotdujour.fr\/index.php?rest_route=%2Fwp%2Fv2%2Fcategories&post=16576"},{"taxonomy":"post_tag","embeddable":true,"href":"https:\/\/lemotdujour.fr\/index.php?rest_route=%2Fwp%2Fv2%2Ftags&post=16576"}],"curies":[{"name":"wp","href":"https:\/\/api.w.org\/{rel}","templated":true}]}}