{"id":16562,"date":"2025-09-22T01:53:35","date_gmt":"2025-09-21T23:53:35","guid":{"rendered":"https:\/\/lemotdujour.fr\/?p=16562"},"modified":"2025-09-23T12:47:21","modified_gmt":"2025-09-23T10:47:21","slug":"lundi-22-septembre-2025","status":"publish","type":"post","link":"https:\/\/lemotdujour.fr\/?p=16562","title":{"rendered":"Lundi 22 septembre 2025"},"content":{"rendered":"<div class=\"mdjTexte\">\u00ab J&rsquo;esp\u00e8re que Dieu n&rsquo;existe pas ! \u00bb<\/div>\n<div class=\"mdjAuteur\">Y le personnage principal du film \u00ab Oui \u00bb de Nadav LAPID<\/div>\n<p><span style=\"color: #777777; font-family: arial;\">Annie et moi sommes all\u00e9s voir, ce vendredi, le film \u00ab<strong> Oui<\/strong> \u00bb de Nadav LAPID. <\/span><\/p>\n<p><span style=\"color: #777777; font-family: arial;\">Je crois que je ne suis jamais sorti d\u2019un film en portant un malaise plus grand, tant ce film est sombre, d\u00e9rangeant avec, en outre, une bande son souvent extr\u00eamement agressive. Par moment on pense \u00e0 Fellini ou \u00e0 Pasolini mais sans la po\u00e9sie et en comprenant que m\u00eame si, comme pour les deux ma\u00eetres italiens, il s\u2019agit d\u2019une fiction, en r\u00e9alit\u00e9 Nadav Lapid veut nous faire percevoir une certaine r\u00e9alit\u00e9 isra\u00e9lienne d\u2019aujourd\u2019hui, une r\u00e9alit\u00e9 terrifiante.<\/span><\/p>\n<p><span style=\"color: #777777; font-family: arial;\"><img loading=\"lazy\" decoding=\"async\" class=\"size-full wp-image-16565 alignleft\" src=\"https:\/\/lemotdujour.fr\/wp-content\/uploads\/2025\/09\/OUI1.jpg\" alt=\"\" width=\"310\" height=\"420\" srcset=\"https:\/\/lemotdujour.fr\/wp-content\/uploads\/2025\/09\/OUI1.jpg 310w, https:\/\/lemotdujour.fr\/wp-content\/uploads\/2025\/09\/OUI1-221x300.jpg 221w\" sizes=\"auto, (max-width: 310px) 100vw, 310px\" \/>Le film se situe d\u2019abord dans une f\u00eate totalement d\u00e9jant\u00e9e au sein d\u2019une \u00e9lite \u00e9conomique et militaire de Tel Aviv. Un couple d\u2019artistes d\u00e9sargent\u00e9s est employ\u00e9 pour divertir et pousser cette \u00e9lite jusqu\u2019\u00e0 la limite de la folie, des orgies sexuelles et des paradis artificiels. Ce couple a un b\u00e9b\u00e9 avec lequel ils se comporte \u00e0 peu pr\u00e8s comme des parents normaux. Mais c\u2019est la seule normalit\u00e9 qu\u2019on per\u00e7oit chez eux, pour le reste pour reprendre la description du \u00ab Monde \u00bb : \u00ab ils se vautrent, sans \u00e9tat d\u2019\u00e2me, dans le stupre et la turpitude. Ils veulent r\u00e9ussir, \u00e0 n\u2019importe quel prix. \u00bb<\/span><\/p>\n<p><span style=\"color: #777777; font-family: arial;\">Nous sommes dans un Isra\u00ebl qui vient de vivre le traumatisme du 7 octobre 2023 et a commenc\u00e9 de d\u00e9verser des tonnes de bombes sur Gaza. La femme, Jasmine, est danseuse, mais le h\u00e9ros principal, Y, est musicien. Alors qu\u2019il est \u00e0 la recherche d\u2019un contrat susceptible de le sortir de la pr\u00e9carit\u00e9, un oligarque d\u2019origine russe lui propose ce qu\u2019il cherche : beaucoup d\u2019argent pour composer un nouvel hymne national dont les paroles sont explicitement g\u00e9nocidaires. Y entretient un dialogue mystique avec sa m\u00e8re d\u00e9c\u00e9d\u00e9e qui \u00e9tait de gauche. Y n\u2019aime pas ce texte horrible, mais il va c\u00e9der et composer la musique. <\/span><\/p>\n<p><span style=\"color: #777777; font-family: arial;\">Tout dans son \u00eatre le pousserait \u00e0 dire \u00ab Non \u00bb mais il va dire \u00ab Oui \u00bb, le \u00ab Oui \u00bb de la soumission.<\/span><\/p>\n<p><span style=\"color: #777777; font-family: arial;\">Le philosophe Alain a d\u00e9crit la diff\u00e9rence entre le \u00ab Oui \u00bb et le \u00ab Non \u00bb : <\/span><\/p>\n<p style=\"margin-left: 28pt;\"><span style=\"color: #c00000; font-family: arial;\">\u00ab Penser, c&rsquo;est dire non. Remarquez que le signe du oui est d&rsquo;un homme qui s&rsquo;endort ; au contraire le r\u00e9veil secoue la t\u00eate et dit non.<br \/>\nNon \u00e0 quoi ? Au monde, au tyran, au pr\u00eacheur ? Ce n&rsquo;est que l&rsquo;apparence. En tous ces cas-l\u00e0, c&rsquo;est \u00e0 elle-m\u00eame que la pens\u00e9e dit non. Elle rompt l&rsquo;heureux acquiescement. Elle se s\u00e9pare d&rsquo;elle-m\u00eame. Elle combat contre elle-m\u00eame. Il n&rsquo;y a pas au monde d&rsquo;autre combat. Ce qui fait que le monde me trompe par ses perspectives, ses brouillards, ses chocs d\u00e9tourn\u00e9s, c&rsquo;est que je consens, c&rsquo;est que je ne cherche pas autre chose. Et ce qui fait que le tyran est ma\u00eetre de moi, c&rsquo;est que je respecte au lieu d&rsquo;examiner.<br \/>\nM\u00eame une doctrine vraie, elle tombe au faux par cette somnolence.<br \/>\nC&rsquo;est par croire que les hommes sont esclaves. R\u00e9fl\u00e9chir, c&rsquo;est nier ce que l&rsquo;on croit. Qui croit ne sait m\u00eame plus ce qu&rsquo;il croit. Qui se contente de sa pens\u00e9e ne pense plus rien. \u00bb<br \/>\n<em>Alain Propos sur les pouvoirs, \u00ab\u00a0L&rsquo;homme devant l&rsquo;apparence\u00a0\u00bb, 19 janvier 1924, n\u00b0 139<\/em><\/span><\/p>\n<p><span style=\"color: #777777; font-family: arial;\"><img loading=\"lazy\" decoding=\"async\" class=\" wp-image-16566 alignleft\" src=\"https:\/\/lemotdujour.fr\/wp-content\/uploads\/2025\/09\/OUI2.jpg\" alt=\"\" width=\"412\" height=\"171\" srcset=\"https:\/\/lemotdujour.fr\/wp-content\/uploads\/2025\/09\/OUI2.jpg 643w, https:\/\/lemotdujour.fr\/wp-content\/uploads\/2025\/09\/OUI2-300x125.jpg 300w\" sizes=\"auto, (max-width: 412px) 100vw, 412px\" \/>Pour trouver l\u2019inspiration Y quitte le foyer familial et convoque un amour de jeunesse, rencontr\u00e9 au conservatoire de musique, Leah. <\/span><\/p>\n<p><span style=\"color: #777777; font-family: arial;\">Elle est jou\u00e9e par une remarquable actrice Naama Preis qui est devenue propagandiste pour Tsahal, parce qu&rsquo;elle n&rsquo;a pas trouv\u00e9 d&rsquo;autre job pour gagner sa vie.. Avec elle, il va prendre la route du d\u00e9sert vers Gaza. Pendant le voyage Leah, sur la demande d\u2019Y, raconte le 7 octobre et d\u00e9crit aussi les horreurs de Gaza. Naama Preis cr\u00e9e un moment de trag\u00e9die, le plus fort du film. <\/span><\/p>\n<p><span style=\"color: #777777; font-family: arial;\">Leur p\u00e9riple les am\u00e8ne en haut d\u2019un monticule qui a pour nom \u00ab la colline d\u2019amour \u00bb sur lequel ils voient Gaza envahie de fum\u00e9e et entendent le bruit des missiles qui tombent. C\u2019est \u00e0 ce moment que Y s\u2019\u00e9crie : \u00ab <strong>J\u2019esp\u00e8re que Dieu n\u2019existe pas !<\/strong> \u00bb <\/span><\/p>\n<p><span style=\"color: #777777; font-family: arial;\">Woody Allen a une autre formule : <\/span><\/p>\n<p style=\"margin-left: 28pt;\"><span style=\"color: #c00000; font-family: arial;\">\u00ab Si Dieu existe, j\u2019esp\u00e8re qu\u2019il a une bonne excuse. \u00bb <\/span><\/p>\n<p><span style=\"color: #777777; font-family: arial;\">Je sais bien que ces paroles sont insupportables pour mes amis croyants pour qui leur Foi est source de consolation et de force pour agir pour le bien. J\u2019\u00e9tais moi-m\u00eame un croyant fervent autour de mes 20 ans. Je comprends intimement cet \u00e9lan vers la transcendance et la douce voix int\u00e9rieure qui rend soutenable ce qui peut \u00eatre si lourd. <\/span><\/p>\n<p><span style=\"color: #777777; font-family: arial;\">Je ne parle pas de cela. Je parle des religions, de ces structures qui ont \u00e0 leur t\u00eate des hommes, parce que c\u2019est toujours des m\u00e2les, qui parlent, dans leurs offices, de paix et de pardon mais qui dans leurs actions soutiennent et provoquent la destruction. <\/span><\/p>\n<p><span style=\"color: #777777; font-family: arial;\">Je parle de la religion orthodoxe dont le Patriarche de Moscou est un ancien agent du KGB et qui conseille Poutine et couvre ses actions les plus infames. <\/span><\/p>\n<p><span style=\"color: #777777; font-family: arial;\">Je parle des \u00e9vang\u00e9listes blancs am\u00e9ricains, qui sont les soutiens les plus fervents de Donald Trump et qui soutiennent Isra\u00ebl parce que dans leur vision mill\u00e9nariste de fin du monde, ils croient que leur d\u00e9sir ne pourra \u00eatre accompli que si tous les juifs se retrouvent sur la terre de la Jud\u00e9e antique. <\/span><\/p>\n<p><span style=\"color: #777777; font-family: arial;\"> Je parle des messianistes juifs qui veulent reconstruire le temple de J\u00e9rusalem m\u00eame au prix d\u2019une guerre sans fin avec tous les musulmans. <\/span><\/p>\n<p><span style=\"color: #777777; font-family: arial;\">Je parle des islamistes radicaux qui divisent le monde entre \u00ab haram \u00bb et \u00ab halal \u00bb et pour lesquels la vie humaine n\u2019a aucune valeur devant le dogme. <\/span><\/p>\n<p><span style=\"color: #777777; font-family: arial;\">L\u2019\u00e9mission \u00ab <strong>C Politique<\/strong> \u00bb de France 5 du dimanche 21 septembre 2025 parlent des croyances des \u00e9vang\u00e9listes am\u00e9ricains. Et pour revenir \u00e0 notre sujet d\u2019aujourd\u2019hui vous pouvez \u00e9couter le grand sp\u00e9cialiste de l\u2019Histoire du Moyen Orient, <strong>Henry Laurens<\/strong> sur le probl\u00e8me du sacr\u00e9 et de la religion dans le conflit isra\u00e9lo-palestinien : \u00ab <a href=\"https:\/\/www.youtube.com\/watch?v=m_utyza44Zs\"><span style=\"color: #0000ff;\">Question juive, probl\u00e8me arabe<\/span><\/a> \u00bb. Pour lui c\u2019est simple, le fait qu\u2019on ajoute de la religion \u00e0 un probl\u00e8me territorial rend ce conflit insurmontable. <\/span><\/p>\n<p><span style=\"color: #777777; font-family: arial;\">Ce film suscite des r\u00e9actions contrast\u00e9es de la critique fran\u00e7aise. A France Inter et sur le plateau de \u00ab C ce soir \u00bb, d\u00e9j\u00e0 cit\u00e9s dans le mot du jour du 17 septembre 2025, les avis \u00e9taient \u00e9logieux.<\/span><\/p>\n<p><span style=\"color: #777777; font-family: arial;\">Dans \u00ab le Monde \u00bb, Jacques Mandelbaum \u00e9crit dans son article publi\u00e9 le 17 septembre : <\/span><\/p>\n<p style=\"margin-left: 28pt;\"><span style=\"color: #c00000; font-family: arial;\">\u00ab Quelque chose d\u2019assez repoussant \u00e0 concevoir, douloureux \u00e0 recevoir, captivant \u00e0 percevoir. \u00bb<\/span><\/p>\n<p><span style=\"color: #777777; font-family: arial;\">Dans \u00ab les Cahiers du Cin\u00e9ma \u00bb \u00c9lodie Tamayo est plus lyrique : <\/span><\/p>\n<p style=\"margin-left: 28pt;\"><span style=\"color: #c00000; font-family: arial;\">\u00ab Et pourtant ce film dit oui, un oui tonitruant. \u00c0 quoi\u2009? Au d\u00e9sir de faire du cin\u00e9ma, m\u00eame impossible, m\u00eame monstre. Alors Lapid convoque les forces vives de genres h\u00e9t\u00e9rog\u00e8nes. Le prisme tourne entre le film d\u2019amour \u00e9pileptique, version Sailor et Lula \u00e0 Tel-Aviv ; la fiction politique d\u00e9cadente , le cartoon brutal, la com\u00e9die musicale d\u00e9sesp\u00e9r\u00e9e, le cirque fellinien, et l\u2019ombre de Tobe Hooper plane sur des d\u00e9cors de piscine \u00e0 balles. Les curseurs sont pouss\u00e9s au maximum, dans un geyser de couleurs, une explosion de textures sonores, un vortex de mouvements de cam\u00e9ra et d\u2019effets sp\u00e9ciaux. On oscille entre la secousse organique, l\u2019\u00e9veil des sens, et l\u2019\u00e9tourdissement. \u00bb <\/span><\/p>\n<p><span style=\"color: #777777; font-family: arial;\">Dans \u00ab le Figaro \u00bb du 17 septembre Etienne Sorin est brutal : <\/span><\/p>\n<p style=\"margin-left: 28pt;\"><span style=\"color: #c00000; font-family: arial;\">\u00ab Amos Gita\u00ef et Ari Folman perdus de vue, Lapid, conscience n\u00e9cessaire mais pi\u00e8tre cin\u00e9aste, est l&rsquo;une des rares voix dissonantes dans le paysage artistique isra\u00e9lien. Elle fait du bruit mais elle porte peu, confinant son cin\u00e9ma pamphl\u00e9taire \u00e0 un public confidentiel. \u00bb <\/span><\/p>\n<p><span style=\"color: #777777; font-family: arial;\"> Ce film est une charge tr\u00e8s violente contre l\u2019\u00e9lite isra\u00e9lienne et m\u00eame l\u2019ensemble de la soci\u00e9t\u00e9 isra\u00e9lienne. Dans son interview \u00e0 France Inter, le r\u00e9alisateur explique :\u00a0 <\/span><\/p>\n<p style=\"margin-left: 28pt;\"><span style=\"color: #c00000; font-family: arial;\">\u00ab Si je dois quelque chose \u00e0 mon pays, et si des artistes doivent quelque chose \u00e0 ce monde, c&rsquo;est dire leur v\u00e9rit\u00e9 avec la voix la plus lucide, la plus claire. [Il fait r\u00e9f\u00e9rence \u00e0 ces] proph\u00e8tes bibliques qui disaient au peuple parfois des choses tr\u00e8s, tr\u00e8s dures \u00e0 entendre, mais qui disaient au peuple la v\u00e9rit\u00e9, afin de retirer ce voile qui couvre les yeux et qui suscite cet aveuglement. \u00bb <\/span><\/p>\n<p><span style=\"color: #777777; font-family: arial;\"><img loading=\"lazy\" decoding=\"async\" class=\" wp-image-16567 alignright\" src=\"https:\/\/lemotdujour.fr\/wp-content\/uploads\/2025\/09\/OUI3.jpg\" alt=\"\" width=\"412\" height=\"172\" srcset=\"https:\/\/lemotdujour.fr\/wp-content\/uploads\/2025\/09\/OUI3.jpg 650w, https:\/\/lemotdujour.fr\/wp-content\/uploads\/2025\/09\/OUI3-300x125.jpg 300w\" sizes=\"auto, (max-width: 412px) 100vw, 412px\" \/>Pour ma part, je ne sais pas \u00e0 quoi sert ce type de film. Je pense que beaucoup d\u2019isra\u00e9liens ne se reconna\u00eetront par dans l\u2019image d\u2019une \u00e9lite hors sol et d\u00e9prav\u00e9e. Les palestiniens et leurs d\u00e9fenseurs seront fortifi\u00e9s dans leurs certitudes n\u00e9gatives contre la soci\u00e9t\u00e9 isra\u00e9lienne. Les mod\u00e9r\u00e9s, comme moi, ne peuvent sortir qu&rsquo;an\u00e9antis devant un film sans esp\u00e9rance. <\/span><\/p>\n<p><span style=\"color: #777777; font-family: arial;\">C&rsquo;est pourquoi, je voudrais finir avec ce po\u00e8me de <strong>Paul Eluard<\/strong>, d\u00e9j\u00e0 cit\u00e9 et \u00e9crit dans son recueil \u00ab\u00a0Le Ph\u00e9nix\u00a0\u00bb<\/span><\/p>\n<p style=\"margin-left: 28pt;\"><span style=\"color: #c00000; font-family: Arial;\">\u00abLa nuit n\u2019est jamais compl\u00e8te<br \/>\nIl y a toujours puisque je le dis<br \/>\nPuisque je l\u2019affirme<br \/>\nAu bout du chagrin<br \/>\nune fen\u00eatre ouverte<br \/>\nUne fen\u00eatre \u00e9clair\u00e9e<br \/>\nIl y a toujours un r\u00eave qui veille<br \/>\nD\u00e9sir \u00e0 combler faim \u00e0 satisfaire<br \/>\nUn c\u0153ur g\u00e9n\u00e9reux<br \/>\nUne main tendue une main ouverte<br \/>\nDes yeux attentifs<br \/>\nUne vie la vie \u00e0 se partager.\u00bb<\/span><\/p>\n<p style=\"margin-left: 28pt;\">\n","protected":false},"excerpt":{"rendered":"<p>\u00ab J&rsquo;esp\u00e8re que Dieu n&rsquo;existe pas ! \u00bb Y le personnage principal du film \u00ab Oui \u00bb de Nadav LAPID Annie et moi sommes all\u00e9s voir, ce vendredi, le film \u00ab Oui \u00bb de Nadav LAPID. Je crois que je<\/p>\n","protected":false},"author":1,"featured_media":0,"comment_status":"open","ping_status":"closed","sticky":false,"template":"","format":"standard","meta":{"footnotes":""},"categories":[1],"tags":[25,219,151,201],"class_list":["post-16562","post","type-post","status-publish","format-standard","hentry","category-motdujour","tag-cinema","tag-guerre","tag-israel","tag-palestine"],"_links":{"self":[{"href":"https:\/\/lemotdujour.fr\/index.php?rest_route=\/wp\/v2\/posts\/16562","targetHints":{"allow":["GET"]}}],"collection":[{"href":"https:\/\/lemotdujour.fr\/index.php?rest_route=\/wp\/v2\/posts"}],"about":[{"href":"https:\/\/lemotdujour.fr\/index.php?rest_route=\/wp\/v2\/types\/post"}],"author":[{"embeddable":true,"href":"https:\/\/lemotdujour.fr\/index.php?rest_route=\/wp\/v2\/users\/1"}],"replies":[{"embeddable":true,"href":"https:\/\/lemotdujour.fr\/index.php?rest_route=%2Fwp%2Fv2%2Fcomments&post=16562"}],"version-history":[{"count":7,"href":"https:\/\/lemotdujour.fr\/index.php?rest_route=\/wp\/v2\/posts\/16562\/revisions"}],"predecessor-version":[{"id":16574,"href":"https:\/\/lemotdujour.fr\/index.php?rest_route=\/wp\/v2\/posts\/16562\/revisions\/16574"}],"wp:attachment":[{"href":"https:\/\/lemotdujour.fr\/index.php?rest_route=%2Fwp%2Fv2%2Fmedia&parent=16562"}],"wp:term":[{"taxonomy":"category","embeddable":true,"href":"https:\/\/lemotdujour.fr\/index.php?rest_route=%2Fwp%2Fv2%2Fcategories&post=16562"},{"taxonomy":"post_tag","embeddable":true,"href":"https:\/\/lemotdujour.fr\/index.php?rest_route=%2Fwp%2Fv2%2Ftags&post=16562"}],"curies":[{"name":"wp","href":"https:\/\/api.w.org\/{rel}","templated":true}]}}