{"id":16559,"date":"2025-09-17T00:21:00","date_gmt":"2025-09-16T22:21:00","guid":{"rendered":"https:\/\/lemotdujour.fr\/?p=16559"},"modified":"2025-09-18T00:37:26","modified_gmt":"2025-09-17T22:37:26","slug":"mercredi-17-septembre-2025","status":"publish","type":"post","link":"https:\/\/lemotdujour.fr\/?p=16559","title":{"rendered":"Mercredi 17 septembre 2025"},"content":{"rendered":"<div class=\"mdjTexte\">\u00ab Gaza br\u00fble \u00bb<\/div>\n<div class=\"mdjAuteur\">Isra\u00ebl Katz, le ministre de la D\u00e9fense isra\u00e9lien<\/div>\n<p><span style=\"color: #777777; font-family: arial;\">C&rsquo;est mardi 16 septembre au matin que le ministre de la d\u00e9fense isra\u00e9lien a \u00e9crit cette phrase : \u00ab Gaza br\u00fble \u00bb. Et parall\u00e8lement, Isra\u00ebl a lanc\u00e9 l\u2019offensive terrestre, dans la nuit du 15 au 16 septembre, sur la ville de Gaza, baptis\u00e9e \u00ab op\u00e9ration Chars de G\u00e9d\u00e9on II \u00bb. <\/span><\/p>\n<p><span style=\"color: #777777; font-family: arial;\">L&rsquo;objectif d\u00e9clar\u00e9 est de faire plier le Hamas dans son dernier bastion et d\u2019obtenir la lib\u00e9ration des 48 derniers otages dont seulement 20 sont pr\u00e9sum\u00e9s encore en vie. <\/span><\/p>\n<p><span style=\"color: #777777; font-family: arial;\">Est ce que cet objectif est r\u00e9aliste ? <\/span><\/p>\n<p><span style=\"color: #777777; font-family: arial;\">Pour l&rsquo;instant, la guerre de presque 2 ans, ne donne pas beaucoup de cr\u00e9dibilit\u00e9 \u00e0 la r\u00e9alisation de cet objectif. Dans leur folie meurtri\u00e8re, les terroristes du Hamas entraineront certainement leurs otages dans la mort, juste avant de succomber.<\/span><\/p>\n<p><span style=\"color: #777777; font-family: arial;\">Selon cet article de \u00ab <a href=\"https:\/\/www.courrierinternational.com\/article\/guerre-gaza-brule-israel-lance-son-offensive-principale-sur-la-ville_235191\"><span style=\"color: #0000ff;\">Courrier International<\/span><\/a> \u00bb des familles d\u2019otages, dans la nuit, \u00e0 l\u2019annonce de l\u2019offensive terrestre, se sont pr\u00e9cipit\u00e9s devant la r\u00e9sidence de Benyamin N\u00e9tanyahou \u00e0 J\u00e9rusalem pour protester contre ces op\u00e9rations qui \u00ab mettent, selon eux, en danger leurs proches \u00bb. <\/span><\/p>\n<p><span style=\"color: #777777; font-family: arial;\">La m\u00e8re de Matan Zangauker, qui se trouve encore \u00e0 Gaza dans des propos relay\u00e9s par le quotidien isra\u00e9lien d\u2019opposition Ha\u2019Aretz a d\u00e9clar\u00e9 : <\/span><\/p>\n<p style=\"margin-left: 28pt;\"><span style=\"color: #c00000; font-family: arial;\">\u00ab Le cabinet de la mort a d\u00e9cid\u00e9 de faire un pas vers la guerre \u00e9ternelle et l\u2019occupation de Gaza \u00bb <\/span><\/p>\n<p><span style=\"color: #777777; font-family: arial;\">Les officiels isra\u00e9liens assurent :<\/span><\/p>\n<p style=\"margin-left: 28pt;\"><span style=\"color: #c00000; font-family: arial;\">\u00ab Si le Hamas lib\u00e8re les derniers otages vivants et morts qu\u2019il d\u00e9tient, nous arr\u00eaterons la guerre. \u00bb<\/span><\/p>\n<p><span style=\"color: #777777; font-family: arial;\">Le Hamas est une organisation criminelle, islamiste qui proclame que chaque mort gazaoui est un martyr pour la cause qui sera r\u00e9compens\u00e9 dans \u00ab le paradis d&rsquo;Allah \u00bb et que la souffrance quotidienne de chaque habitant de Gaza leur vaudra aussi des r\u00e9compenses dans l&rsquo;au del\u00e0, en plus de faire avancer la cause. Ces fanatiques n&rsquo;ont que faire de la vie terrestre et de sa qualit\u00e9. Ce sont des monstres que je ne d\u00e9fends d&rsquo;aucune fa\u00e7on. Mais ils ne se rendront pas et le gouvernement d&rsquo;Isra\u00ebl le sait. Donc ce n&rsquo;est pas pour lib\u00e9rer les otages que cette offensive est lanc\u00e9e. Selon le journal \u00ab La Croix \u00bb m\u00eame le chef d&rsquo;\u00e9tat major isra\u00e9lien exprime des r\u00e9ticences : \u00ab <a href=\"https:\/\/www.la-croix.com\/international\/guerre-d-israel-contre-le-hamas-des-doutes-jusquau-chef-de-tsahal-20250915\"><span style=\"color: #0000ff;\">Guerre d\u2019Isra\u00ebl contre le Hamas : des doutes jusqu\u2019au chef de Tsahal<\/span><\/a> \u00bb. <\/span><\/p>\n<p><span style=\"color: #777777; font-family: arial;\">Il semble cr\u00e9dible que la principale raison de ce carnage, c&rsquo;est de rendre la vie \u00e0 Gaza insoutenable pour les Palestiniens et les contraindre \u00e0 partir. <\/span><\/p>\n<p><span style=\"color: #777777; font-family: arial;\">Partir o\u00f9 ? <\/span><\/p>\n<p><span style=\"color: #777777; font-family: arial;\">La Jordanie et l\u2019Egypte refusent avec force de les accueillir. Il semble que l\u2019\u00e9tat h\u00e9breu et les Etats-Unis tentent de trouver des solutions en Afrique. Selon <a href=\"https:\/\/www.ouest-france.fr\/monde\/gaza\/des-pays-africains-sondes-pour-y-deporter-les-habitants-de-gaza-ebb44d5c-00d2-11f0-b813-760796e3e8a4\"><span style=\"color: #0000ff;\">l\u2019agence Associated Press<\/span><\/a> les \u00c9tats-Unis et Isra\u00ebl ont sollicit\u00e9 le Soudan, la Somalie et sa r\u00e9gion s\u00e9paratiste du Somaliland pour qu\u2019ils accueillent les deux millions de Gazaouis. C\u2019est une d\u00e9portation, cela a un nom : \u00ab un nettoyage ethnique \u00bb ce qui constitue un crime contre l&rsquo;humanit\u00e9 selon le Statut de Rome de la Cour p\u00e9nale internationale. Les actes inhumains tels que la d\u00e9portation forc\u00e9e, la pers\u00e9cution et les transferts forc\u00e9s de population peuvent \u00eatre qualifi\u00e9s de crimes contre l&rsquo;humanit\u00e9 s&rsquo;ils sont commis dans le cadre d&rsquo;une attaque g\u00e9n\u00e9ralis\u00e9e ou syst\u00e9matique contre une population civile.<br \/>\n<\/span><\/p>\n<p><span style=\"color: #777777; font-family: arial;\">Cette nouvelle escalade dans le conflit est assez unanimement condamn\u00e9 : Le ministre allemand des Affaires \u00e9trang\u00e8res, Johann Wadephul, a d\u00e9clar\u00e9 que l&rsquo;offensive allait dans la mauvaise direction et a appel\u00e9 \u00e0 une solution diplomatique.<br \/>\n&#8211; La ministre britannique des Affaires \u00e9trang\u00e8res, Yvette Cooper, a qualifi\u00e9 l&rsquo;offensive terrestre d'\u00a0\u00bbirresponsable et effroyable\u00a0\u00bb.<br \/>\n&#8211; La Commission europ\u00e9enne a averti que l&rsquo;intervention militaire entra\u00eenerait davantage de destructions, de morts et de d\u00e9placements de population.<br \/>\n<\/span><\/p>\n<p><span style=\"color: #777777; font-family: arial;\"> En Cisjordanie, les exactions des colons \u00e0 l\u2019\u00e9gard des Palestiniens s\u2019accentuent. Selon <a href=\"https:\/\/www.msf.fr\/communiques-presse\/cisjordanie-un-rapport-de-msf-documente-l-escalade-des-attaques-israeliennes-et-entraves-aux-soins-contre-les-structures\"><span style=\"color: #0000ff;\">un rapport de M\u00e9decins sans Fronti\u00e8re de mai 2025<\/span><\/a>, depuis le 7 octobre 2023, au moins 870 Palestiniens ont \u00e9t\u00e9 tu\u00e9s et plus de 7 100 ont \u00e9t\u00e9 bless\u00e9s. Et d\u00e9sormais, le gouvernement isra\u00e9lien a d\u00e9cid\u00e9 de mettre en oeuvre <a href=\"https:\/\/www.courrierinternational.com\/article\/israel-en-cisjordanie-le-projet-e1-est-un-clou-de-plus-dans-le-cercueil-d-un-etat-palestinien_234245\"><span style=\"color: #0000ff;\">le plan de colonisation E1<\/span>.<\/a><\/span><\/p>\n<p><span style=\"color: #777777; font-family: arial;\">Le gouvernement a donn\u00e9 le 20 ao\u00fbt un feu vert au projet majeur de construction de logements baptis\u00e9 \u201cE1\u201d, qui pr\u00e9voit d\u2019\u00e9tendre une colonie situ\u00e9e \u00e0 quelques encablures de J\u00e9rusalem-Est, ce qui couperait de facto la Cisjordanie en deux. Lors d\u2019une visite \u00e0 la colonie de Maale Adumim, le Premier ministre Benjamin Netanyahu a d\u00e9clar\u00e9 : <\/span><\/p>\n<p style=\"margin-left: 28pt;\"><span style=\"color: #c00000; font-family: arial;\">\u00ab Il n\u2019y aura pas d\u2019\u00c9tat palestinien. Cet endroit nous appartient&#8230; Nous pr\u00e9serverons notre patrimoine, notre terre et notre s\u00e9curit\u00e9. Nous allons doubler la population de la ville\u00a0\u00bb. \u00bb <\/span><\/p>\n<p><span style=\"color: #777777; font-family: arial;\">Alors que la France, le Royaume Uni, le Canada et 11 autres pays s\u2019appr\u00eatent \u00e0 reconna\u00eetre l\u2019Etat Palestinien \u00e0 l\u2019ONU, Netanyahu commet un acte pour emp\u00eacher cela et donne pr\u00e9cis\u00e9ment ses raisons : \u00ab Il n\u2019y aura pas d\u2019\u00c9tat palestinien \u00bb. <\/span><\/p>\n<p><span style=\"color: #777777; font-family: arial;\">Le ministre des Finances d&rsquo;extr\u00eame droite, Bezalel Smotrich, un ancien dirigeant de colons, a salu\u00e9 la d\u00e9cision du gouvernement isra\u00e9lien, affirmant : <\/span><\/p>\n<p style=\"margin-left: 28pt;\"><span style=\"color: #c00000; font-family: arial;\">\u00ab L&rsquo;\u00c9tat palestinien est en train d&rsquo;\u00eatre effac\u00e9 de la table, non pas par des slogans, mais par des actes. \u00bb <\/span><\/p>\n<p><span style=\"color: #777777; font-family: arial;\">Les ministres d\u2019extr\u00eame droite voudrait annexer la Cisjordanie qu\u2019ils appellent Jud\u00e9e Samarie. Ils commettraient alors une nouvelle infraction contre le droit international : ce territoire n\u2019appartient pas \u00e0 Isra\u00ebl, c\u2019est un territoire occup\u00e9 par Isra\u00ebl, depuis la guerre de 1967. <\/span><\/p>\n<p><span style=\"color: #777777; font-family: arial;\">Netanyahu, jamais en reste d\u2019une nouvelle formule, a dit lors d\u2019une conf\u00e9rence \u00e9conomique \u00e0 Tel Aviv, qu\u2019Isra\u00ebl doit devenir une \u00ab <strong>Super Sparte<\/strong> \u00bb.<\/span><\/p>\n<p><span style=\"color: #777777; font-family: arial;\">Sparte est cette cit\u00e9-\u00c9tat de la Gr\u00e8ce antique, connue pour son organisation militaris\u00e9e, sa discipline, l\u2019ob\u00e9issance stricte \u00e0 l\u2019\u00c9tat, tout ce qui donnera l\u2019adjectif \u00ab spartiate \u00bb encore utilis\u00e9 de nos jours.<\/span><\/p>\n<p><span style=\"color: #777777; font-family: arial;\"><strong>Pierre Haski<\/strong> sur France Inter d\u00e9crypte la pens\u00e9e du premier ministre isra\u00e9lien :<\/span><\/p>\n<p style=\"margin-left: 28pt;\"><span style=\"color: #c00000; font-family: arial;\">\u00ab Le premier message est celui d\u2019un \u00e9tat de guerre inscrit dans la dur\u00e9e. La guerre n\u2019est pas un moment anormal entre des p\u00e9riodes normales, c\u2019est d\u00e9sormais un \u00e9tat permanent. [\u2026]<br \/>\nLe deuxi\u00e8me message, c\u2019est celui de l\u2019isolement assum\u00e9, de l\u2019autarcie. Benyamin Netanyahou a pr\u00e9venu ses concitoyens qu\u2019Isra\u00ebl devrait en passer par ce relatif isolement international. Il a \u00e9voqu\u00e9 les critiques croissantes en provenance d\u2019Europe, qu\u2019il a attribu\u00e9es \u00e0 l\u2019immigration musulmane et \u00e0 la propagande du Qatar et de la Chine sur les r\u00e9seaux sociaux. \u00bb<\/span><\/p>\n<p><span style=\"color: #777777; font-family: arial;\">La question qu&rsquo;on peut poser, peut \u00eatre doit poser au bout de cette litanie de constats consternants : c&rsquo;est o\u00f9 et quand qu&rsquo;on tracera la Ligne rouge ? La ligne o\u00f9 l&rsquo;Union europ\u00e9enne et la France commenceront \u00e0 sanctionner Isra\u00ebl pour que cela cesse ! C&rsquo;est aussi la question que pose <strong>Nadav LAPID<\/strong> le cin\u00e9aste isra\u00e9lien dont le film \u00ab Oui \u00bb vient de sortir ce mercredi. Il \u00e9tait l&rsquo;invit\u00e9 de \u00ab C ce soir \u00bb de mardi et il posait pr\u00e9cis\u00e9ment cette question. Il fut aussi, lundi, l&rsquo;invit\u00e9 de <strong>Sonia Devilliers<\/strong> sur France Inter : \u00ab <a href=\"https:\/\/www.radiofrance.fr\/franceinter\/podcasts\/le-grand-portrait\/le-grand-portrait-du-lundi-15-septembre-2025-5687172\"><span style=\"color: #0000ff;\">La r\u00e9alit\u00e9 isra\u00e9lienne est une r\u00e9alit\u00e9 st\u00e9ro\u00efd\u00e9e, qui ouvre une fen\u00eatre sur l&rsquo;horreur qui peut arriver<\/span><\/a> \u00bb<\/span><\/p>\n<p><span style=\"color: #777777; font-family: arial;\">Il existe pourtant des voix autoris\u00e9es en Isra\u00ebl comme <strong>Ehud Olmert<\/strong>, ancien premier ministre et ancien Vice-Premier ministre de Sharon qui disent que la guerre doit cesser et qui soutiennent encore la solution \u00e0 deux \u00c9tats.<\/span><\/p>\n<p><span style=\"color: #777777; font-family: arial;\">Lors d&rsquo;un entretien dans \u00ab <a href=\"https:\/\/legrandcontinent.eu\/fr\/2025\/07\/25\/entretien-ehud-olmert\/\"><span style=\"color: #0000ff;\">le Grand Continent<\/span><\/a> \u00bb du 25 juillet 2025, il d\u00e9clarait : <\/span><\/p>\n<p style=\"margin-left: 28pt;\"><span style=\"color: #c00000; font-family: arial;\">\u00ab Au fond, il n\u2019y a que deux options.<br \/>\nLa premi\u00e8re est de continuer \u00e0 se battre ind\u00e9finiment. C\u2019est ce que nous faisons entre Isra\u00e9liens et Palestiniens depuis 77 ans environ. Nous pouvons poursuivre dans cette voie encore longtemps. Cela conduira \u00e0 davantage de sang vers\u00e9, d\u2019Isra\u00e9liens et de Palestiniens tu\u00e9s, sans qu\u2019aucun changement radical n\u2019ouvre un nouvel horizon.<br \/>\nL\u2019autre option est d\u2019essayer de faire la paix.<br \/>\nOr, il n\u2019existe, \u00e0 mes yeux, qu\u2019un seul chemin vers une paix durable : la solution \u00e0 deux \u00c9tats. Bien que cela puisse prendre du temps, t\u00f4t ou tard, chacun finira par reconna\u00eetre cette r\u00e9alit\u00e9 incontournable : il n\u2019existe pas d\u2019alternative cr\u00e9dible \u00e0 la solution \u00e0 deux \u00c9tats.<br \/>\nIl est clair que le gouvernement actuel repose sur l\u2019opposition \u00e0 cette solution politique. Il ne s\u2019y oppose pas seulement sur tel ou tel point : il est farouchement oppos\u00e9 \u00e0 sa substance m\u00eame.<\/span><\/p>\n<p style=\"margin-left: 28pt;\"><span style=\"color: #c00000; font-family: arial;\"> C\u2019est la raison pour laquelle, pour avancer, Netanyahou doit \u00eatre d\u00e9mis de ses fonctions.\u00bb<\/span><\/p>\n","protected":false},"excerpt":{"rendered":"<p>\u00ab Gaza br\u00fble \u00bb Isra\u00ebl Katz, le ministre de la D\u00e9fense isra\u00e9lien C&rsquo;est mardi 16 septembre au matin que le ministre de la d\u00e9fense isra\u00e9lien a \u00e9crit cette phrase : \u00ab Gaza br\u00fble \u00bb. Et parall\u00e8lement, Isra\u00ebl a lanc\u00e9 l\u2019offensive<\/p>\n","protected":false},"author":1,"featured_media":0,"comment_status":"open","ping_status":"closed","sticky":false,"template":"","format":"standard","meta":{"footnotes":""},"categories":[1],"tags":[219,151,201],"class_list":["post-16559","post","type-post","status-publish","format-standard","hentry","category-motdujour","tag-guerre","tag-israel","tag-palestine"],"_links":{"self":[{"href":"https:\/\/lemotdujour.fr\/index.php?rest_route=\/wp\/v2\/posts\/16559","targetHints":{"allow":["GET"]}}],"collection":[{"href":"https:\/\/lemotdujour.fr\/index.php?rest_route=\/wp\/v2\/posts"}],"about":[{"href":"https:\/\/lemotdujour.fr\/index.php?rest_route=\/wp\/v2\/types\/post"}],"author":[{"embeddable":true,"href":"https:\/\/lemotdujour.fr\/index.php?rest_route=\/wp\/v2\/users\/1"}],"replies":[{"embeddable":true,"href":"https:\/\/lemotdujour.fr\/index.php?rest_route=%2Fwp%2Fv2%2Fcomments&post=16559"}],"version-history":[{"count":2,"href":"https:\/\/lemotdujour.fr\/index.php?rest_route=\/wp\/v2\/posts\/16559\/revisions"}],"predecessor-version":[{"id":16561,"href":"https:\/\/lemotdujour.fr\/index.php?rest_route=\/wp\/v2\/posts\/16559\/revisions\/16561"}],"wp:attachment":[{"href":"https:\/\/lemotdujour.fr\/index.php?rest_route=%2Fwp%2Fv2%2Fmedia&parent=16559"}],"wp:term":[{"taxonomy":"category","embeddable":true,"href":"https:\/\/lemotdujour.fr\/index.php?rest_route=%2Fwp%2Fv2%2Fcategories&post=16559"},{"taxonomy":"post_tag","embeddable":true,"href":"https:\/\/lemotdujour.fr\/index.php?rest_route=%2Fwp%2Fv2%2Ftags&post=16559"}],"curies":[{"name":"wp","href":"https:\/\/api.w.org\/{rel}","templated":true}]}}