{"id":16547,"date":"2025-09-03T00:17:00","date_gmt":"2025-09-02T22:17:00","guid":{"rendered":"https:\/\/lemotdujour.fr\/?p=16547"},"modified":"2025-09-02T23:51:53","modified_gmt":"2025-09-02T21:51:53","slug":"mercredi-le-3-septembre-2025","status":"publish","type":"post","link":"https:\/\/lemotdujour.fr\/?p=16547","title":{"rendered":"Mercredi, le 3 septembre 2025"},"content":{"rendered":"<div class=\"mdjTexte\">\u00ab Comment le mouvement pour les droits des homosexuels s&rsquo;est radicalis\u00e9 et a perdu son sens \u00bb<\/div>\n<div class=\"mdjAuteur\">Andrew Sullivan<\/div>\n<p><span style=\"color: #777777; font-family: arial;\">Nous nous posons tous la question : comment la d\u00e9mocratie en est elle arriv\u00e9e l\u00e0 ?<\/span><\/p>\n<p><span style=\"color: #777777; font-family: arial;\">Partout dans le monde les d\u00e9mocraties reculent. <\/span><\/p>\n<p><span style=\"color: #777777; font-family: arial;\">L&rsquo;espoir qui a \u00e9t\u00e9 suscit\u00e9, dans les ann\u00e9es 90, par la chute des r\u00e9gimes totalitaires communistes et sovi\u00e9tiques, aura \u00e9t\u00e9 de courte dur\u00e9e. En 1992, on d\u00e9nombrait, pour la premi\u00e8re fois de l&rsquo;histoire, plus de r\u00e9gimes d\u00e9mocratiques, que de r\u00e9gimes autoritaires.Dans les ann\u00e9es 2000, l&rsquo;humanit\u00e9 semblerait avoir atteint un plateau sur lequel les d\u00e9mocraties repr\u00e9sentait environ 60% des Etats. <\/span><\/p>\n<p><span style=\"color: #777777; font-family: arial;\">\u00ab <a href=\"https:\/\/legrandcontinent.eu\/fr\/2025\/02\/27\/seulement-66-de-la-population-mondiale-vit-en-democratie\/\"><span style=\"color: #0000ff;\">Le Grand Continent<\/span><\/a> \u00bb a \u00e9voqu\u00e9<strong> l\u2019indice d\u00e9mocratique global 2024<\/strong> publi\u00e9 le 27 f\u00e9vrier 2025, par The Economist Intelligence Unit (<strong>EIU<\/strong>) qui estime qu\u2019il n&rsquo;y a plus que 71 pays sur 195 dans le monde, soit 38,5%, qui peuvent \u00eatre consid\u00e9r\u00e9s comme des d\u00e9mocraties. Rapport\u00e9 \u00e0 la population, cette \u00e9valuation am\u00e8ne l&rsquo;institut d&rsquo;analyse \u00e0 estimer que <strong>6,6 % de la population mondiale vit dans une d\u00e9mocratie<\/strong>. <\/span><\/p>\n<p><span style=\"color: #777777; font-family: arial;\">Et, en allant plus loin dans son analyse par une distinction entre \u201cvraie d\u00e9mocratie\u201d et \u201cd\u00e9mocratie d\u00e9fectueuse\u201d, l&rsquo;EIU estime que<strong> la vraie d\u00e9mocratie ne se trouve que dans 25 pays<\/strong><\/span><\/p>\n<p><img loading=\"lazy\" decoding=\"async\" class=\"alignnone size-full wp-image-16550\" src=\"https:\/\/lemotdujour.fr\/wp-content\/uploads\/2025\/09\/Indice-democratie-2024.jpg\" alt=\"\" width=\"771\" height=\"411\" srcset=\"https:\/\/lemotdujour.fr\/wp-content\/uploads\/2025\/09\/Indice-democratie-2024.jpg 771w, https:\/\/lemotdujour.fr\/wp-content\/uploads\/2025\/09\/Indice-democratie-2024-300x160.jpg 300w, https:\/\/lemotdujour.fr\/wp-content\/uploads\/2025\/09\/Indice-democratie-2024-768x409.jpg 768w\" sizes=\"auto, (max-width: 771px) 100vw, 771px\" \/><\/p>\n<p><span style=\"color: #777777; font-family: arial;\">Les Etats-Unis, comme la France \u00e9taient class\u00e9s, en 2024, dans les d\u00e9mocraties d\u00e9fectueuses. Il est probable que depuis l&rsquo;arriv\u00e9e au pouvoir de Donald Trump, en janvier 2025, les Etats-Unis sont tomb\u00e9s encore plus bas dans ce que l&rsquo;EIU d\u00e9signe comme des r\u00e9gimes hybrides, entre d\u00e9mocratie et r\u00e9gime autoritaire. <\/span><\/p>\n<p><span style=\"color: #777777; font-family: arial;\">Force est de constater que c&rsquo;est un vote d\u00e9mocratique, au del\u00e0 du vote par les grands \u00e9lecteurs, d&rsquo;une majorit\u00e9 d&rsquo;am\u00e9ricains qui a \u00e9lu Donald Trump. Les citoyens am\u00e9ricains savaient comment agissait cet homme, puisqu&rsquo;il avait d\u00e9j\u00e0 \u00e9t\u00e9 pr\u00e9sident pendant 4 ans. Ils l&rsquo;ont r\u00e9\u00e9lu. <\/span><\/p>\n<p><span style=\"color: #777777; font-family: arial;\">\u00ab Errare humanum est, perseverare diabolicum \u00bb diront ceux qui pensent que le monde du bien s\u2019oppose au monde du mal et que ceux qui se trouvent dans ce second camp sont soit des imb\u00e9ciles soit des salauds. Je r\u00e9cuse ce simplisme.<\/span><\/p>\n<p><span style=\"color: #777777; font-family: arial;\">Comment peut t&rsquo;on comprendre qu&rsquo;au del\u00e0 d&rsquo;un noyau d&rsquo;\u00e9vang\u00e9listes, de racistes et de masculinistes, une majorit\u00e9 de citoyens se soient finalement ralli\u00e9s \u00e0 cette candidature au d\u00e9triment de celle des d\u00e9mocrates ?<\/span><\/p>\n<p><span style=\"color: #777777; font-family: arial;\">Les explications sont multiples. Il y a manifestement une r\u00e9volte de la classe moyenne contre les effets de la mondialisation qui leur a \u00e9t\u00e9 d\u00e9favorable. Il y a une perception d&rsquo;une immigration massive, mal g\u00e9r\u00e9e, mal int\u00e9gr\u00e9e qui a permis \u00e0 Trump de faire des promesses d\u00e9magogiques qui ont plu. Il y a encore, ce que Marcel Gauchet appelle \u00ab <a href=\"https:\/\/www.radiofrance.fr\/franceculture\/podcasts\/france-culture-va-plus-loin-l-invite-e-des-matins\/marcel-gauchet-sortir-de-l-impuissance-democratique-8943796\"><span style=\"color: #0000ff;\">Le sentiment d&rsquo;impuissance des d\u00e9mocratie<\/span>s<\/a> \u00bb. <\/span><\/p>\n<p><span style=\"color: #777777; font-family: arial;\">Il semble, en effet, que la d\u00e9mocratie n\u2019arrive plus \u00e0 obtenir des r\u00e9sultats d\u2019une part en raison de l\u2019\u00e9conomie qui est mondialis\u00e9e et sur laquelle elle n\u2019a que peu de prise, d\u2019autre part parce qu\u2019elle a g\u00e9n\u00e9r\u00e9, en son sein, un culte de la libert\u00e9 individuelle qui conduit l\u2019ordre judiciaire \u00e0 s\u2019opposer \u00e0 des d\u00e9cisions d\u2019autorit\u00e9 et \u00e0 emp\u00eacher le pouvoir politique \u00e0 agir. Donald Trump a convaincu les am\u00e9ricains qu\u2019il \u00e9tait capable d\u2019agir sur ces tableaux : un interventionnisme \u00e9conomique \u00e0 travers les droits de douane et un refus de se plier aux d\u00e9cisions judiciaires notamment en demandant \u00e0 la Cour Supr\u00eame qui lui est largement favorable, d\u2019infirmer les d\u00e9cisions judiciaires qui lui sont d\u00e9favorables.<\/span><\/p>\n<p><span style=\"color: #777777; font-family: arial;\">Il n\u2019y a pas une cause, il y a toutes celles que j\u2019ai \u00e9voqu\u00e9es. Il y en a certainement que j\u2019oublie. <\/span><\/p>\n<p><span style=\"color: #777777; font-family: arial;\">Et puis il y en a une qui me semble aussi importante. Beaucoup parle d\u2019\u00ab anti-wokisme \u00bb, je pr\u00e9f\u00e8re au mot woke celui de \u00ab <strong>progressisme ostentatoire<\/strong> \u00bb, en r\u00e9f\u00e9rence au concept invent\u00e9 par Thorstein Veblen \u00ab <a href=\"https:\/\/lemotdujour.fr\/?p=1580\"><span style=\"color: #0000ff;\">La consommation ostentatoire<\/span><\/a> \u00bb. <\/span><\/p>\n<p><span style=\"color: #777777; font-family: arial;\">J&rsquo;ai eu la surprise de d\u00e9couvrir que c&rsquo;est dans le \u00ab <strong>New York Times<\/strong> \u00bb qui \u00e9tait en pointe du combat d&rsquo;un progressisme sans limite et sans interrogation qu\u2019un journaliste \u00e9crivant r\u00e9guli\u00e8rement dans ce journal, <strong>Andrew Sullivan <\/strong>a publi\u00e9 une tribune le 26 juin 2025, montrant les exc\u00e8s et l\u2019intol\u00e9rance de ce mouvement port\u00e9 par une minorit\u00e9 du Parti D\u00e9mocrate et rejet\u00e9 par une majorit\u00e9 de l\u2019\u00e9lectorat populaire am\u00e9ricain.<\/span><\/p>\n<p><span style=\"color: #777777; font-family: arial;\">Pour se convaincre qu&rsquo;il s&rsquo;agit d&rsquo;une rupture dans la politique \u00e9ditoriale du New Tork Times, je vous renvoie vers cet article de l&rsquo;hebdomadaire \u00ab <strong>Le Point<\/strong> \u00bb :<strong> \u00ab <\/strong><a href=\"https:\/\/www.lepoint.fr\/editos-du-point\/bari-weiss-pourquoi-j-ai-quitte-le-new-york-times-17-11-2020-2401530_32.php\"><span style=\"color: #0000ff;\"><strong>Bari Weiss : Pourquoi j&rsquo;ai quitt\u00e9 le New York Times<\/strong><\/span><\/a><strong> \u00bb.<\/strong> Article dans lequel cette journaliste \u00e9voque la d\u00e9lation, la censure, l&rsquo;obsession de l&rsquo;identit\u00e9 et la d\u00e9rive sectaire de cette institution am\u00e9ricaine en 2020. <\/span><\/p>\n<p><span style=\"color: #777777; font-family: arial;\">Cette fois, le journal a accept\u00e9 de publier cette tribune d&rsquo;un journaliste gay pr\u00e9sent\u00e9 comme l&rsquo;un des premiers d\u00e9fenseurs am\u00e9ricains du mariage homosexuel. Cette tribune a pour titre \u00ab How the Gay Rights Movement Radicalized, and Lost Its Way \u00bb, qu&rsquo;on pourrait traduire par \u00ab<strong> Comment le mouvement pour les droits des homosexuels s&rsquo;est radicalis\u00e9 et a perdu son sens<\/strong> \u00bb. Vous trouverez cet article sur le site du New York Times, l&rsquo;acc\u00e8s est payant. Mais vous pouvez trouver cette tribune sur d&rsquo;autres sites dans sa \u00ab <a href=\"https:\/\/dnyuz.com\/2025\/06\/26\/how-the-gay-rights-movement-radicalized-and-lost-its-way\/\"><span style=\"color: #0000ff;\">version anglaise<\/span><\/a> \u00bb et une \u00ab <a href=\"https:\/\/www.observatoirepetitesirene.org\/post\/comment-le-mouvement-des-droits-des-homosexuels-s-est-radicalis%C3%A9-et-s-est-%C3%A9gar%C3%A9\"><span style=\"color: #0000ff;\">traduction fran\u00e7aise<\/span><\/a> \u00bb<\/span><\/p>\n<p><span style=\"color: #777777; font-family: arial;\">Andrew Sullivan \u00e9num\u00e8re d&rsquo;abord les combats gagn\u00e9s par les homosexuels et les lesbiennes lors d&rsquo;une d\u00e9cennie incroyable<\/span><\/p>\n<p style=\"margin-left: 28pt;\"><span style=\"color: #c00000; font-family: arial;\">\u00ab Il y a dix ans, jeudi, le mouvement pour l\u2019\u00e9galit\u00e9 des droits des personnes gays et lesbiennes a remport\u00e9 une victoire qui, dix ans plus t\u00f4t, paraissait inimaginable : nous avons obtenu le droit au mariage civil dans tous les \u00c9tats-Unis.<br \/>\nEn 2020, une autre victoire retentissante a suivi. Dans une d\u00e9cision majoritaire r\u00e9dig\u00e9e par l\u2019un des candidats nomm\u00e9s par le pr\u00e9sident Trump, le juge Neil Gorsuch, la Cour supr\u00eame a estim\u00e9 que les hommes gays, les lesbiennes et les personnes transgenres \u00e9taient couverts par le Titre VII du Civil Rights Act de 1964 et prot\u00e9g\u00e9s contre la discrimination par les employeurs.<br \/>\nEn 2024, le Parti r\u00e9publicain a retir\u00e9 de son programme son opposition au mariage pour tous, et l\u2019actuel secr\u00e9taire au Tr\u00e9sor r\u00e9publicain, Scott Bessent, est un homme gay mari\u00e9 avec deux enfants. Le mariage homosexuel est soutenu par environ 70 % des Am\u00e9ricains, et 80 % s\u2019opposent aux discriminations visant les gays, les lesbiennes et les personnes transgenres.<br \/>\nEn mati\u00e8re de droits civiques, il est difficile de faire plus d\u00e9cisif ou complet que cela. \u00bb <\/span><\/p>\n<p><span style=\"color: #777777; font-family: arial;\">Et puis&#8230;<br \/>\nEn fran\u00e7ais courant il existe une expression appropri\u00e9e : c&rsquo;est parti en quenouille.<\/span><\/p>\n<p style=\"margin-left: 28pt;\"><span style=\"color: #c00000; font-family: arial;\">\u00ab Mais une chose \u00e9trange s\u2019est produite apr\u00e8s ces triomphes. Au lieu de c\u00e9l\u00e9brer la victoire, de d\u00e9fendre ces acquis, de rester vigilants tout en alentissant le rythme en tant que mouvement ayant atteint ses objectifs principaux \u2014 y compris la fin du VIH en tant que fl\u00e9au incontr\u00f4lable aux \u00c9tats-Unis \u2014, les groupes de d\u00e9fense des droits des personnes gays et lesbiennes ont fait le contraire. Influenc\u00e9s par le virage plus large de la gauche \u00ab justice sociale \u00bb, ils se sont radicalis\u00e9s. \u00bb <\/span><\/p>\n<p><span style=\"color: #777777; font-family: arial;\">Et il donne un premier exemple de ces exc\u00e8s :<\/span><\/p>\n<p style=\"margin-left: 28pt;\"><span style=\"color: #c00000; font-family: arial;\">\u00ab En 2023, la Human Rights Campaign, le plus grand groupe de d\u00e9fense des droits des gays, lesbiennes et transgenres du pays, a d\u00e9clar\u00e9 un \u00ab \u00e9tat d\u2019urgence \u00bb pour ces communaut\u00e9s \u2014 une premi\u00e8re dans l\u2019histoire de l\u2019organisation. Elle n\u2019avait pas d\u00e9clar\u00e9 d\u2019\u00e9tat d\u2019urgence lorsque des hommes gays \u00e9taient emprisonn\u00e9s pour avoir eu des relations sexuelles en priv\u00e9, ni lorsque l\u2019\u00e9pid\u00e9mie de sida a tu\u00e9 des centaines de milliers d\u2019hommes gays, ni lorsque nous avons \u00e9t\u00e9 confront\u00e9s \u00e0 un projet d\u2019amendement constitutionnel interdisant le mariage homosexuel en 2004.<br \/>\nEn r\u00e9alit\u00e9, cet \u00ab \u00e9tat d\u2019urgence \u00bb \u00e9tait presque enti\u00e8rement li\u00e9 \u00e0 de nouveaux projets de loi \u00e9tatiques visant \u00e0 restreindre les traitements m\u00e9dicaux pour les mineurs souffrant de dysphorie de genre, aux interdictions d\u2019acc\u00e8s aux toilettes et vestiaires, ainsi qu\u2019\u00e0 l\u2019int\u00e9gration des questions transgenres dans les programmes scolaires et le sport \u00bb<\/span><\/p>\n<p><span style=\"color: #777777; font-family: arial;\">Cette tribune est assez longue (pr\u00e8s de 5000 mots), et je vous invite \u00e0 la lire car elle me semble r\u00e9v\u00e9latrice d\u2019un mouvement en train de d\u00e9railler au d\u00e9triment de celles et de ceux qu\u2019il s\u2019agissait de d\u00e9fendre. <\/span><\/p>\n<p><span style=\"color: #777777; font-family: arial;\">Les droits civiques des homosexuels et des lesbiennes ayant \u00e9t\u00e9 acquis, une autre r\u00e9volution \u00e9tait en route celle du genre dont le projet pr\u00e9tend vouloir supprimer toutes les limites per\u00e7ues comme oppressives. <\/span><\/p>\n<p><span style=\"color: #777777; font-family: arial;\">La binarit\u00e9 sexuelle associ\u00e9e \u00e0 la \u00ab supr\u00e9matie blanche \u00bb est remplac\u00e9e par un spectre large de sexes, ce qui revient \u00e0 supprimer la diff\u00e9rence entre hommes et femmes. Il constate que les mots \u00ab gay \u00bb et \u00ab lesbienne \u00bb ont quasiment disparu. LGBT est devenu LGBTQ, puis LGBTQ +, et d&rsquo;autres lettres et caract\u00e8res ont \u00e9t\u00e9 ajout\u00e9s. Il fait le constat que ces groupes ont reni\u00e9 leur engagement et ont impos\u00e9 \u00e0 toute la soci\u00e9t\u00e9 un changement radical \u00e0 coups de slogans comme le fait que le sexe \u00e9tait assign\u00e9 \u00e0 la naissance et non constat\u00e9. <\/span><\/p>\n<p><span style=\"color: #777777; font-family: arial;\">Autre mantra selon lui : \u00ab Les femmes trans sont des femmes, les hommes trans sont des hommes. \u00bb Ce n&rsquo;est pas une proposition, c&rsquo;est \u00ab un commandement th\u00e9ologique \u00bb, dit-il. <\/span><\/p>\n<p><span style=\"color: #777777; font-family: arial;\">D\u00e8s le plus jeune \u00e2ge, on peut apprendre \u00e0 des enfants qu&rsquo;\u00eatre fille ou gar\u00e7on relevait d&rsquo;un choix et qu&rsquo;on pouvait en changer. Une transition sociale (changement de pr\u00e9nom et de pronom) est possible sans l&rsquo;autorisation parentale (aux \u00c9tats-Unis). <\/span><\/p>\n<p><span style=\"color: #777777; font-family: arial;\">Le plus grave dans ce mouvement est que <strong>toute contradiction, toute critique est interdite.<\/strong> Ceux qui osent s&rsquo;exprimer sont r\u00e9duits au silence, disqualifi\u00e9s publiquement. L&rsquo;intol\u00e9rance fait loi, l&rsquo;autocensure devient la norme. <\/span><\/p>\n<p><span style=\"color: #777777; font-family: arial;\">Dans un <a href=\"https:\/\/www.youtube.com\/watch?v=vFx5ITIxtmU&amp;t=819s\"><span style=\"color: #0000ff;\">podcast publi\u00e9 le 6 ao\u00fbt 2025<\/span><\/a>, <strong>Hubert Vedrine<\/strong> disait pr\u00e9cis\u00e9ment : <\/span><\/p>\n<p style=\"margin-left: 28pt;\"><span style=\"color: #c00000; font-family: arial;\">\u00ab C\u2019\u00e9tait \u00e9vident depuis longtemps, que l\u2019\u00e9lectorat populaire am\u00e9ricain n\u2019accepterait jamais le wokisme. Jamais ! [\u2026] On ne va pas d\u00e9battre du wokisme, parce qu\u2019il peut y avoir de bonnes intentions, mais l\u2019\u00e9lectorat am\u00e9ricain le rejetait fondamentalement. \u00bb<\/span><\/p>\n<p><span style=\"color: #777777; font-family: arial;\">Comme je l\u2019ai \u00e9crit, Hubert Vedrine se garde de pr\u00e9tendre qu\u2019il s\u2019agit de l\u2019unique raison de l\u2019\u00e9lection \u00e0 deux reprises de Donald Trump. Dans ce m\u00eame podcast, il avait cit\u00e9 pr\u00e9alablement d\u2019autres causes : <\/span><\/p>\n<p style=\"margin-left: 28pt;\"><span style=\"color: #c00000; font-family: arial;\">\u00ab Il y a des signes avant-coureurs dans l&rsquo;\u00e9lectorat populaire am\u00e9ricain depuis tr\u00e8s longtemps que d&rsquo;abord la mondialisation \u00e0 outrance d\u00e9cid\u00e9 notamment par les \u00e9lites d\u00e9mocrates, mais pas que. L&rsquo;id\u00e9e qu\u2019on a tellement, nous les Am\u00e9ricains, gagn\u00e9 apr\u00e8s la fin de l\u2019URSS qu\u2019on peut mettre la Chine dans l&rsquo;OMC m\u00eame si elle ne remplit pas les crit\u00e8res parce que \u00e7a va les rendre plus riche et donc d\u00e9mocratique voyez ce degr\u00e9 d\u2019d&rsquo;illusion et de toute fa\u00e7on on est les ma\u00eetres du jeu. Donc \u00e7a c&rsquo;est l&rsquo;Am\u00e9rique depuis assez longtemps. Alors il y a beaucoup du coup on va faire fabriquer une en Chine parce que c&rsquo;est 50 fois moins cher. Donc ils ont d\u00e9truit la classe moyenne am\u00e9ricaine, ils ont cr\u00e9\u00e9 l&rsquo;\u00e9lectorat de Trump. \u00bb<\/span><\/p>\n<p><span style=\"color: #777777; font-family: arial;\">Aujourd\u2019hui, le gouvernement de Trump va dans l\u2019exc\u00e8s inverse et en voulant lutter contre le wokisme impose d\u2019autres interdits et fait preuve d\u2019une m\u00eame intol\u00e9rance : \u00ab <a href=\"https:\/\/www.lepoint.fr\/debats\/wokisme-trump-et-censure-qui-menace-vraiment-les-libertes-aux-etats-unis-16-06-2025-2592127_2.php\"><span style=\"color: #0000ff;\">Comment la droite am\u00e9ricaine a tu\u00e9 le wokisme, pour mieux imposer le sien<\/span><\/a> \u00bb.<\/span><\/p>\n<p><span style=\"color: #777777; font-family: arial;\">Alors si des esprits taquins souhaitent me poser la question : entre le progressisme ostentatoire et la r\u00e9action obscurantiste trumpiste que pr\u00e9f\u00e8res-tu ? Je r\u00e9pondrai par cette pens\u00e9e de la sagesse juive : <\/span><\/p>\n<p style=\"margin-left: 28pt;\"><span style=\"color: #c00000; font-family: arial;\">\u00ab Si on te demande de choisir entre deux solutions, prends toujours la troisi\u00e8me ! \u00bb<\/span><\/p>\n","protected":false},"excerpt":{"rendered":"<p>\u00ab Comment le mouvement pour les droits des homosexuels s&rsquo;est radicalis\u00e9 et a perdu son sens \u00bb Andrew Sullivan Nous nous posons tous la question : comment la d\u00e9mocratie en est elle arriv\u00e9e l\u00e0 ? Partout dans le monde les<\/p>\n","protected":false},"author":1,"featured_media":0,"comment_status":"open","ping_status":"closed","sticky":false,"template":"","format":"standard","meta":{"footnotes":""},"categories":[1],"tags":[65,234,7],"class_list":["post-16547","post","type-post","status-publish","format-standard","hentry","category-motdujour","tag-etats-unis","tag-homosexualite","tag-societe"],"_links":{"self":[{"href":"https:\/\/lemotdujour.fr\/index.php?rest_route=\/wp\/v2\/posts\/16547","targetHints":{"allow":["GET"]}}],"collection":[{"href":"https:\/\/lemotdujour.fr\/index.php?rest_route=\/wp\/v2\/posts"}],"about":[{"href":"https:\/\/lemotdujour.fr\/index.php?rest_route=\/wp\/v2\/types\/post"}],"author":[{"embeddable":true,"href":"https:\/\/lemotdujour.fr\/index.php?rest_route=\/wp\/v2\/users\/1"}],"replies":[{"embeddable":true,"href":"https:\/\/lemotdujour.fr\/index.php?rest_route=%2Fwp%2Fv2%2Fcomments&post=16547"}],"version-history":[{"count":2,"href":"https:\/\/lemotdujour.fr\/index.php?rest_route=\/wp\/v2\/posts\/16547\/revisions"}],"predecessor-version":[{"id":16551,"href":"https:\/\/lemotdujour.fr\/index.php?rest_route=\/wp\/v2\/posts\/16547\/revisions\/16551"}],"wp:attachment":[{"href":"https:\/\/lemotdujour.fr\/index.php?rest_route=%2Fwp%2Fv2%2Fmedia&parent=16547"}],"wp:term":[{"taxonomy":"category","embeddable":true,"href":"https:\/\/lemotdujour.fr\/index.php?rest_route=%2Fwp%2Fv2%2Fcategories&post=16547"},{"taxonomy":"post_tag","embeddable":true,"href":"https:\/\/lemotdujour.fr\/index.php?rest_route=%2Fwp%2Fv2%2Ftags&post=16547"}],"curies":[{"name":"wp","href":"https:\/\/api.w.org\/{rel}","templated":true}]}}