{"id":16540,"date":"2025-08-25T01:03:17","date_gmt":"2025-08-24T23:03:17","guid":{"rendered":"https:\/\/lemotdujour.fr\/?p=16540"},"modified":"2025-08-26T21:47:01","modified_gmt":"2025-08-26T19:47:01","slug":"lundi-25-aot-2025","status":"publish","type":"post","link":"https:\/\/lemotdujour.fr\/?p=16540","title":{"rendered":"Lundi 25 ao&ucirc;t 2025"},"content":{"rendered":"<div class=\"mdjTexte\">\u00ab J&rsquo;ai toujours \u00e9prouv\u00e9 pour ma m\u00e8re l&rsquo;amour le plus absolu. Elle m&rsquo;a sauv\u00e9e d&rsquo;un danger int\u00e9rieur qu&rsquo;elle seule avait remarqu\u00e9. \u00bb<\/div>\n<div class=\"mdjAuteur\">Am\u00e9lie Nothomb \u00ab Tant mieux \u00bb page 195<\/div>\n<p><span style=\"color: #777777; font-family: arial;\">Comme \u00e0 chaque rentr\u00e9e, depuis des temps imm\u00e9moriaux, <strong>Am\u00e9lie Nothomb<\/strong> publie un livre chez Albin Michel. Je ne le lis jamais. <\/span><\/p>\n<p><span style=\"color: #777777; font-family: arial;\">Par hasard, j\u2019ai vu sur le m\u00e9dia internet <strong>Brut<\/strong>, une interview dans laquelle elle pr\u00e9sente celui de cette ann\u00e9e : \u00ab <a href=\"https:\/\/www.brut.media\/fr\/videos\/culture-lifestyle\/litterature\/brut-book-amelie-nothomb-tant-mieux\"><span style=\"color: #0000ff;\">Tant mieux<\/span><\/a> \u00bb. <\/span><\/p>\n<p><span style=\"color: #777777; font-family: arial;\"><img loading=\"lazy\" decoding=\"async\" class=\" wp-image-16543 alignleft\" src=\"https:\/\/lemotdujour.fr\/wp-content\/uploads\/2025\/08\/Tant-mieux.jpg\" alt=\"\" width=\"231\" height=\"355\" srcset=\"https:\/\/lemotdujour.fr\/wp-content\/uploads\/2025\/08\/Tant-mieux.jpg 400w, https:\/\/lemotdujour.fr\/wp-content\/uploads\/2025\/08\/Tant-mieux-195x300.jpg 195w\" sizes=\"auto, (max-width: 231px) 100vw, 231px\" \/>Ce livre est consacr\u00e9e \u00e0 sa m\u00e8re qui est morte d\u00e9but 2024. <\/span><\/p>\n<p><span style=\"color: #777777; font-family: arial;\">Il faudrait toujours \u00e9crire, peut \u00eatre pas un livre, au moins quelques mots sur <a href=\"https:\/\/lemotdujour.fr\/?p=14336\"><span style=\"color: #0000ff;\">notre m\u00e8re<\/span><\/a>. Pour se souvenir, \u00e9clairer des zones d\u2019ombre et surtout comprendre et exprimer sa reconnaissance. Car sauf cas tr\u00e8s marginaux et rare, nous avons tous motif \u00e0 gratitude.<\/span><\/p>\n<p><span style=\"color: #777777; font-family: arial;\"><strong>Albert Cohen<\/strong> a \u00e9crit un bouleversant document : \u00ab<strong> Le livre de ma m\u00e8re<\/strong> \u00bb, j&rsquo;en avais tir\u00e9 un mot du jour en 2018 : \u00ab <a href=\"https:\/\/lemotdujour.fr\/?p=4816\"><span style=\"color: #0000ff;\">Les fils ne savent pas que leurs m\u00e8res sont mortelles<\/span><\/a><span style=\"color: #0000ff;\">.<\/span> \u00bb. <\/span><\/p>\n<p><span style=\"color: #777777; font-family: arial;\">Pour <strong>Christian Bobin<\/strong>, si sa relation \u00e0 son p\u00e8re fut lumineuse, celle \u00e0 sa m\u00e8re fut plus complexe. Elle avait tr\u00e8s peur pour lui et de ce fait l\u2019emp\u00eachait de sortir de sa maison sauf pour aller \u00e0 l\u2019\u00e9cole. Il a ainsi pass\u00e9 une enfance dans la solitude et dans ce qu\u2019il a appel\u00e9 lui m\u00eame une agoraphobie. Je ne crois pas qu\u2019il ait \u00e9crit un livre sur sa m\u00e8re, mais il a dit ceci dans l\u2019\u00e9mission de France Culture \u00ab Les Racines du ciel \u00bb du 7 septembre 2014 :<\/span><\/p>\n<p style=\"margin-left: 28pt;\"><span style=\"color: #c00000; font-family: arial;\"><br \/>\n\u00ab Ma m\u00e8re, elle a fait comme elle a pu.<br \/>\nComme chaque femme qui a des enfants, elle a fait le travail impossible qui lui a \u00e9t\u00e9 assign\u00e9. A savoir un travail d\u2019engendrer et puis surtout ensuite de veiller, d\u2019amener au mieux les gens qui lui sont confi\u00e9s, les enfants.<br \/>\nCe travail, elle l\u2019a fait, elle l\u2019a bien fait, \u00e0 sa fa\u00e7on. La vie n\u2019a pas \u00e9t\u00e9 facile pour elle. Je pense qu\u2019elle aussi \u00e0 sa fa\u00e7on m\u2019a tout appris. Ce que je sais des m\u00e8res, ce que j\u2019\u00e9cris des m\u00e8res, je le tiens bien d\u2019elle, d\u2019une fa\u00e7on ou d\u2019une autre, m\u00eame si c\u2019est parfois de fa\u00e7on paradoxale.<br \/>\nC\u2019est par l\u2019absence qu\u2019on connait la pr\u00e9sence, c\u2019est par le manque. C\u2019est par la faim qu\u2019on sait ce qu\u2019est un morceau de pain. On sait exactement ce que c\u2019est. On le sait mieux que la personne qui a toujours du pain \u00e0 volont\u00e9 sur sa table. [\u2026]<br \/>\nMoi, je suis fait de ceux que je rencontre. Je suis fait aussi de mes parents c\u2019est \u00e9vident. Je suis fait de tout, m\u00eame de leur manque, m\u00eame de leur faille. Et c\u2019est par ces failles aussi que, sans doute, j\u2019ai vu la lumi\u00e8re. \u00bb<br \/>\n<em>\u00ab <a href=\"https:\/\/www.radiofrance.fr\/franceculture\/podcasts\/les-racines-du-ciel\/christian-bobin-une-vie-en-poesie-9630024\"><span style=\"color: #0000ff;\">Christian Bobin: Une vie en po\u00e9sie<\/span><\/a> \u00bb<br \/>\n\u00e0 13:10<\/em><\/span><\/p>\n<p><span style=\"color: #777777; font-family: arial;\">Quand je dis qu&rsquo;il faudrait \u00e9crire sur notre m\u00e8re, je ne parle bien s\u00fbr pas de publier. La litt\u00e9rature se trouve devant un paradoxe terrifiant : il y a de plus en plus d&rsquo;auteurs qui publient des livres et de moins en moins de lecteurs qui lisent. Ecrire, c&rsquo;est d&rsquo;abord pour soi qu&rsquo;on doit le faire et peut \u00eatre pour quelques proches. Je m&rsquo;imagine que la fratrie ou les enfants ne peuvent \u00eatre indiff\u00e9rents \u00e0 lire ce que le coeur sait r\u00e9v\u00e9ler.<\/span><\/p>\n<p><span style=\"color: #777777; font-family: arial;\">Am\u00e9lie Nothomb a publi\u00e9 le livre sur sa m\u00e8re et ce qu&rsquo;elle d\u00e9voilait dans son entretien m&rsquo;a pouss\u00e9 \u00e0 l\u2019acheter et \u00e0 le lire imm\u00e9diatement. Ses livres sont courts, il ne m\u2019a m\u00eame pas fallu une soir\u00e9e pour le finir. <\/span><\/p>\n<p><span style=\"color: #777777; font-family: arial;\">La plus grande partie est ce qu\u2019elle appelle dans son entretien, un conte qui raconte l\u2019histoire d\u2019une enfant, Adrienne, dans ses relations avec ses grands parents, ses parents, ses s\u0153urs jusqu\u2019\u00e0 la rencontre de l\u2019homme de sa vie. Le livre se termine par une partie beaucoup plus courte dans laquelle le conte s\u2019\u00e9claire et Am\u00e9lie Nothomb parle de sa m\u00e8re, et c\u2019est bouleversant. <\/span><\/p>\n<p><span style=\"color: #777777; font-family: arial;\">Le livre est d\u00e9sign\u00e9 par la cat\u00e9gorie \u00ab roman \u00bb, on ne sait pas quel est la part d\u2019invention ou m\u00eame s\u2019il y a invention. Il semble cependant que l\u2019essentiel correspond \u00e0 la r\u00e9alit\u00e9. <\/span><\/p>\n<p><span style=\"color: #777777; font-family: arial;\">Je ne vais pas divulg\u00e2cher le propos du livre. Il me fallait cependant trouver une exergue dans le livre. Elle est myst\u00e9rieuse et il faut bien expliquer un peu : <\/span><\/p>\n<p style=\"margin-left: 28pt;\"><span style=\"color: #c00000; font-family: arial;\"><br \/>\n\u00ab J&rsquo;ai toujours \u00e9prouv\u00e9 pour ma m\u00e8re l&rsquo;amour le plus absolu. Elle m&rsquo;a sauv\u00e9e d&rsquo;un danger int\u00e9rieur qu&rsquo;elle seule avait remarqu\u00e9. Mes deux ain\u00e9s, d\u00e8s la naissance \u00e9taient lumineux. J&rsquo;\u00e9tais sombre. D\u00e8s mes cinq ans, j&rsquo;ai senti cette noirceur grandir en moi. J&rsquo;\u00e9tais appel\u00e9e, je pense, \u00e0 devenir une d\u00e9pressive pathologique.<br \/>\nQuand ma m\u00e8re me voyait sous emprise de cette obscurit\u00e9, elle me disait :<br \/>\n&#8211; Pourquoi es-tu comme cela ?<br \/>\n&#8211; Je ne sais pas<br \/>\n&#8211; Alors Arr\u00eate. Tu n&rsquo;as pas le droit.<br \/>\nC&rsquo;\u00e9tait dit avec autorit\u00e9 et douceur.<br \/>\nCette parole a \u00e9t\u00e9 entendue. Aujourd&rsquo;hui encore, lorsque la force atrabilaire se manifeste en moi, la voix maternelle la repousse : Tu n&rsquo;as pas le droit. C&rsquo;est d&rsquo;une efficacit\u00e9 redoutable.<br \/>\nJe n&rsquo;oublierai jamais ma dette astronomique envers ma m\u00e8re : Elle m&rsquo;a livr\u00e9 un bouclier pour lutter contre mes t\u00e9n\u00e8bres. \u00bb <\/span><\/p>\n<p><span style=\"color: #777777; font-family: arial;\">Je crois que beaucoup d&rsquo;entre nous pourraient parler de leur dette astronomique envers leur m\u00e8re.<\/span><\/p>\n","protected":false},"excerpt":{"rendered":"<p>\u00ab J&rsquo;ai toujours \u00e9prouv\u00e9 pour ma m\u00e8re l&rsquo;amour le plus absolu. Elle m&rsquo;a sauv\u00e9e d&rsquo;un danger int\u00e9rieur qu&rsquo;elle seule avait remarqu\u00e9. \u00bb Am\u00e9lie Nothomb \u00ab Tant mieux \u00bb page 195 Comme \u00e0 chaque rentr\u00e9e, depuis des temps imm\u00e9moriaux, Am\u00e9lie Nothomb<\/p>\n","protected":false},"author":1,"featured_media":0,"comment_status":"open","ping_status":"closed","sticky":false,"template":"","format":"standard","meta":{"footnotes":""},"categories":[1],"tags":[38,9],"class_list":["post-16540","post","type-post","status-publish","format-standard","hentry","category-motdujour","tag-education","tag-litterature"],"_links":{"self":[{"href":"https:\/\/lemotdujour.fr\/index.php?rest_route=\/wp\/v2\/posts\/16540","targetHints":{"allow":["GET"]}}],"collection":[{"href":"https:\/\/lemotdujour.fr\/index.php?rest_route=\/wp\/v2\/posts"}],"about":[{"href":"https:\/\/lemotdujour.fr\/index.php?rest_route=\/wp\/v2\/types\/post"}],"author":[{"embeddable":true,"href":"https:\/\/lemotdujour.fr\/index.php?rest_route=\/wp\/v2\/users\/1"}],"replies":[{"embeddable":true,"href":"https:\/\/lemotdujour.fr\/index.php?rest_route=%2Fwp%2Fv2%2Fcomments&post=16540"}],"version-history":[{"count":3,"href":"https:\/\/lemotdujour.fr\/index.php?rest_route=\/wp\/v2\/posts\/16540\/revisions"}],"predecessor-version":[{"id":16546,"href":"https:\/\/lemotdujour.fr\/index.php?rest_route=\/wp\/v2\/posts\/16540\/revisions\/16546"}],"wp:attachment":[{"href":"https:\/\/lemotdujour.fr\/index.php?rest_route=%2Fwp%2Fv2%2Fmedia&parent=16540"}],"wp:term":[{"taxonomy":"category","embeddable":true,"href":"https:\/\/lemotdujour.fr\/index.php?rest_route=%2Fwp%2Fv2%2Fcategories&post=16540"},{"taxonomy":"post_tag","embeddable":true,"href":"https:\/\/lemotdujour.fr\/index.php?rest_route=%2Fwp%2Fv2%2Ftags&post=16540"}],"curies":[{"name":"wp","href":"https:\/\/api.w.org\/{rel}","templated":true}]}}