{"id":1654,"date":"2016-03-18T01:00:00","date_gmt":"2016-03-17T22:00:00","guid":{"rendered":"http:\/\/lemotdujour.fr\/?p=1654"},"modified":"2023-10-16T23:49:41","modified_gmt":"2023-10-16T21:49:41","slug":"vendredi-18-mars-2016","status":"publish","type":"post","link":"https:\/\/lemotdujour.fr\/?p=1654","title":{"rendered":"Vendredi 18 mars 2016"},"content":{"rendered":"<div class=\"mdjDate\">Vendredi 18 mars 2016<\/div>\n<div class=\"mdjTexte\">\u00abla glace flotte [contrairement \u00e0] la plupart des corps [qui] sont plus denses \u00e0 l\u2019\u00e9tat solide\u00a0; [sans \u00e7a,] nous ne serions pas l\u00e0\u00a0!\u00a0\u00bb<\/div>\n<div class=\"mdjAuteur\">Hubert Reeves \u2013 \u00ab\u00a0L\u00e0 o\u00f9 cro\u00eet le p\u00e9ril\u2026 cro\u00eet aussi ce qui sauve\u00a0\u00bb<br \/>\n\u00ab\u00a0La belle histoire\u00a0\u00bb Page 38 &amp; 39<\/div>\n<p><span style=\"color: #777777; font-family: Arial;\">Hubert Reeves \u00e9crit :<br \/>\n<\/span><\/p>\n<p style=\"margin-left: 28pt;\"><span style=\"color: #c00000; font-family: Arial;\">\u00ab\u00a0Parfois les ph\u00e9nom\u00e8nes les plus familiers s&rsquo;av\u00e8rent \u00eatre les plus \u00e9tonnants.<br \/>\n<\/span><\/p>\n<p style=\"margin-left: 28pt;\"><span style=\"color: #c00000; font-family: Arial;\">Comme chacun le sait, la glace flotte \u00e0 la surface de l&rsquo;eau. Ce fait, qui a caus\u00e9 la catastrophe du Titanic en 1912, sa collision avec un iceberg, s&rsquo;av\u00e8re \u00eatre d&rsquo;une importance primordiale pour l&rsquo;existence de la vie sur Terre.<br \/>\n<\/span><\/p>\n<p style=\"margin-left: 28pt;\"><span style=\"color: #c00000; font-family: Arial;\">La glace, \u00e0 la surface des lacs, isole du froid les couches aquatiques profondes. Elle permet \u00e0 l&rsquo;eau d&rsquo;y rester liquide \u00e0 tr\u00e8s basse temp\u00e9rature ambiante si la glace s&rsquo;enfon\u00e7ait, les lacs g\u00e8leraient enti\u00e8rement et les organismes qui y vivent p\u00e9riraient s\u00fbrement.<br \/>\n<\/span><\/p>\n<p style=\"margin-left: 28pt;\"><span style=\"color: #c00000; font-family: Arial;\">En quoi cette propri\u00e9t\u00e9 est-elle \u00e9tonnante sur le plan de la physique ?<br \/>\n<\/span><\/p>\n<p style=\"margin-left: 28pt;\"><span style=\"color: #c00000; font-family: Arial;\">Il est bien connu que la chaleur dilate les corps et que le froid d\u00e9contracte et augmente l&rsquo;intensit\u00e9. Ainsi, la plupart des corps sont plus denses \u00e0 l&rsquo;\u00e9tat solide qu&rsquo;\u00e0 l&rsquo;\u00e9tat liquide. Quand l&rsquo;huile se fige \u00e0 cause du froid, elle coule au fond de la bouteille et le plomb fondu surnage sur le solide. Si la glace, plus froide que l&rsquo;eau liquide \u00e9tait aussi plus dense, elle coulerait \u00e0 basse temp\u00e9rature. Alors ? Pourquoi flotte telle ?<br \/>\n<\/span><\/p>\n<p style=\"margin-left: 28pt;\"><span style=\"color: #c00000; font-family: Arial;\">Effectivement, comme la presque totalit\u00e9 des substances, l&rsquo;eau se densifie quand on la refroidit. Mais quand on approche du point de cong\u00e9lation, aux environs de 4 \u00b0C, cette tendance s&rsquo;inverse et l&rsquo;eau devient progressivement moins dense : la glace flotte.<br \/>\n<\/span><\/p>\n<p style=\"margin-left: 28pt;\"><span style=\"color: #c00000; font-family: Arial;\">Cette propri\u00e9t\u00e9 s&rsquo;explique en termes de physico-chimie, de fa\u00e7on complexe d&rsquo;ailleurs. Rien de myst\u00e9rieux jusque-l\u00e0. Pourtant, en rapprochant la clart\u00e9 de cette propri\u00e9t\u00e9 exceptionnelle dans le monde des substances chimiques avec l&rsquo;importance de l&rsquo;eau pour l&rsquo;\u00e9laboration de la vie, il est peut-\u00eatre justifi\u00e9 de s&rsquo;\u00e9tonner. <\/span><\/p>\n<p style=\"margin-left: 28pt;\"><span style=\"color: #c00000; font-family: Arial;\">Peut-on inclure ce ph\u00e9nom\u00e8ne dans la liste de nos \u00ab sans \u00e7a \u00bb ? <\/span><\/p>\n<p style=\"margin-left: 28pt;\"><span style=\"color: #c00000; font-family: Arial;\">Encore une fois, j&rsquo;observe le ph\u00e9nom\u00e8ne et je r\u00e9serve mon jugement\u2026\u00bb<br \/>\n<\/span><\/p>\n<p><span style=\"color: #777777; font-family: Arial;\">Il y a encore bien d&rsquo;autres co\u00efncidences dans cette belle Histoire\u00a0:<br \/>\n<\/span><\/p>\n<p><span style=\"color: #777777; font-family: Arial;\">Ainsi l&rsquo;orbite quasi circulaire de la terre autour du soleil alors que la grande majorit\u00e9 des orbites observ\u00e9es dans l&rsquo;univers sont beaucoup plus elliptiques et dans ce cas les diff\u00e9rences de temp\u00e9rature, selon la position par rapport \u00e0 l&rsquo;astre, sont beaucoup plus grandes rendant la vie beaucoup plus difficile ou impossible.<br \/>\n<\/span><\/p>\n<p><span style=\"color: #777777; font-family: Arial;\">Il y a encore les neutrinos, la croissance de l&rsquo;oxyg\u00e8ne et la formation de la couche d&rsquo;ozone \u2026<br \/>\n<\/span><\/p>\n<p><span style=\"color: #777777; font-family: Arial;\">Et puis apr\u00e8s, au bout du bout, tout ce qui a permis \u00e0 la complexit\u00e9 d&rsquo;\u00e9merger et \u00e0 homo sapiens de coloniser la terre.<br \/>\n<\/span><\/p>\n<p><span style=\"color: #777777; font-family: Arial;\">Bref tout ce qui a permis la belle histoire de l&rsquo;humanit\u00e9, notre histoire.<br \/>\n<\/span><\/p>\n<p><span style=\"color: #777777; font-family: Arial;\">Hubert Reeves va aussi d\u00e9velopper, dans son livre, la moins belle histoire, celle o\u00f9 homo sapiens va \u00e9norm\u00e9ment cr\u00e9er, inventer et imaginer.<br \/>\n<\/span><\/p>\n<p><span style=\"color: #777777; font-family: Arial;\">Nous profitons de tout cela, la vie humaine est devenue moins dure, la sant\u00e9 s&rsquo;est am\u00e9lior\u00e9e et des maladies peuvent \u00eatre gu\u00e9ries et nous sommes souvent envahis d&rsquo;\u00e9motion devant toutes les manifestations cr\u00e9atrices de l&rsquo;homme dans les divers arts dans lesquels elles se sont \u00e9panouies.<br \/>\n<\/span><\/p>\n<p><span style=\"color: #777777; font-family: Arial;\">Mais il a r\u00e9alis\u00e9 ces choses, en partant du postulat que la terre et la nature pouvaient \u00eatre utilis\u00e9es sans limite et qu&rsquo;il \u00e9tait possible de pr\u00e9lever tous les \u00e9l\u00e9ments n\u00e9cessaires \u00e0 son confort, sans tenir compte des \u00e9quilibres naturels et sans appr\u00e9hender la disproportion entre le temps extraordinairement court dans lequel il consommait l&rsquo;\u00e9nergie fossile, au regard des millions d&rsquo;ann\u00e9es qui ont \u00e9t\u00e9 n\u00e9cessaire pour la fabriquer.<br \/>\n<\/span><\/p>\n<p><span style=\"color: #777777; font-family: Arial;\">Arriv\u00e9 \u00e0 ce stade, nous sommes confront\u00e9s \u00e0 deux positions tr\u00e8s tranch\u00e9es :<br \/>\n<\/span><\/p>\n<p><span style=\"color: #777777; font-family: Arial;\">Celles de tous ceux qui expliquent que l&rsquo;homme est en train, par son comportement, son industrie et sa technique de perturber si fortement l&rsquo;\u00e9quilibre naturel que les conditions qui ont permis l&rsquo;apparition de l&rsquo;humanit\u00e9 vont dispara\u00eetre.<br \/>\n<\/span><\/p>\n<p><span style=\"color: #777777; font-family: Arial;\">Celles de ceux qui dans les traditions religieuses<br \/>\n<\/span><\/p>\n<p style=\"margin-left: 28pt;\"><span style=\"color: #c00000; font-family: Arial;\">\u00ab\u00a0Soyez f\u00e9conds, emplissez la terre et soumettez-la\u2009; dominez sur les poissons de la mer, les oiseaux du ciel et tous les animaux de la terre\u00a0\u00bb<br \/>\n<em>(Gen\u00e8se 1,\u00a028)<\/em><br \/>\n<\/span><\/p>\n<p><span style=\"color: #777777; font-family: Arial;\">ou scientifique comme Ren\u00e9 Descartes qui esp\u00e8re que le d\u00e9veloppement des sciences permettra aux \u00eatres humains de devenir \u00ab <span style=\"color: #c00000;\">comme ma\u00eetre et possesseur de la nature<span style=\"color: #777777;\">\u00a0\u00bb\u00a0ont mis l&rsquo;homme au centre, les premiers consid\u00e9rant que toute la cr\u00e9ation a \u00e9t\u00e9 faite pour l&rsquo;homme sous la soumission de Dieu et les autres que l&rsquo;intelligence et les \u00ab\u00a0droits de l&rsquo;homme\u00a0\u00bb sont \u00e0 un tel niveau que la nature et les ressources terrestres sont \u00e0 sa seule disposition. Pour les seconds, en outre, la critique de la sauvagerie et du c\u00f4t\u00e9 impitoyable de la nature, interdit de lui\u00a0reconna\u00eetre\u00a0une pr\u00e9s\u00e9ance \u00e0 l&rsquo;histoire de l&rsquo;homme qui\u00a0outre les guerres a quand m\u00eame d\u00e9velopp\u00e9 la compassion, la m\u00e9decine, la science, l&rsquo;art qui ont su embellir et corriger les rudesses de la nature.<br \/>\n<\/span><\/span><\/span><\/p>\n<p><span style=\"color: #777777; font-family: Arial;\">Il existe des extr\u00e9mistes dans ces deux th\u00e8ses.<br \/>\n<\/span><\/p>\n<p><span style=\"color: #777777; font-family: Arial;\">Les premiers pourraient d\u00e9boucher sur un r\u00e9gime totalitaire o\u00f9 la religion de l&rsquo;\u00e9cologie justifierait des actes de contraintes et de restriction des libert\u00e9s fondamentales.<br \/>\n<\/span><\/p>\n<p><span style=\"color: #777777; font-family: Arial;\">Les seconds arcs bout\u00e9s sur leur confort et leur \u00e9go\u00efsme, ne croient pas aux avertissements des scientifiques ou pensent que le g\u00e9nie humain trouvera toujours de nouvelles solutions leur permettant ainsi de continuer \u00e0 ne rien changer dans leur comportement de vie et de consommation.<br \/>\n<\/span><\/p>\n<p><span style=\"color: #777777; font-family: Arial;\">Les premiers sont dangereux et liberticides et les seconds sont aveugles et tout aussi dangereux.<br \/>\n<\/span><\/p>\n<p><span style=\"color: #777777; font-family: Arial;\">Car si les scientifiques poursuivent la qu\u00eate de l&rsquo;existence d&rsquo;autres formes de vie dans l&rsquo;univers, il est clair que si elles existaient elles ne seraient pas dans une proximit\u00e9 atteignable par nos moyens de transport.<br \/>\n<\/span><\/p>\n<p><span style=\"color: #777777; font-family: Arial;\">Notre terre constitue donc une oasis entour\u00e9e d&rsquo;un immense d\u00e9sert st\u00e9rile dans l&rsquo;univers.<br \/>\n<\/span><\/p>\n<p><span style=\"color: #777777; font-family: Arial;\">Et nous serions donc bien inspir\u00e9 de nous en pr\u00e9occuper vraiment, sans \u00e7a, nos descendants ne seront plus l\u00e0 pour en parler.<br \/>\n<\/span><\/p>\n<p><span style=\"color: #777777; font-family: Arial;\">Je vous redonne le lien vers la conf\u00e9rence donn\u00e9 dans le mot du jour de lundi (il faut se positionner \u00e0 30 mn sur la vid\u00e9o) : <a href=\"https:\/\/www.youtube.com\/watch?v=yPPrdTqOmh8\"><span style=\"color: blue; text-decoration: underline;\">&lt;ici&gt;<\/span><\/a><br \/>\n<\/span><\/p>\n<p><span style=\"color: #777777; font-family: Arial;\">Et un lien vers le livre\u00a0 <a href=\"http:\/\/www.chez-mon-libraire.fr\/livre\/9782757844250-la-ou-croit-le-peril-croit-aussi-ce-qui-sauve-hubert-reeves\/\"><span style=\"color: blue; text-decoration: underline;\">&lt;La o\u00f9 croit le p\u00e9ril\u2026&gt;<\/span><\/a><br \/>\n<\/span><\/p>\n<p><span style=\"color: #c00000; font-family: Arial;\">&lt;668&gt;<\/span><\/p>\n","protected":false},"excerpt":{"rendered":"<p>Vendredi 18 mars 2016 \u00abla glace flotte [contrairement \u00e0] la plupart des corps [qui] sont plus denses \u00e0 l\u2019\u00e9tat solide\u00a0; [sans \u00e7a,] nous ne serions pas l\u00e0\u00a0!\u00a0\u00bb Hubert Reeves \u2013 \u00ab\u00a0L\u00e0 o\u00f9 cro\u00eet le p\u00e9ril\u2026 cro\u00eet aussi ce qui sauve\u00a0\u00bb<\/p>\n","protected":false},"author":1,"featured_media":0,"comment_status":"closed","ping_status":"closed","sticky":false,"template":"","format":"standard","meta":{"footnotes":""},"categories":[1],"tags":[238,43,35],"class_list":["post-1654","post","type-post","status-publish","format-standard","hentry","category-motdujour","tag-astrophysique","tag-ecologie","tag-sciences"],"_links":{"self":[{"href":"https:\/\/lemotdujour.fr\/index.php?rest_route=\/wp\/v2\/posts\/1654","targetHints":{"allow":["GET"]}}],"collection":[{"href":"https:\/\/lemotdujour.fr\/index.php?rest_route=\/wp\/v2\/posts"}],"about":[{"href":"https:\/\/lemotdujour.fr\/index.php?rest_route=\/wp\/v2\/types\/post"}],"author":[{"embeddable":true,"href":"https:\/\/lemotdujour.fr\/index.php?rest_route=\/wp\/v2\/users\/1"}],"replies":[{"embeddable":true,"href":"https:\/\/lemotdujour.fr\/index.php?rest_route=%2Fwp%2Fv2%2Fcomments&post=1654"}],"version-history":[{"count":2,"href":"https:\/\/lemotdujour.fr\/index.php?rest_route=\/wp\/v2\/posts\/1654\/revisions"}],"predecessor-version":[{"id":14996,"href":"https:\/\/lemotdujour.fr\/index.php?rest_route=\/wp\/v2\/posts\/1654\/revisions\/14996"}],"wp:attachment":[{"href":"https:\/\/lemotdujour.fr\/index.php?rest_route=%2Fwp%2Fv2%2Fmedia&parent=1654"}],"wp:term":[{"taxonomy":"category","embeddable":true,"href":"https:\/\/lemotdujour.fr\/index.php?rest_route=%2Fwp%2Fv2%2Fcategories&post=1654"},{"taxonomy":"post_tag","embeddable":true,"href":"https:\/\/lemotdujour.fr\/index.php?rest_route=%2Fwp%2Fv2%2Ftags&post=1654"}],"curies":[{"name":"wp","href":"https:\/\/api.w.org\/{rel}","templated":true}]}}