{"id":16532,"date":"2025-03-06T20:42:54","date_gmt":"2025-03-06T19:42:54","guid":{"rendered":"https:\/\/lemotdujour.fr\/?p=16532"},"modified":"2025-08-15T20:55:50","modified_gmt":"2025-08-15T18:55:50","slug":"jeudi-6-mars-2025","status":"publish","type":"post","link":"https:\/\/lemotdujour.fr\/?p=16532","title":{"rendered":"Jeudi 6 mars 2025"},"content":{"rendered":"<div class=\"mdjTexte\">\u00ab Nous \u00e9tions en guerre contre un dictateur, nous nous battons d\u00e9sormais contre un dictateur soutenu par un tra\u00eetre. \u00bb<\/div>\n<div class=\"mdjAuteur\">Claude Malhuret, s\u00e9nateur de l&rsquo;Allier, discours au S\u00e9nat du 4 mars 2025<\/div>\n<p><span style=\"color: #777777; font-family: arial;\">Ecouter un discours de <strong>Claude Malhuret<\/strong> constitue toujours un moment savoureux, tant cet homme sait trouver les mots pour d\u00e9crire une situation, un \u00e9v\u00e8nement, le comportement d\u2019un humain.<\/span><\/p>\n<p><span style=\"color: #777777; font-family: arial;\">Souvent, je suis d\u2019accord avec le point de vue de ce centriste qui a \u00e9t\u00e9 deux ans secr\u00e9taire d\u2019\u00e9tat aux droits de l\u2019homme de 1986 \u00e0 1988, dans le gouvernement de cohabitation de Jacques Chirac. Il a \u00e9t\u00e9 maire de Vichy de 1989 \u00e0 2017, il est toujours s\u00e9nateur de l\u2019Allier. <\/span><\/p>\n<p><span style=\"color: #777777; font-family: arial;\">M\u00e9decin de formation il a \u00e9t\u00e9 pendant 8 ans pr\u00e9sident de M\u00e9decin sans fronti\u00e8re \u00e0 partir de 1978. <\/span><\/p>\n<p><span style=\"color: #777777; font-family: arial;\">Initialement, il \u00e9tait marqu\u00e9 \u00e0 gauche et m\u00eame marxiste. Mais il a r\u00e9solument quitt\u00e9 ce courant de pens\u00e9e en 1977, au retour d&rsquo;un voyage en Tha\u00eflande. <\/span><\/p>\n<p><span style=\"color: #777777; font-family: arial;\">Wikipedia nous apprend qu\u2019en 1976 et 1977, en Tha\u00eflande, il est coordinateur des \u00e9quipes m\u00e9dicales de l&rsquo;association M\u00e9decins sans fronti\u00e8res (MSF) dans les camps de r\u00e9fugi\u00e9s cambodgiens, laotiens et vietnamiens. \u00ab Nous nous \u00e9tions mis\u00e9rablement fourvoy\u00e9s \u00bb, reconna\u00eetra-t-il plus tard au sujet du <a href=\"https:\/\/lemotdujour.fr\/?p=16381\"><span style=\"color: #0000ff;\">g\u00e9nocide cambodgien<\/span><\/a>, perp\u00e9tr\u00e9 de 1975 \u00e0 1979 par les Khmers rouges. C\u2019est cette exp\u00e9rience qui l\u2019\u00e9loignera des utopies radicales et de la Gauche qui pr\u00e9tend incarner \u00ab le bien \u00bb. En 2003, il publie un livre sur ce sujet : \u00ab Les Vices de la vertu ou la Fin de la gauche morale. \u00bb. <\/span><\/p>\n<p><span style=\"color: #777777; font-family: arial;\"><img loading=\"lazy\" decoding=\"async\" class=\" wp-image-16534 alignleft\" src=\"https:\/\/lemotdujour.fr\/wp-content\/uploads\/2025\/03\/Claude-Malhuret.jpg\" alt=\"\" width=\"468\" height=\"234\" srcset=\"https:\/\/lemotdujour.fr\/wp-content\/uploads\/2025\/03\/Claude-Malhuret.jpg 1280w, https:\/\/lemotdujour.fr\/wp-content\/uploads\/2025\/03\/Claude-Malhuret-300x150.jpg 300w, https:\/\/lemotdujour.fr\/wp-content\/uploads\/2025\/03\/Claude-Malhuret-1024x512.jpg 1024w, https:\/\/lemotdujour.fr\/wp-content\/uploads\/2025\/03\/Claude-Malhuret-768x384.jpg 768w\" sizes=\"auto, (max-width: 468px) 100vw, 468px\" \/>Apr\u00e8s l\u2019\u00e9pisode lamentable dans le bureau ovale de la Maison Blanche, pendant lequel Trump et son vice pr\u00e9sident ont insult\u00e9 le Pr\u00e9sident Ukrainien <strong>Volodomyr Zelenski<\/strong>, Claude Malhuret a tremp\u00e9 sa plume dans l\u2019acide et a offert au S\u00e9nat <a href=\"https:\/\/clio-texte.clionautes.org\/discours-claude-malhuret-trump-ukraine.html\"><span style=\"color: #0000ff;\">un discours d\u2019anthologie<\/span><\/a> :\u00a0 <\/span><\/p>\n<p style=\"margin-left: 28pt;\"><span style=\"color: #c00000; font-family: arial;\">\u00ab L\u2019Europe est \u00e0 un tournant critique de son histoire. Le bouclier am\u00e9ricain se d\u00e9robe, l\u2019Ukraine risque d\u2019\u00eatre abandonn\u00e9e, la Russie renforc\u00e9e. Washington est devenu la cour de N\u00e9ron. Un empereur incendiaire, des courtisans soumis et un bouffon sous k\u00e9tamine charg\u00e9 de l\u2019\u00e9puration de la fonction publique. C\u2019est un drame pour le monde libre, mais c\u2019est d\u2019abord un drame pour les \u00c9tats-Unis. \u00bb<\/span><\/p>\n<p><span style=\"color: #777777; font-family: arial;\">\u00ab <strong>Un bouffon sous k\u00e9tamine<\/strong> \u00bb d\u00e9signe Elon Musk. Ce dernier, comme le rappelle \u00ab <a href=\"https:\/\/www.ouest-france.fr\/leditiondusoir\/2025-03-12\/quels-sont-les-effets-de-la-ketamine-cette-drogue-que-consommerait-elon-musk-69d2c44f-1af4-483c-b543-d74560bdade0\"><span style=\"color: #0000ff;\">Ouest France<\/span><\/a> \u00bb, a admis consommer r\u00e9guli\u00e8rement de la k\u00e9tamine, une drogue aux effets dissociatifs puissants, pouvant alt\u00e9rer la perception de la r\u00e9alit\u00e9 et influencer la prise de d\u00e9cision. <\/span><\/p>\n<p><span style=\"color: #777777; font-family: arial;\">\u00ab <a href=\"https:\/\/www.lepoint.fr\/sante\/elon-musk-et-la-ketamine-quels-sont-les-effets-de-cette-drogue-13-03-2025-2584621_40.php\"><span style=\"color: #0000ff;\">Le Point<\/span><\/a> \u00bb donne des pr\u00e9cisions sur la k\u00e9tamine : \u00ab Cette mol\u00e9cule est une substance d\u00e9riv\u00e9e de la phencyclidine et produite chimiquement. Actuellement, elle est utilis\u00e9e par les professionnels de sant\u00e9 comme anesth\u00e9sique v\u00e9t\u00e9rinaire ainsi qu&rsquo;en m\u00e9decine humaine \u00e9galement dans le cadre des anesth\u00e9sies g\u00e9n\u00e9rales. \u00ab Sous forme inhal\u00e9e, ce produit est utilis\u00e9 pour soulager un trouble d\u00e9pressif et des id\u00e9es suicidaires \u00bb, compl\u00e8te le Pr Amine Benyamina, psychiatre, sp\u00e9cialis\u00e9 en addictologie et \u00e0 la t\u00eate du service de psychiatrie et d&rsquo;addictologie de l&rsquo;h\u00f4pital Paul-Brousse (AP-HP) \u00e0 Villejuif (Val-de-Marne). La k\u00e9tamine fait partie de la cat\u00e9gorie des hallucinog\u00e8nes. Mais, elle est aussi d\u00e9tourn\u00e9e de son usage m\u00e9dical \u00e0 des fins r\u00e9cr\u00e9atives. \u00ab La k\u00e9tamine peut \u00eatre utilis\u00e9e dans les milieux festifs. \u00c0 doses mod\u00e9r\u00e9es, elle provoque des hallucinations, un sentiment de d\u00e9tente et des effets sensoriels tr\u00e8s importants \u00bb, alerte l&rsquo;addictologue. Les adeptes mettent \u00e9galement en avant des \u00e9tats dissociatifs avec une distorsion de la perception visuelle et corporelle. \u00bb <\/span><\/p>\n<p><span style=\"color: #777777; font-family: arial;\">Certaines apparitions de Musk en public semble montrer, en effet, que cet homme se trouve dans un \u00e9tat de lucidit\u00e9 al\u00e9atoire.<\/span><\/p>\n<p style=\"margin-left: 28pt;\"><span style=\"color: #c00000; font-family: arial;\">\u00ab Le message de Trump est que rien ne sert d\u2019\u00eatre son alli\u00e9 puisqu\u2019il en vous d\u00e9fendra pas, qu\u2019il vous imposera plus de droits de douane qu\u2019\u00e0 ses ennemis et vous menacera de s\u2019emparer de vos territoires tout en soutenant les dictatures qui vous envahissent. Le roi du deal est en train de montrer ce qu\u2019est l\u2019art du deal \u00e0 plat ventre. Il pense qu\u2019il va intimider la Chine en se couchant devant Poutine, mais Xi Jinping, devant un tel naufrage, est sans doute en train d\u2019acc\u00e9l\u00e9rer les pr\u00e9paratifs de l\u2019invasion de Ta\u00efwan. \u00bb<\/span><\/p>\n<p><span style=\"color: #777777; font-family: arial;\"><img loading=\"lazy\" decoding=\"async\" class=\" wp-image-16536 alignright\" src=\"https:\/\/lemotdujour.fr\/wp-content\/uploads\/2025\/03\/Trump-Poutine.jpg\" alt=\"\" width=\"353\" height=\"187\" srcset=\"https:\/\/lemotdujour.fr\/wp-content\/uploads\/2025\/03\/Trump-Poutine.jpg 600w, https:\/\/lemotdujour.fr\/wp-content\/uploads\/2025\/03\/Trump-Poutine-300x159.jpg 300w\" sizes=\"auto, (max-width: 353px) 100vw, 353px\" \/>Il est \u00e9tonnant de constater que Trump s\u2019attaque d\u2019abord \u00e0 ses alli\u00e9s historiques qu\u2019il ne respecte pas alors qu\u2019il r\u00e9p\u00e8te son respect pour les dictateurs ou autocrates comme Poutine et Xi Jinping. L\u2019analyse du fonctionnement de la rh\u00e9torique Trumpiste, nous rapproche des r\u00e8gles mafieuses dans lesquelles le parrain exige la soumission \u00e0 sa pr\u00e9dation\u00a0 contre une promesse, toujours r\u00e9vocable, de protection.<\/span><\/p>\n<p style=\"margin-left: 28pt;\"><span style=\"color: #c00000; font-family: arial;\">\u00ab Jamais dans l\u2019histoire un pr\u00e9sident des \u00c9tats-Unis n\u2019a capitul\u00e9 devant l\u2019ennemi. Jamais aucun n\u2019a soutenu un agresseur contre un alli\u00e9. Jamais aucun n\u2019a pi\u00e9tin\u00e9 la Constitution am\u00e9ricaine, pris autant de d\u00e9crets ill\u00e9gaux, r\u00e9voqu\u00e9 les juges qui pourraient l\u2019en emp\u00eacher, limog\u00e9 d\u2019un coup l\u2019\u00e9tat-major militaire, affaibli tous les contre-pouvoirs et pris le contr\u00f4le des r\u00e9seaux sociaux.<br \/>\nCe n\u2019est pas une d\u00e9rive illib\u00e9rale, c\u2019est un d\u00e9but de confiscation de la d\u00e9mocratie. Rappelons-nous qu\u2019il n\u2019a fallu qu\u2019un mois, trois semaines et deux jours pour mettre \u00e0 bas la R\u00e9publique de Weimar et sa constitution. \u00bb<\/span><\/p>\n<p><span style=\"color: #777777; font-family: arial;\">Claude Malhuret rappelle le pr\u00e9c\u00e9dent f\u00e2cheux de la R\u00e9publique de Weimar qui en 1933 a permis l\u2019accession des nazis au pouvoir en Allemagne gr\u00e2ce \u00e0 la complicit\u00e9 des partis de droite et du centre. Arriv\u00e9 au pouvoir par des processus institutionnels, il a fallu peu de temps \u00e0 ce parti pour \u00e9liminer tous les contrepouvoirs et devenir une dictature. Pour l\u2019instant, Trump est dans le processus de faire taire tous les contrepouvoirs aux Etats-Unis en commen\u00e7ant par la Justice, la Presse et aussi le monde Universitaire.<\/span><\/p>\n<p style=\"margin-left: 28pt;\"><span style=\"color: #c00000; font-family: arial;\">\u00ab J\u2019ai confiance dans la solidit\u00e9 de la d\u00e9mocratie am\u00e9ricaine et le pays proteste d\u00e9j\u00e0. Mais, en un mois, Trump a fait plus de mal \u00e0 l\u2019Am\u00e9rique qu\u2019en quatre ans de sa derni\u00e8re pr\u00e9sidence. \u00bb<\/span><\/p>\n<p><span style=\"color: #777777; font-family: arial;\">Il est certain que par rapport \u00e0 son premier mandat, Trump est mieux pr\u00e9par\u00e9 et mieux entour\u00e9 pour mettre en \u0153uvre sa politique autoritaire, violente et cherchant \u00e0 r\u00e9duire la d\u00e9mocratie \u00e0 son seul pouvoir.<\/span><\/p>\n<p style=\"margin-left: 28pt;\"><span style=\"color: #c00000; font-family: arial;\">\u00ab Nous \u00e9tions en guerre contre un dictateur, nous nous battons d\u00e9sormais contre un dictateur soutenu par un tra\u00eetre. Il y a huit jours, au moment m\u00eame o\u00f9 Trump passait la main dans le dos de Macron \u00e0 la Maison-Blanche, les \u00c9tats-Unis votaient \u00e0 l\u2019ONU avec la Russie et la Cor\u00e9e du Nord contre les Europ\u00e9ens r\u00e9clamant le d\u00e9part des troupes russes. Deux jours plus tard, dans le Bureau ovale, le planqu\u00e9 du service militaire donnait des le\u00e7ons de morale et de strat\u00e9gie au h\u00e9ros de guerre Zelensky, avant de le cong\u00e9dier comme un palefrenier en lui ordonnant de se soumettre ou de se d\u00e9mettre [applaudissements]. Cette nuit, il a franchi un pas de plus vers l\u2019infamie en stoppant la livraison d\u2019armes pourtant promises. \u00bb<\/span><\/p>\n<p><span style=\"color: #777777; font-family: arial;\">Ce n\u2019est pas la premi\u00e8re fois que les Etats-Unis n\u2019ont pas vot\u00e9 comme les europ\u00e9ens \u00e0 l\u2019ONU, mais c\u2019est la premi\u00e8re fois qu\u2019ils ont vot\u00e9 avec la Russie et la Cor\u00e9e du Nord. Claude Malhuret rappelle aussi que Donald Trump s\u2019est fait exempt\u00e9 du service militaire pour de sombres <a href=\"https:\/\/www.franceinfo.fr\/monde\/usa\/presidentielle\/donald-trump\/le-petit-mensonge-de-donald-trump-sur-son-exemption-du-service-militaire_1574107.html\"><span style=\"color: #0000ff;\">raisons m\u00e9dicales<\/span><\/a><span style=\"color: #0000ff;\">.<\/span> Enfin il semble clair \u00e0 ce stade que ses positions et propositions sont davantage en faveur des th\u00e8ses de Poutine que de l\u2019int\u00e9r\u00eat de l\u2019\u00e9tat souverain d\u2019Ukraine agress\u00e9 par son voisin et ayant une grande part de son territoire occup\u00e9 et annex\u00e9.<\/span><\/p>\n<p style=\"margin-left: 28pt;\"><span style=\"color: #c00000; font-family: arial;\">\u00ab Que faire devant cette trahison ? La r\u00e9ponse est simple : faire face. Et d\u2019abord ne pas se tromper. La d\u00e9faite de l\u2019Ukraine serait la d\u00e9faite de l\u2019Europe. Les pays baltes, la G\u00e9orgie, la Moldavie sont d\u00e9j\u00e0 sur la liste. Le but de Poutine est le retour \u00e0 Yalta, o\u00f9 fut c\u00e9d\u00e9e la moiti\u00e9 du continent \u00e0 Staline. Les pays du Sud attendent l\u2019issue du conflit pour d\u00e9cider s\u2019ils doivent continuer \u00e0 respecter l\u2019Europe ou s\u2019ils sont d\u00e9sormais libres de la pi\u00e9tiner. Ce que veut Poutine, c\u2019est la fin de l\u2019ordre mis en place par les \u00c9tats-Unis et leurs alli\u00e9s, il y a 80 ans, avec comme premier principe l\u2019interdiction d\u2019acqu\u00e9rir des territoires par la force. Cette id\u00e9e est \u00e0 la source m\u00eame de l\u2019ONU, o\u00f9 aujourd\u2019hui les Am\u00e9ricains votent en faveur de l\u2019agresseur et contre l\u2019agress\u00e9 parce que la vision trumpienne co\u00efncide avec celle de Poutine : un retour aux sph\u00e8res d\u2019influence, les grandes puissances dictant le sort des petits pays. \u201c\u00c0 moi le Groenland, le Panama et le Canada. \u00c0 toi l\u2019Ukraine, les pays baltes et l\u2019Europe de l\u2019Est, \u00e0 lui Taiwan et la mer de Chine.\u201d On appelle cela dans les soir\u00e9es des oligarques du golfe de Mar-a- Lago le r\u00e9alisme diplomatique. Nous sommes donc seuls. Mais le discours selon lequel on ne peut r\u00e9sister \u00e0 Poutine est faux. \u00bb<\/span><\/p>\n<p><span style=\"color: #777777; font-family: arial;\">Malhuret esp\u00e8re un sursaut de l\u2019Europe. En sera t\u2019elle capable ?<\/span><\/p>\n<p style=\"margin-left: 28pt;\"><span style=\"color: #c00000; font-family: arial;\">\u00ab Contrairement \u00e0 la propagande du Kremlin, la Russie va mal. En trois ans, la soi-disante deuxi\u00e8me arm\u00e9e du monde n\u2019a r\u00e9ussi \u00e0 grapiller que des miettes d\u2019un pays trois fois moins peupl\u00e9, les taux d\u2019int\u00e9r\u00eat \u00e0 25%, l\u2019effondrement des r\u00e9serves de devises et d\u2019or, l\u00b4\u2019\u00e9croulement d\u00e9mographique montrent qu\u2019elle est au bord du gouffre. Le coup de pouce am\u00e9ricain \u00e0 Poutine est la plus grande erreur strat\u00e9gique commise lors d\u2019une guerre. \u00bb<\/span><\/p>\n<p><span style=\"color: #777777; font-family: arial;\">Strat\u00e9giquement Malhuret a probablement raison,<\/span><\/p>\n<p style=\"margin-left: 28pt;\"><span style=\"color: #c00000; font-family: arial;\">\u00ab Le choc est violent mais il a une vertu : les Europ\u00e9ens sortent du d\u00e9ni. Ils ont compris en un jour \u00e0 Munich que la survie de l\u2019Ukraine et l\u2019avenir de l\u2019Europe sont entre leurs mains et qu\u2019ils ont trois imp\u00e9ratifs : acc\u00e9l\u00e9rer l\u2019aide militaire \u00e0 l\u2019Ukraine pour compenser le l\u00e2chage am\u00e9ricain, pour qu\u2019elle tienne et pour imposer sa pr\u00e9sence et celle de l\u2019Europe dans toute n\u00e9gociation. Cela co\u00fbtera cher, il faudra en terminer avec le tabou des avoirs russes gel\u00e9s ; il faudra contourner les complices de Moscou \u00e0 l\u2019int\u00e9rieur de l\u2019Europe par une collaboration des seuls pays volontaires, avec bien s\u00fbr le Royaume Uni. En second lieu, exiger que tout accord soit accompagn\u00e9 du retour des enfants kidnapp\u00e9s, des prisonniers et des garanties de s\u00e9curit\u00e9 absolue. Apr\u00e8s Budapest, la Georgie et Minsk, nous savons ce que valent les accords avec Poutine. Ces garanties passent par une force militaire suffisante pour emp\u00eacher une nouvelle invasion. \u00bb<\/span><\/p>\n<p><span style=\"color: #777777; font-family: arial;\">Il faut surtout convaincre les peuples europ\u00e9ens de cette n\u00e9cessit\u00e9. Il existe au sein de ces peuples de nombreuses tendances qui soit par l\u00e2chet\u00e9, soit par l\u2019influence de lobbys pro-russe pr\u00e9tendent que la Russie ne constitue pas une menace pour l\u2019Europe.<\/span><\/p>\n<p style=\"margin-left: 28pt;\"><span style=\"color: #c00000; font-family: arial;\">\u00ab Enfin, et c\u2019est le plus urgent, parce que c\u2019est ce qui prendra le plus de temps, il faut reb\u00e2tir la d\u00e9fense europ\u00e9enne n\u00e9glig\u00e9e au profit du parapluie [nucl\u00e9aire] am\u00e9ricain depuis 1945 et sabord\u00e9e depuis la chute du mur de Berlin. C\u2019est une t\u00e2che hercul\u00e9enne mais c\u2019est sur sa r\u00e9ussite ou son \u00e9chec que seront jug\u00e9s dans les livres d\u2019histoire les dirigeants de l\u2019Europe d\u00e9mocratique d\u2019aujourd\u2019hui. Friedrich Merz vient de d\u00e9clarer que l\u2019Europe a besoin de sa propre alliance militaire. C\u2019est reconna\u00eetre que la France avait raison depuis des d\u00e9cennies en plaidant pour une autonomie strat\u00e9gique. Il reste \u00e0 la construire. Il faudra investir massivement, renforcer le fonds europ\u00e9en de d\u00e9fense hors des crit\u00e8res d\u2019endettement de Maastricht, harmoniser les syst\u00e8mes d\u2019armes et de munitions. \u00bb<\/span><\/p>\n<p><span style=\"color: #777777; font-family: arial;\">Melenchon, Emmanuel Todd aussi, semblent craindre davantage le r\u00e9armement allemand que l\u2019hostilit\u00e9 de l\u2019imp\u00e9rialisme russe.<\/span><\/p>\n<p style=\"margin-left: 28pt;\"><span style=\"color: #c00000; font-family: arial;\">\u00ab Acc\u00e9l\u00e9rer l\u2019entraide de l\u2019Union [europ\u00e9nne] \u00e1 l\u2019Ukraine qui est aujourd\u2019hui la premi\u00e8re arm\u00e9e europ\u00e9enne, repenser la place et les conditions de la dissuasion nucl\u00e9aire \u00e0 partir des capacit\u00e9s fran\u00e7aises et britanniques, relancer les programmes de bouclier anti-missiles et de satellites. Le plan annonc\u00e9 hier par Ursula Von der Leyen est un tr\u00e8s bon point de d\u00e9part. Et il faudra beaucoup plus. L\u2019Europe ne redeviendra une puissance militaire qu\u2019en redevenant une puissance industrielle. En un mot, il faudra appliquer le rapport Draghi pour de bon. \u00bb<\/span><\/p>\n<p><span style=\"color: #777777; font-family: arial;\">Redevenir une puissance industrielle, voil\u00e0 la cl\u00e9. Est-il r\u00e9aliste d\u2019y croire ? Est-il possible que les europ\u00e9ens se mobilisent pour agir dans ce sens ?<\/span><\/p>\n<p style=\"margin-left: 28pt;\"><span style=\"color: #c00000; font-family: arial;\">\u00ab Mais le vrai r\u00e9armement de l\u2019Europe, c\u2019est son r\u00e9armement moral. Nous devons convaincre l\u2019opinion face \u00e0 la lassitude et \u00e0 la peur de la guerre, et surtout face aux comparses de Poutine, l\u2019extr\u00eame droite et l\u2019extr\u00eame gauche. Ils ont encore plaid\u00e9 hier \u00e0 l\u2019Assembl\u00e9e nationale, monsieur le premier ministre devant vous, contre l\u2019unit\u00e9 europ\u00e9enne, contre la d\u00e9fense europ\u00e9enne. Ils disent vouloir la paix. Ce que ni eux ni Trump ne disent, c\u2019est que leur paix c\u2019est la capitulation, la paix ou la d\u00e9faite, le remplacement de \u201cde Gaulle Zelinsky\u201d par un P\u00e9tain ukrainien \u00e0 la botte de Poutine, la paix des collabos qui ont refus\u00e9 depuis trois ans toute aide aux Ukrainiens. Est-ce la fin de l\u2019Alliance atlantique? Le risque est grand.\u00a0 \u00bb<\/span><\/p>\n<p><span style=\"color: #777777; font-family: arial;\">Vouloir la paix tel est le slogan utilis\u00e9 par l\u2019extr\u00eame droite et par l\u2019extr\u00eame gauche. Melenchon a l\u2019air de croire qu\u2019il suffit d\u2019aller n\u00e9gocier avec Poutine et de faire appel \u00e0 sa raison pour sortir avec un solide trait\u00e9 de paix permettant \u00e0 l\u2019Europe de vivre sereinement \u00e0 c\u00f4t\u00e9 de cet imp\u00e9rialisme autoritaire et militaris\u00e9. Je suis persuad\u00e9, pour ma part, que seul une puissance militaire forte peut n\u00e9gocier s\u00e9rieusement avec des pr\u00e9dateurs comme Poutine et aussi comme Trump.<\/span><\/p>\n<p style=\"margin-left: 28pt;\"><span style=\"color: #c00000; font-family: arial;\">\u00ab Mais depuis quelques jours, l\u2019humiliation publique de Zelinsky et toutes les d\u00e9cisions folles prises depuis un mois ont fini par faire r\u00e9agir les Am\u00e9ricains. Les sondages sont en chute, les \u00e9lus r\u00e9publicains sont accueillis par des foules hostiles dans leurs circonscriptions, m\u00eame FoxNews devient critique. Les trumpistes en sont plus en majest\u00e9, ils contr\u00f4lent l\u2019ex\u00e9cutif, le Parlement, la Cour supr\u00eame et les r\u00e9seaux sociaux. Mais dans l\u2019histoire am\u00e9ricaine, les partisans de la libert\u00e9 ont toujours gagn\u00e9 : ils commencent \u00e0 relever la t\u00eate. Le sort de l\u2019Ukraine se joue dans les tranch\u00e9es, mais il d\u00e9pend aussi de ceux qui aux \u00c9tats-Unis, veulent d\u00e9fendre la d\u00e9mocratie, et ici de notre capacit\u00e9 \u00e0 unir les Europ\u00e9ens, \u00e0 trouver les moyens de leur d\u00e9fense commune et \u00e0 refaire de l\u2019Europe la puissance qu\u2019elle fut un jour dans l\u2019Histoire et qu\u2019elle h\u00e9site \u00e0 redevenir. \u00bb<\/span><\/p>\n<p><span style=\"color: #777777; font-family: arial;\">L\u2019optimisme du s\u00e9nateur de l\u2019Allier est doux \u00e0 entendre. Pour ma part, j\u2019ai des doutes\u2026<\/span><\/p>\n<p style=\"margin-left: 28pt;\"><span style=\"color: #c00000; font-family: arial;\">\u00ab Nos parents ont vaincu le fascisme et le communisme au prix de tous les sacrifices. La t\u00e2che de notre g\u00e9n\u00e9ration est de vaincre les totalitarismes du 21e si\u00e8cle. Vive l\u2019Ukraine libre ! Vive l\u2019Europe d\u00e9mocratique ! \u00bb<\/span><\/p>\n<p><span style=\"color: #777777; font-family: arial;\">Nous sommes au temps des pr\u00e9dateurs, il faut r\u00e9sister. Pour cela il faut disposer d\u2019une force morale forte que je sens peu dans notre soci\u00e9t\u00e9. Ce discours restera un moment de lucidit\u00e9 et de combat dans un monde de mollesse et de l\u00e2che soulagement. <a href=\"https:\/\/clio-texte.clionautes.org\/discours-claude-malhuret-trump-ukraine.html\"><span style=\"color: #0000ff;\">\u00ab Le discours de Claude Malhuret \u00bb<\/span><\/a><\/span><\/p>\n","protected":false},"excerpt":{"rendered":"<p>\u00ab Nous \u00e9tions en guerre contre un dictateur, nous nous battons d\u00e9sormais contre un dictateur soutenu par un tra\u00eetre. \u00bb Claude Malhuret, s\u00e9nateur de l&rsquo;Allier, discours au S\u00e9nat du 4 mars 2025 Ecouter un discours de Claude Malhuret constitue toujours<\/p>\n","protected":false},"author":1,"featured_media":0,"comment_status":"open","ping_status":"closed","sticky":false,"template":"","format":"standard","meta":{"footnotes":""},"categories":[1],"tags":[65,109,120,218],"class_list":["post-16532","post","type-post","status-publish","format-standard","hentry","category-motdujour","tag-etats-unis","tag-geopolitique","tag-pologne","tag-ukraine"],"_links":{"self":[{"href":"https:\/\/lemotdujour.fr\/index.php?rest_route=\/wp\/v2\/posts\/16532","targetHints":{"allow":["GET"]}}],"collection":[{"href":"https:\/\/lemotdujour.fr\/index.php?rest_route=\/wp\/v2\/posts"}],"about":[{"href":"https:\/\/lemotdujour.fr\/index.php?rest_route=\/wp\/v2\/types\/post"}],"author":[{"embeddable":true,"href":"https:\/\/lemotdujour.fr\/index.php?rest_route=\/wp\/v2\/users\/1"}],"replies":[{"embeddable":true,"href":"https:\/\/lemotdujour.fr\/index.php?rest_route=%2Fwp%2Fv2%2Fcomments&post=16532"}],"version-history":[{"count":5,"href":"https:\/\/lemotdujour.fr\/index.php?rest_route=\/wp\/v2\/posts\/16532\/revisions"}],"predecessor-version":[{"id":16539,"href":"https:\/\/lemotdujour.fr\/index.php?rest_route=\/wp\/v2\/posts\/16532\/revisions\/16539"}],"wp:attachment":[{"href":"https:\/\/lemotdujour.fr\/index.php?rest_route=%2Fwp%2Fv2%2Fmedia&parent=16532"}],"wp:term":[{"taxonomy":"category","embeddable":true,"href":"https:\/\/lemotdujour.fr\/index.php?rest_route=%2Fwp%2Fv2%2Fcategories&post=16532"},{"taxonomy":"post_tag","embeddable":true,"href":"https:\/\/lemotdujour.fr\/index.php?rest_route=%2Fwp%2Fv2%2Ftags&post=16532"}],"curies":[{"name":"wp","href":"https:\/\/api.w.org\/{rel}","templated":true}]}}