{"id":16513,"date":"2025-08-06T00:04:00","date_gmt":"2025-08-05T22:04:00","guid":{"rendered":"https:\/\/lemotdujour.fr\/?p=16513"},"modified":"2025-08-06T21:16:21","modified_gmt":"2025-08-06T19:16:21","slug":"mercredi-6-aot-2025","status":"publish","type":"post","link":"https:\/\/lemotdujour.fr\/?p=16513","title":{"rendered":"Mercredi 6 ao&ucirc;t 2025"},"content":{"rendered":"<div class=\"mdjTexte\">\u00ab La v\u00e9ritable histoire de Hiroshima \u00bb<\/div>\n<div class=\"mdjAuteur\">Documentaire d\u2019ARTE<\/div>\n<p><span style=\"color: #777777; font-family: arial;\">Il y a 80 ans, le 6 ao\u00fbt 1945, \u00e0 8h15, le B29 que son pilote Paul Tibbets avait appel\u00e9 \u00ab<strong> Enola Gay<\/strong> \u00bb a largu\u00e9 la premi\u00e8re bombe atomique, une bombe de 4,5 tonnes surnomm\u00e9e \u00ab <strong>Little Boy<\/strong> \u00bb sur la ville de <strong>Hiroshima<\/strong>.<\/span><\/p>\n<figure id=\"attachment_16528\" aria-describedby=\"caption-attachment-16528\" style=\"width: 400px\" class=\"wp-caption alignright\"><img loading=\"lazy\" decoding=\"async\" class=\"size-full wp-image-16528\" src=\"https:\/\/lemotdujour.fr\/wp-content\/uploads\/2025\/08\/Lanternes-pour-les-victimes-de-Hiroshima.jpg\" alt=\"\" width=\"400\" height=\"225\" srcset=\"https:\/\/lemotdujour.fr\/wp-content\/uploads\/2025\/08\/Lanternes-pour-les-victimes-de-Hiroshima.jpg 400w, https:\/\/lemotdujour.fr\/wp-content\/uploads\/2025\/08\/Lanternes-pour-les-victimes-de-Hiroshima-300x169.jpg 300w\" sizes=\"auto, (max-width: 400px) 100vw, 400px\" \/><figcaption id=\"caption-attachment-16528\" class=\"wp-caption-text\">Des lanternes flottantes marquent l&rsquo;anniversaire du bombardement d&rsquo;Hiroshima. Chaque lanterne repr\u00e9sente une vie perdue.<\/figcaption><\/figure>\n<p><span style=\"color: #777777; font-family: arial;\">Il y a 10 ans, j\u2019avais d\u00e9j\u00e0 \u00e9crit un mot du jour sur ce sujet \u00ab <a href=\"https:\/\/lemotdujour.fr\/?p=1212\"><span style=\"color: #0000ff;\"><strong>Mon Dieu, qu\u2019avons-nous fait ?<\/strong><\/span><\/a> \u00bb. Ce fut le cri que poussa Robert Lewis, le co-pilote du B29 apr\u00e8s avoir vu la puissance destructrice de la bombe. Le pilote principal Paul Tibbets, ne ressentit rien de semblable, il n&rsquo;a jamais exprim\u00e9 de regrets pour les victimes d&rsquo;Hiroshima. De mani\u00e8re factuelle Tibbets est mort \u00e0 92 ans , son co-pilote Robert Lewis est mort \u00e0 65 ans. Peut \u00eatre que les regrets sont nuisibles \u00e0 la sant\u00e9.<\/span><\/p>\n<p><span style=\"color: #777777; font-family: arial;\">ARTE a mis en ligne un documentaire que j\u2019ai vu avec un grand int\u00e9r\u00eat et que je partage : \u00ab <a href=\"https:\/\/www.arte.tv\/fr\/videos\/054197-000-A\/hiroshima-la-veritable-histoire\/\"><span style=\"color: #0000ff;\"><strong>Hiroshima la v\u00e9ritable histoire<\/strong><\/span><\/a> \u00bb. <\/span><\/p>\n<p><span style=\"color: #777777; font-family: arial;\">Ce documentaire est d\u2019abord tr\u00e8s clair sur le sujet suivant : l\u2019utilisation de la bombe atomique d\u2019abord sur Hiroshima puis sur Nagasaki 3 jours plus tard n\u2019\u00e9tait pas n\u00e9cessaire pour faire capituler le Japon. Le Japon via l\u2019URSS et une autre source plus directe avec les Etats-Unis avait d\u00e9j\u00e0 propos\u00e9 une reddition mais avec une seule exigence maintenir Hiro Hito sur le tr\u00f4ne imp\u00e9riale du Japon. Condition qui sera appliqu\u00e9e apr\u00e8s les bombes et la capitulation.<\/span><\/p>\n<p><span style=\"color: #777777; font-family: arial;\">En outre, le Japon n\u2019avait plus de marine, presque plus d\u2019aviation et n\u2019avait plus les moyens de nourrir la population, il ne pouvait que se rendre. La propagande am\u00e9ricaine qui justifiait l\u2019utilisation de la bombe parce que la seule alternative aurait \u00e9t\u00e9 d\u2019envahir le Japon et que cela aurait cout\u00e9 la vie \u00e0 1 millions de soldats am\u00e9ricains \u00e9tait un mensonge absolu.<\/span><\/p>\n<p><span style=\"color: #777777; font-family: arial;\">Les scientifiques de Los Alamo avait fait une proposition alternative au Pr\u00e9sident Truman : Rendre publique l\u2019existence de la bombe atomique et montrer sa puissance d\u00e9vastatrice dans un essai public pour convaincre les japonais que toute r\u00e9sistance \u00e9tait inutile. Mais cette proposition n\u2019a jamais \u00e9t\u00e9 transmis par le g\u00e9n\u00e9ral Groves, directeur militaire du projet Manhattan. Car ce n\u2019est pas Oppenheimer, le directeur scientifique qui dirigeait mais bien le responsable militaire.<\/span><\/p>\n<p><span style=\"color: #777777; font-family: arial;\">La raison r\u00e9elle de l\u2019utilisation de la bombe atomique est que les militaires voulaient v\u00e9rifier, en utilisation r\u00e9elle, l\u2019impact de la bombe atomique.<\/span><\/p>\n<p><span style=\"color: #777777; font-family: arial;\">Une fois la bombe largu\u00e9e, les am\u00e9ricains ont voulu camoufler les cons\u00e9quences terribles de tout ce que la bombe a entra\u00een\u00e9 apr\u00e8s son explosion sur les corps et sur la sant\u00e9 des survivants. Le g\u00e9n\u00e9ral <strong>Mac Arthur,<\/strong> \u00e0 peine nomm\u00e9 \u00e0 la t\u00eate de l\u2019administration japonaise, adresse une directive aux m\u00e9decins de Hiroshima, d\u00e9clarant que toute cette affaire relevait du secret militaire am\u00e9ricain, par cons\u00e9quent personne ne devait effectuer de recherche ni \u00e9crire quoi que ce soit sur le sujet. Les troupes d\u2019occupation am\u00e9ricaine interdirent toute pr\u00e9sence de journalistes non accompagn\u00e9s de militaires sur le territoire d\u2019Hiroshima.<\/span><\/p>\n<p><span style=\"color: #777777; font-family: arial;\">Mais un journaliste australien <strong>Wilfred Burchett<\/strong> parvint \u00e0 se rendre \u00e0 Hiroshima apr\u00e8s le largage de la bombe atomique, arrivant seul par train de Tokyo le 2 septembre, jour de la reddition officielle \u00e0 bord de l&rsquo;USS Missouri. <\/span><\/p>\n<p><span style=\"color: #777777; font-family: arial;\"><img loading=\"lazy\" decoding=\"async\" class=\"wp-image-16522 alignleft\" src=\"https:\/\/lemotdujour.fr\/wp-content\/uploads\/2025\/08\/Daily-Express.jpg\" alt=\"\" width=\"469\" height=\"273\" srcset=\"https:\/\/lemotdujour.fr\/wp-content\/uploads\/2025\/08\/Daily-Express.jpg 1115w, https:\/\/lemotdujour.fr\/wp-content\/uploads\/2025\/08\/Daily-Express-300x175.jpg 300w, https:\/\/lemotdujour.fr\/wp-content\/uploads\/2025\/08\/Daily-Express-1024x597.jpg 1024w, https:\/\/lemotdujour.fr\/wp-content\/uploads\/2025\/08\/Daily-Express-768x448.jpg 768w\" sizes=\"auto, (max-width: 469px) 100vw, 469px\" \/>Il a envoy\u00e9 au journal \u00ab <strong>Daily Express<\/strong> \u00bb de Londres un article publi\u00e9 le 5 septembre 1945, sous le titre \u00ab <a href=\"https:\/\/hibakushastories.org\/wp-content\/uploads\/2018\/09\/The-Atomic-Plague.pdf\"><span style=\"color: #0000ff;\"><strong>The Atomic Plague<\/strong><\/span><\/a> \u00bb \u00ab la peste atomique \u00bb, il s&rsquo;agissait du premier reportage public dans les m\u00e9dias occidentaux \u00e0 mentionner les effets des radiations et des retomb\u00e9es nucl\u00e9aires. <\/span><\/p>\n<p><span style=\"color: #777777; font-family: arial;\">Il \u00e9crivit notamment : <\/span><\/p>\n<p style=\"margin-left: 28pt;\"><span style=\"color: #c00000; font-family: arial;\">\u00ab \u00c0 Hiroshima, 30 jours apr\u00e8s que la premi\u00e8re bombe atomique a d\u00e9truit la ville et \u00e9branl\u00e9 le monde, des gens meurent encore, myst\u00e9rieusement et horriblement. Des personnes qui n&rsquo;ont pas \u00e9t\u00e9 bless\u00e9es par le cataclysme meurent d&rsquo;une maladie inconnue, quelque chose que je ne peux d\u00e9crire que comme une peste atomique. Hiroshima ne ressemble pas \u00e0 une ville bombard\u00e9e. Elle a l&rsquo;air d&rsquo;avoir \u00e9t\u00e9 \u00e9cras\u00e9e par un rouleau compresseur monstrueux [\u2026] <\/span><\/p>\n<p style=\"margin-left: 28pt;\"><span style=\"color: #c00000; font-family: arial;\">Sur ce premier terrain d&rsquo;essai de la bombe atomique, j&rsquo;ai vu la d\u00e9solation la plus terrible et la plus effrayante en quatre ans de guerre. Une \u00eele du Pacifique d\u00e9vast\u00e9e ressemble \u00e0 un Eden. Les d\u00e9g\u00e2ts sont bien plus importants que ne le montrent les photographies. [\u2026]<\/span><\/p>\n<p style=\"margin-left: 28pt;\"><span style=\"color: #c00000; font-family: arial;\">Dans les h\u00f4pitaux, j&rsquo;ai trouv\u00e9 des personnes qui, lorsque la bombe est tomb\u00e9e, n&rsquo;ont souffert d&rsquo;aucune blessure, mais qui meurent maintenant des \u00e9tranges s\u00e9quelles. Sans raison apparente, leur sant\u00e9 a commenc\u00e9 \u00e0 se d\u00e9grader. Elles ont perdu l&rsquo;app\u00e9tit. Leurs cheveux sont tomb\u00e9s. Des taches bleut\u00e9es sont apparues sur leur corps. Et les saignements ont commenc\u00e9 \u00e0 couler des oreilles, du nez et de la bouche. [\u2026] <\/span><\/p>\n<p style=\"margin-left: 28pt;\"><span style=\"color: #c00000; font-family: arial;\">Si vous pouviez voir ce qui reste d&rsquo;Hiroshima, vous penseriez que Londres n&rsquo;a pas \u00e9t\u00e9 touch\u00e9e par les bombes\u2026 \u00bb<\/span><\/p>\n<p><span style=\"color: #777777; font-family: arial;\">Finalement, le g\u00e9n\u00e9ral Groves est somm\u00e9 de se justifier devant le Congr\u00e8s, il minimise le nombre de morts en raison de ces sympt\u00f4mes et ajoute cette remarque \u00ab \u00e9c\u0153urante \u00bb<\/span><\/p>\n<p style=\"margin-left: 28pt;\"><span style=\"color: #c00000; font-family: arial;\">\u00ab Les m\u00e9decins disent que c\u2019est une fa\u00e7on tr\u00e8s agr\u00e9able de mourir \u00bb<\/span><\/p>\n<p><span style=\"color: #777777; font-family: arial;\"> Le g\u00e9n\u00e9ral Groves n\u2019ignorait pas les effets de la bombe atomique apr\u00e8s son premier souffle, 80 000 morts dans la premi\u00e8re minute de l\u2019explosion. Et l\u2019arm\u00e9e am\u00e9ricaine va installer de grands b\u00e2timents sur les collines de Hiroshima qui ne sera pas un h\u00f4pital pour soigner, mais une unit\u00e9 de recherche pour r\u00e9pertorier tous les effets de la bombe atomique. Les victimes ne seront pas trait\u00e9s comme des malades mais comme des cobayes.<\/span><\/p>\n<p><span style=\"color: #777777; font-family: arial;\">Les japonais irradi\u00e9s seront affubl\u00e9s d\u2019un nom par leur compatriote \u00ab<strong>Les hibakusha<\/strong> \u00bb signifiant \u00ab personne affect\u00e9e par la bombe \u00bb. Les japonais se d\u00e9tourneront d\u2019eux craignant qu\u2019ils soient contagieux puis refusant de les marier \u00e0 leurs filles ou leurs fils car ils ne pourront qu\u2019engendrer des enfants malades comme eux. Leur destin\u00e9e fut terrible.<\/span><\/p>\n<p><span style=\"color: #777777; font-family: arial;\"><img loading=\"lazy\" decoding=\"async\" class=\" wp-image-16523 alignleft\" src=\"https:\/\/lemotdujour.fr\/wp-content\/uploads\/2025\/08\/Hershey-Hiroshima.jpg\" alt=\"\" width=\"247\" height=\"379\" srcset=\"https:\/\/lemotdujour.fr\/wp-content\/uploads\/2025\/08\/Hershey-Hiroshima.jpg 326w, https:\/\/lemotdujour.fr\/wp-content\/uploads\/2025\/08\/Hershey-Hiroshima-196x300.jpg 196w\" sizes=\"auto, (max-width: 247px) 100vw, 247px\" \/>Certains auteurs racont\u00e8rent de mani\u00e8re empathique et vraie ce que fut le drame des hibakusha. <\/span><\/p>\n<p><span style=\"color: #777777; font-family: arial;\">Le documentaire cite le journaliste <b><strong>John Richard Hersey <\/strong><\/b>qui se rend en ao\u00fbt 1946 \u00e0 Hiroshima et interviewa six survivants du chaos. Son texte sera publi\u00e9 en int\u00e9gralit\u00e9 dans le <strong>New Yorker<\/strong>. <\/span><\/p>\n<p><span style=\"color: #777777; font-family: arial;\">L&rsquo;article conna\u00eet un immense retentissement au sein de la population am\u00e9ricaine qui prend conscience de l&rsquo;horreur v\u00e9cue par l&rsquo;ennemi japonais. <\/span><\/p>\n<p><span style=\"color: #777777; font-family: arial;\">Son r\u00e9cit retrace les instants qui pr\u00e9c\u00e9d\u00e8rent et suivirent l&rsquo;explosion de la bombe H, \u00e9voquant sa dimension politique et philosophique \u00e0 travers six exp\u00e9riences entrecrois\u00e9es. Cet article devint un livre \u00ab <strong>Hiroshima<\/strong> \u00bb<\/span><\/p>\n<p><span style=\"color: #777777; font-family: arial;\"> Je crois qu\u2019il est utile de regarder ce documentaire qui montre la seule utilisation, jusqu\u2019\u00e0 pr\u00e9sent, de la bombe atomique. Ce fut l\u2019\u0153uvre d\u2019un pays occidental, les \u00c9tats-Unis d\u2019Am\u00e9rique qui n\u2019en avaient pas besoin pour arriver \u00e0 leurs objectifs et qui ont dans un premier temps menti sur les cons\u00e9quences de son utilisation.<\/span><\/p>\n<p><span style=\"color: #777777; font-family: arial;\">Lien vers le documentaire d\u2019ARTE : \u00ab <a href=\"https:\/\/www.arte.tv\/fr\/videos\/054197-000-A\/hiroshima-la-veritable-histoire\/\"><span style=\"color: #0000ff;\"><strong>Hiroshima la v\u00e9ritable histoire<\/strong><\/span><\/a> \u00bb. <\/span><\/p>\n","protected":false},"excerpt":{"rendered":"<p>\u00ab La v\u00e9ritable histoire de Hiroshima \u00bb Documentaire d\u2019ARTE Il y a 80 ans, le 6 ao\u00fbt 1945, \u00e0 8h15, le B29 que son pilote Paul Tibbets avait appel\u00e9 \u00ab Enola Gay \u00bb a largu\u00e9 la premi\u00e8re bombe atomique, une<\/p>\n","protected":false},"author":1,"featured_media":0,"comment_status":"open","ping_status":"closed","sticky":false,"template":"","format":"standard","meta":{"footnotes":""},"categories":[1],"tags":[65,219,17,128],"class_list":["post-16513","post","type-post","status-publish","format-standard","hentry","category-motdujour","tag-etats-unis","tag-guerre","tag-histoire","tag-japon"],"_links":{"self":[{"href":"https:\/\/lemotdujour.fr\/index.php?rest_route=\/wp\/v2\/posts\/16513","targetHints":{"allow":["GET"]}}],"collection":[{"href":"https:\/\/lemotdujour.fr\/index.php?rest_route=\/wp\/v2\/posts"}],"about":[{"href":"https:\/\/lemotdujour.fr\/index.php?rest_route=\/wp\/v2\/types\/post"}],"author":[{"embeddable":true,"href":"https:\/\/lemotdujour.fr\/index.php?rest_route=\/wp\/v2\/users\/1"}],"replies":[{"embeddable":true,"href":"https:\/\/lemotdujour.fr\/index.php?rest_route=%2Fwp%2Fv2%2Fcomments&post=16513"}],"version-history":[{"count":8,"href":"https:\/\/lemotdujour.fr\/index.php?rest_route=\/wp\/v2\/posts\/16513\/revisions"}],"predecessor-version":[{"id":16530,"href":"https:\/\/lemotdujour.fr\/index.php?rest_route=\/wp\/v2\/posts\/16513\/revisions\/16530"}],"wp:attachment":[{"href":"https:\/\/lemotdujour.fr\/index.php?rest_route=%2Fwp%2Fv2%2Fmedia&parent=16513"}],"wp:term":[{"taxonomy":"category","embeddable":true,"href":"https:\/\/lemotdujour.fr\/index.php?rest_route=%2Fwp%2Fv2%2Fcategories&post=16513"},{"taxonomy":"post_tag","embeddable":true,"href":"https:\/\/lemotdujour.fr\/index.php?rest_route=%2Fwp%2Fv2%2Ftags&post=16513"}],"curies":[{"name":"wp","href":"https:\/\/api.w.org\/{rel}","templated":true}]}}