{"id":16501,"date":"2025-06-19T02:36:57","date_gmt":"2025-06-19T00:36:57","guid":{"rendered":"https:\/\/lemotdujour.fr\/?p=16501"},"modified":"2025-08-03T02:38:24","modified_gmt":"2025-08-03T00:38:24","slug":"jeudi-19-juin-2025","status":"publish","type":"post","link":"https:\/\/lemotdujour.fr\/?p=16501","title":{"rendered":"Jeudi 19 juin 2025"},"content":{"rendered":"<div class=\"mdjTexte\">\u00ab Je suis responsable devant le compositeur et surtout devant l&rsquo;\u0153uvre. \u00bb<\/div>\n<div class=\"mdjAuteur\">Alfred Brendel<\/div>\n<p><span style=\"color: #777777; font-family: arial;\"><strong>Alfred Brendel<\/strong> fut sans doute le plus grand pianiste de la seconde moiti\u00e9 du XX\u00e8me si\u00e8cle. Il est mort le 17 juin 2025 \u00e0 Londres, \u00e0 l\u2019\u00e2ge de 94 ans.<\/span><\/p>\n<p><span style=\"color: #777777; font-family: arial;\"><img loading=\"lazy\" decoding=\"async\" class=\" wp-image-16505 alignleft\" src=\"https:\/\/lemotdujour.fr\/wp-content\/uploads\/2025\/07\/Alfred-Brendel4.jpg\" alt=\"\" width=\"461\" height=\"322\" srcset=\"https:\/\/lemotdujour.fr\/wp-content\/uploads\/2025\/07\/Alfred-Brendel4.jpg 573w, https:\/\/lemotdujour.fr\/wp-content\/uploads\/2025\/07\/Alfred-Brendel4-300x209.jpg 300w\" sizes=\"auto, (max-width: 461px) 100vw, 461px\" \/>Il na\u00eet le 5 janvier 1931, dans une famille allemande, mais dans une commune situ\u00e9e actuellement en R\u00e9publique tch\u00e8que. <\/span><\/p>\n<p><span style=\"color: #777777; font-family: arial;\">Il r\u00e9alise son premier r\u00e9cital en 1948, \u00e0 Graz. Il effectuera ses premiers enregistrements en 1952 et 1953. <\/span><\/p>\n<p><span style=\"color: #777777; font-family: arial;\">Cependant sa carri\u00e8re prendra toute la lumi\u00e8re vraiment en 1969 quand il signe un contrat avec Philips. La firme n\u00e9erlandaise utilisera sa puissance de communication pour r\u00e9v\u00e9ler au monde de la musique le talent, la profondeur, le g\u00e9nie de ce pianiste venu du centre de l\u2019Europe. <\/span><\/p>\n<p><span style=\"color: #777777; font-family: arial;\">En allemand, le terme \u00ab <strong>Mitteleuropa <\/strong>\u00bb sonne mieux, le magazine <a href=\"https:\/\/www.diapasonmag.fr\/a-la-une\/alfred-brendel-est-mort-40011.html\"><span style=\"color: #0000ff;\">Diapason<\/span><\/a> \u00e9crit : <\/span><\/p>\n<p style=\"margin-left: 28pt;\"><span style=\"color: #c00000; font-family: arial;\">\u00ab C\u2019\u00e9tait l\u2019un des g\u00e9ants du piano et de la musique, comptant parmi les derniers repr\u00e9sentants de la Mitteleuropa. Il s\u2019est \u00e9teint \u00e0 l\u2019\u00e2ge de 94 ans. \u00bb<\/span><\/p>\n<p><span style=\"color: #777777; font-family: arial;\">C\u2019est en 2008 qu\u2019il d\u00e9cida de faire sa tourn\u00e9e d\u2019Adieu, apr\u00e8s 60 saisons de concerts si on prend comme point de d\u00e9part son premier concert \u00e0 Graz, mais si on part de son contrat avec Philips il exer\u00e7a son magist\u00e8re sur le piano classique pendant 40 ans de 1969 \u00e0 2008. <\/span><\/p>\n<p><span style=\"color: #777777; font-family: arial;\"><img loading=\"lazy\" decoding=\"async\" class=\"size-full wp-image-16507 alignright\" src=\"https:\/\/lemotdujour.fr\/wp-content\/uploads\/2025\/07\/Alfred-Brendel5.jpg\" alt=\"\" width=\"324\" height=\"358\" srcset=\"https:\/\/lemotdujour.fr\/wp-content\/uploads\/2025\/07\/Alfred-Brendel5.jpg 324w, https:\/\/lemotdujour.fr\/wp-content\/uploads\/2025\/07\/Alfred-Brendel5-272x300.jpg 272w\" sizes=\"auto, (max-width: 324px) 100vw, 324px\" \/>Son ultime concert eu lieu, le 18 d\u00e9cembre 2008, dans la salle dor\u00e9e du Musikverein de Vienne. <\/span><\/p>\n<p><span style=\"color: #777777; font-family: arial;\">Sa tourn\u00e9e d\u2019Adieu fit \u00e9tape, le soir du 13 juin de cette m\u00eame ann\u00e9e, \u00e0 l\u2019auditorium de Lyon. La musicologue <strong>Marie Aude Roux<\/strong> \u00e9crivit dans un article du Monde : \u00ab <a href=\"https:\/\/www.lemonde.fr\/culture\/article\/2008\/06\/16\/en-tournee-d-adieux-alfred-brendel-fut-magique-a-lyon_1058781_3246.html\"><span style=\"color: #0000ff;\">En tourn\u00e9e d&rsquo;adieux, Alfred Brendel fut magique \u00e0 Lyon.<\/span><\/a> \u00bb : <\/span><\/p>\n<p style=\"margin-left: 28pt;\"><span style=\"color: #c00000; font-family: arial;\">\u00ab Le 13 juin, dans le bel Auditorium de Lyon, Brendel est apparu avec son \u00e9l\u00e9gance l\u00e9g\u00e8rement guind\u00e9e, queue-de-pie, large ceinture et n\u0153ud papillon jaune p\u00e2le et regard rond d&rsquo;effar\u00e9. Il s&rsquo;est assis au piano et la musique a coul\u00e9 de source, comme affleurant de ses propres entrailles [\u2026] \u00bb<\/span><\/p>\n<p><span style=\"color: #777777; font-family: arial;\">Il termina son r\u00e9cital par la derni\u00e8re sonate de Franz Schubert D.960. Marie Aude Roux traduit : <\/span><\/p>\n<p style=\"margin-left: 28pt;\"><span style=\"color: #c00000; font-family: arial;\">\u00ab Le travail sur la matit\u00e9 du son sous-entend qu&rsquo;\u00ab il faut qu&rsquo;un c\u0153ur se brise ou se bronze \u00bb. D&rsquo;une belle coul\u00e9e, le \u00ab\u00a0Scherzo\u00a0\u00bb, viennois en diable, nostalgie et larmes et sourires m\u00eal\u00e9s. Puis le \u00ab\u00a0Finale\u00a0\u00bb, entre rire et rictus, o\u00f9 Brendel est plus que Brendel, sculpteur <strong>de paysages m\u00e9lodiques, po\u00e8te du clavier, \u00e9crivain des sons, musicien majuscule dans un \u00e9trange absolu de la musique.<\/strong> \u00bb<\/span><\/p>\n<p><span style=\"color: #777777; font-family: arial;\">Brendel \u00e9tait le musicien de l\u2019approfondissement, revenant toujours au m\u00eame corpus d\u2019\u0153uvres, toujours aux m\u00eames compositeurs. <\/span><\/p>\n<p><span style=\"color: #777777; font-family: arial;\">D\u2019abord <strong>Beethoven et Schubert<\/strong>, puis <strong>Mozart et Liszt<\/strong> avec quelques incartades vers Schumann, Haydn, Bach et m\u00eame Schoenberg. Mais vous ne trouverez pas d\u2019enregistrement de Chopin ou de Rachmaninov, les compositeurs de pr\u00e9dilection des pianistes du commun. <\/span><\/p>\n<p><span style=\"color: #777777; font-family: arial;\">Il a r\u00e9sum\u00e9 : <\/span><\/p>\n<p style=\"margin-left: 28pt;\"><span style=\"color: #c00000; font-family: arial;\">\u00ab J&rsquo;ai essay\u00e9 de m&rsquo;en tenir au r\u00e9pertoire de ce que je consid\u00e8re comme de la grande musique, de la musique avec laquelle on peut passer toute une vie et \u00e0 laquelle on peut revenir. Beethoven, Mozart et Schubert ont constitu\u00e9 l&rsquo;essentiel [\u2026] J&rsquo;ai fait ce que j&rsquo;ai pu pour Haydn et Liszt et j&rsquo;adore Schumann. J&rsquo;ai \u00e9galement jou\u00e9 des \u0153uvres qui ne sont pas de grandes \u0153uvres, mais qui me plaisent. \u00bb<\/span><\/p>\n<p><span style=\"color: #777777; font-family: arial;\">Brendel avait acquis une technique sans faille, mais il n\u2019\u00e9tait pas que pianiste, il \u00e9tait avant tout musicien, cherchant sans cesse \u00e0 d\u00e9crypter et \u00e0 tenter de comprendre les intentions du compositeur et la coh\u00e9rence interne de l\u2019\u0153uvre qu\u2019il interpr\u00e9tait. <\/span><\/p>\n<p><span style=\"color: #777777; font-family: arial;\">Le premier article de Diapason cit\u00e9, rappelait cette phrase d\u2019Alfred Brendel : <\/span><\/p>\n<p style=\"margin-left: 28pt;\"><span style=\"color: #c00000; font-family: arial;\">\u00ab Je suis responsable devant le compositeur et surtout devant l&rsquo;\u0153uvre. \u00bb<\/span><\/p>\n<p><span style=\"color: #777777; font-family: arial;\">Beaucoup de pianistes veulent briller gr\u00e2ce aux \u0153uvres et au compositeurs, Brendel a fait le contraire : il partait de l\u2019\u0153uvre pour partager le message et l\u2019\u00e9motion qui jaillissait des notes \u00e9crites dans la partition. <span style=\"color: #777777; font-family: arial;\"><br \/>\n<\/span><\/span><\/p>\n<p><span style=\"color: #777777; font-family: arial;\">Dans sa page hommage \u00e0 Brendel, \u00ab <a href=\"https:\/\/www.radiofrance.fr\/francemusique\/l-immense-alfred-brendel-est-decede-7903450\"><span style=\"color: #0000ff;\">Radio France<\/span><\/a> \u00bb publie deux citations du pianiste<\/span><\/p>\n<p style=\"margin-left: 28pt;\"><span style=\"color: #c00000; font-family: arial;\">\u00ab Si j&rsquo;appartiens \u00e0 une tradition, il s&rsquo;agit d&rsquo;une tradition dans laquelle c&rsquo;est le chef-d&rsquo;\u0153uvre qui indique \u00e0 l&rsquo;interpr\u00e8te ce qu&rsquo;il doit faire, et non pas d&rsquo;une tradition o\u00f9 l&rsquo;interpr\u00e8te impose ses conceptions \u00e0 l&rsquo;ouvrage, ou tente de dire au compositeur ce qu&rsquo;il aurait d\u00fb composer. \u00bb<\/span><\/p>\n<p style=\"margin-left: 28pt;\"><span style=\"color: #c00000; font-family: arial;\">\u00ab Je dirai qu\u2019il existe deux sortes d\u2019interpr\u00e8tes : ceux qui \u00e9clairent l\u2019\u0153uvre de l\u2019ext\u00e9rieur et ceux qui illuminent l\u2019\u0153uvre de l\u2019int\u00e9rieur. Et cela, c\u2019est beaucoup plus rare. \u00bb<\/span><\/p>\n<p><span style=\"color: #777777; font-family: arial;\">Je me rappellerai toujours avec \u00e9motion de la premi\u00e8re fois que je l\u2019ai vu en concert.<\/span><\/p>\n<p><span style=\"color: #777777; font-family: arial;\">C\u2019\u00e9tait au Palais des Congr\u00e8s et de la musique de Strasbourg <strong>le 28 janvier 1978<\/strong>. J\u2019\u00e9tais \u00e0 l\u2019\u00e9poque \u00e9l\u00e8ve de classe pr\u00e9paratoire au Lyc\u00e9e Kl\u00e9ber et il me suffisait de traverser la Place de Bordeaux pour me trouver dans la magnifique salle de concert de Strasbourg.<\/span><\/p>\n<p><span style=\"color: #777777; font-family: arial;\"><strong>Alfred Brendel<\/strong> n\u2019\u00e9tait pas seul, il \u00e9tait accompagn\u00e9 de <strong>l\u2019Academy of Saint Martin in the Fiels<\/strong> et son chef fondateur <strong>Neville Marriner<\/strong>. Il y avait aussi <strong>Jessye Norman<\/strong>. <\/span><\/p>\n<p><span style=\"color: #777777; font-family: arial;\">Ce Concert \u00e9tait organis\u00e9 par le Conseil International de la Musique (Unesco) et c\u00e9l\u00e9brait les <strong>200 ans de la visite de Wolfgang Amadeus Mozart en 1778<\/strong> <strong>\u00e0 Strasbourg<\/strong>.<\/span><\/p>\n<p><span style=\"color: #777777; font-family: arial;\">A cette date, Strasbourg appartient \u00e0 la France depuis le 24 octobre 1681, lorsque Louis XIV est entr\u00e9 en grande pompe dans la ville qu\u2019il avait arrach\u00e9, par la puissance des armes, le mois pr\u00e9c\u00e9dent au Saint Empire Romain Germanique.<\/span><\/p>\n<p><span style=\"color: #777777; font-family: arial;\">Le g\u00e9nie autrichien de 22 ans d\u00e9barque, en cal\u00e8che, autour du 10 octobre 1778 et restera environ 3 semaines \u00e0 Strasbourg.<\/span><\/p>\n<p><span style=\"color: #777777; font-family: arial;\">Il vient de Paris o\u00f9 il n\u2019a pas eu le succ\u00e8s escompt\u00e9 et o\u00f9 sa m\u00e8re Anna Maria Mozart vient de mourir le 3 juillet 1778, rue du Gros-Chenet (rue du Sentier). Ses obs\u00e8ques eurent lieu en l&rsquo;\u00c9glise Saint-Eustache. <\/span><\/p>\n<figure id=\"attachment_16510\" aria-describedby=\"caption-attachment-16510\" style=\"width: 550px\" class=\"wp-caption alignleft\"><img loading=\"lazy\" decoding=\"async\" class=\"size-full wp-image-16510\" src=\"https:\/\/lemotdujour.fr\/wp-content\/uploads\/2025\/07\/Hotel-Cour-du-Corbeau.jpg\" alt=\"\" width=\"550\" height=\"367\" srcset=\"https:\/\/lemotdujour.fr\/wp-content\/uploads\/2025\/07\/Hotel-Cour-du-Corbeau.jpg 550w, https:\/\/lemotdujour.fr\/wp-content\/uploads\/2025\/07\/Hotel-Cour-du-Corbeau-300x200.jpg 300w\" sizes=\"auto, (max-width: 550px) 100vw, 550px\" \/><figcaption id=\"caption-attachment-16510\" class=\"wp-caption-text\">H\u00f4tel de la Cour du Corbeau, photo \u00e9poque r\u00e9cente<\/figcaption><\/figure>\n<p><span style=\"color: #777777; font-family: arial;\">Il arrive \u00e0 la place du Corbeau et r\u00e9sidera dans la c\u00e9l\u00e8bre hostellerie de la cour du Corbeau, un des plus vieux h\u00f4tels d\u2019Europe. <\/span><\/p>\n<p><span style=\"color: #777777; font-family: arial;\">C\u2019est dans l\u2019H\u00f4tel du miroir (situ\u00e9 29 rue des Serruriers ; 1 rue du Miroirs) que Mozart donne son premier concert strasbourgeois. <\/span><\/p>\n<p><span style=\"color: #777777; font-family: arial;\">Il donnera deux autres concerts dans le th\u00e9\u00e2tre situ\u00e9 Place de Broglie. Ce th\u00e9\u00e2tre a \u00e9t\u00e9 d\u00e9truit par un incendie le 31 mai 1800 lors d\u2019une r\u00e9p\u00e9tition avec feux d\u2019artifice de la Fl\u00fbte enchant\u00e9e de Mozart !. <\/span><\/p>\n<p><span style=\"color: #777777; font-family: arial;\">La Ville avait transform\u00e9 en 1706 en th\u00e9\u00e2tre un ancien magasin \u00e0 avoine. L\u2019op\u00e9ra de Strasbourg, appel\u00e9 Op\u00e9ra National du Rhin, qui l\u2019a remplac\u00e9 sera \u00e9difi\u00e9 entre 1804 et 1821. <\/span><\/p>\n<p><span style=\"color: #777777; font-family: arial;\">Il jouera aussi l\u2019orgue de Jean-Andr\u00e9 Silbermann de L\u2019\u00e9glise Saint-Thomas, achev\u00e9 en 1741 et un autre orgue des fr\u00e8res Silbermann au Temple neuf, deux lieux de culte protestant, alors que Mozart \u00e9tait catholique. <\/span><\/p>\n<p><span style=\"color: #777777; font-family: arial;\">Je tire ces informations de ces deux pages : <\/span><\/p>\n<ul>\n<li><span style=\"color: #777777; font-family: arial;\"><span style=\"color: #0000ff;\">\u00ab <\/span><a href=\"https:\/\/www.visitstrasbourg.fr\/wp-content\/uploads\/2021\/10\/Circuit-Mozart.pdf\"><span style=\"color: #0000ff;\">Circuit Mozart<\/span><\/a><span style=\"color: #0000ff;\"> \u00bb<\/span><\/span><\/li>\n<li><span style=\"color: #777777; font-family: arial;\"><span style=\"color: #0000ff;\">\u00ab <\/span><a href=\"https:\/\/www.ledauphine.com\/magazine-tourisme-et-patrimoine\/2020\/08\/21\/dans-les-pas-de-mozart-a-strasbourg\"><span style=\"color: #0000ff;\">Dans les pas de Mozart \u00e0 Strasbourg<\/span><\/a> \u00bb<\/span><\/li>\n<\/ul>\n<p><span style=\"color: #777777; font-family: arial;\">J\u2019ai donc eu la gr\u00e2ce d\u2019assister \u00e0 ce concert exceptionnel qui comm\u00e9morera, avec quelques mois d\u2019avance, les 200 ans de la visite de Mozart dans la capitale alsacienne. <\/span><\/p>\n<p><span style=\"color: #777777; font-family: arial;\">Alfred Brendel jouera le 25\u00e8me concerto de Mozart puis accompagnera Jessye Norman dans un air de concert. <\/span><\/p>\n<p><span style=\"color: #777777; font-family: arial;\"><img loading=\"lazy\" decoding=\"async\" class=\" wp-image-16509 alignleft\" src=\"https:\/\/lemotdujour.fr\/wp-content\/uploads\/2025\/07\/Mozart.jpg\" alt=\"\" width=\"307\" height=\"308\" srcset=\"https:\/\/lemotdujour.fr\/wp-content\/uploads\/2025\/07\/Mozart.jpg 655w, https:\/\/lemotdujour.fr\/wp-content\/uploads\/2025\/07\/Mozart-300x300.jpg 300w, https:\/\/lemotdujour.fr\/wp-content\/uploads\/2025\/07\/Mozart-150x150.jpg 150w, https:\/\/lemotdujour.fr\/wp-content\/uploads\/2025\/07\/Mozart-230x230.jpg 230w, https:\/\/lemotdujour.fr\/wp-content\/uploads\/2025\/07\/Mozart-365x365.jpg 365w\" sizes=\"auto, (max-width: 307px) 100vw, 307px\" \/>Ce concert fut t\u00e9l\u00e9vis\u00e9 et Philips enregistrera ce concert. <\/span><\/p>\n<p><span style=\"color: #777777; font-family: arial;\">Il est encore possible d\u2019acheter ce disque sur des sites de musique d\u00e9mat\u00e9rialis\u00e9e comme \u00ab <a href=\"https:\/\/www.qobuz.com\/fr-fr\/album\/mozart-live-1978-jessye-norman-alfred-brendel-neville-marriner\/yx4kafll823ma#description\"><span style=\"color: #0000ff;\">Qobuz<\/span><\/a> \u00bb. <\/span><\/p>\n<p><span style=\"color: #777777; font-family: arial;\">Brendel poussa l\u2019\u00e9thique et le perfectionnisme si haut qu\u2019il n\u2019est pas possible de se tromper quand on ach\u00e8te un disque de ce pianiste, tous sont excellents et ses derniers sont les meilleurs car il n\u2019a fait que progresser tout au long de sa carri\u00e8re. <\/span><\/p>\n<p><span style=\"color: #777777; font-family: arial;\">Si je peux donner quelques liens internet, je choisirai <\/span><\/p>\n<ul>\n<li><span style=\"color: #777777; font-family: arial;\">de Schubert \u00ab <a href=\"https:\/\/www.youtube.com\/watch?v=dwj4ia_FDEc&amp;list=RDdwj4ia_FDEc&amp;t=583s\"><span style=\"color: #0000ff;\">Klavierst\u00fcck N\u00b02 D946<\/span><\/a> \u00bb, <\/span><\/li>\n<li><span style=\"color: #777777; font-family: arial;\">de Beethoven le second mouvement de l&rsquo;ultime Sonate de Beethoven \u00ab <a href=\"https:\/\/www.youtube.com\/watch?v=Ujo6z3Js7Os&amp;t=550s\"><span style=\"color: #0000ff;\">Beethoven Sonate N\u00b032 : Aria<\/span><\/a> \u00bb<\/span><\/li>\n<li><span style=\"color: #777777; font-family: arial;\">Ou encore l\u2019oeuvre de Beethoven que Brendel consid\u00e9rait comme la plus accomplie de ses \u0153uvres pour piano : \u00ab <a href=\"https:\/\/www.youtube.com\/watch?v=hTmQU4jEgJw\"><span style=\"color: #0000ff;\">Variations Diabelli<\/span><\/a>\u00bb, <\/span><\/li>\n<\/ul>\n<p><span style=\"color: #777777; font-family: arial;\">Le monde de l\u2019art est riche d\u2019avoir pu compter dans ses rangs cet interpr\u00e8te exceptionnel que fut Alfred Brendel au cours de sa vie terrestre.<\/span><\/p>\n","protected":false},"excerpt":{"rendered":"<p>\u00ab Je suis responsable devant le compositeur et surtout devant l&rsquo;\u0153uvre. \u00bb Alfred Brendel Alfred Brendel fut sans doute le plus grand pianiste de la seconde moiti\u00e9 du XX\u00e8me si\u00e8cle. Il est mort le 17 juin 2025 \u00e0 Londres, \u00e0<\/p>\n","protected":false},"author":1,"featured_media":0,"comment_status":"open","ping_status":"closed","sticky":false,"template":"","format":"standard","meta":{"footnotes":""},"categories":[1],"tags":[29,20],"class_list":["post-16501","post","type-post","status-publish","format-standard","hentry","category-motdujour","tag-hommage","tag-musique"],"_links":{"self":[{"href":"https:\/\/lemotdujour.fr\/index.php?rest_route=\/wp\/v2\/posts\/16501","targetHints":{"allow":["GET"]}}],"collection":[{"href":"https:\/\/lemotdujour.fr\/index.php?rest_route=\/wp\/v2\/posts"}],"about":[{"href":"https:\/\/lemotdujour.fr\/index.php?rest_route=\/wp\/v2\/types\/post"}],"author":[{"embeddable":true,"href":"https:\/\/lemotdujour.fr\/index.php?rest_route=\/wp\/v2\/users\/1"}],"replies":[{"embeddable":true,"href":"https:\/\/lemotdujour.fr\/index.php?rest_route=%2Fwp%2Fv2%2Fcomments&post=16501"}],"version-history":[{"count":4,"href":"https:\/\/lemotdujour.fr\/index.php?rest_route=\/wp\/v2\/posts\/16501\/revisions"}],"predecessor-version":[{"id":16511,"href":"https:\/\/lemotdujour.fr\/index.php?rest_route=\/wp\/v2\/posts\/16501\/revisions\/16511"}],"wp:attachment":[{"href":"https:\/\/lemotdujour.fr\/index.php?rest_route=%2Fwp%2Fv2%2Fmedia&parent=16501"}],"wp:term":[{"taxonomy":"category","embeddable":true,"href":"https:\/\/lemotdujour.fr\/index.php?rest_route=%2Fwp%2Fv2%2Fcategories&post=16501"},{"taxonomy":"post_tag","embeddable":true,"href":"https:\/\/lemotdujour.fr\/index.php?rest_route=%2Fwp%2Fv2%2Ftags&post=16501"}],"curies":[{"name":"wp","href":"https:\/\/api.w.org\/{rel}","templated":true}]}}