{"id":16498,"date":"2025-06-23T01:54:20","date_gmt":"2025-06-22T23:54:20","guid":{"rendered":"https:\/\/lemotdujour.fr\/?p=16498"},"modified":"2025-06-23T01:54:21","modified_gmt":"2025-06-22T23:54:21","slug":"lundi-23-juin-2025","status":"publish","type":"post","link":"https:\/\/lemotdujour.fr\/?p=16498","title":{"rendered":"Lundi 23 juin 2025"},"content":{"rendered":"<div class=\"mdjTexte\">\t\u00ab Je tiens \u00e0 remercier tout le monde, et en particulier Dieu. \u00bb\t<\/div>\n<div class=\"mdjAuteur\">Donald Trump<\/div>\n<p><span style=\"color: rgb(119, 119, 119); font-family: arial;\">Donald Trump a tenu un discours de 4 minutes pour se f\u00e9liciter de la r\u00e9ussite des frappes am\u00e9ricaines sur les installations nucl\u00e9aires iraniennes qui se sont d\u00e9roul\u00e9es dans la nuit de samedi \u00e0 dimanche. <\/span><\/p>\n<p><span style=\"color: rgb(119, 119, 119); font-family: arial;\">Comme d\u2019habitude, dans un langage d\u2019une pauvret\u00e9 lexicale consternante, il abuse de superlatifs superf\u00e9tatoires : <\/span><\/p>\n<p style=\"margin-left: 28pt;\"><span style=\"color: rgb(192, 0, 0); font-family: arial;\">\u00ab Aucune arm\u00e9e au monde n\u2019aurait pu faire ce que nous avons fait ce soir. Loin s\u2019en faut. Jamais une arm\u00e9e n\u2019a \u00e9t\u00e9 capable de r\u00e9aliser ce qui vient de se passer il y a quelques instants. \u00bb<\/span><\/p>\n<p><span style=\"color: rgb(119, 119, 119); font-family: arial;\">L\u2019arm\u00e9e dont il parle a d\u00e9vers\u00e9, sur les cibles, les plus grosses bombes non nucl\u00e9aires cr\u00e9\u00e9es par l\u2019esp\u00e8ce humaine (des ogives de 13 tonnes) et puis les bombardiers furtifs B-2 Spirit ont parcouru une distance exceptionnellement grande pour atteindre l\u2019Iran \u00e0 partir de leur base du Missouri. C\u2019est un triomphe de la technologie ! <\/span><\/p>\n<p><span style=\"color: rgb(119, 119, 119); font-family: arial;\">Concernant la strat\u00e9gie militaire, dans un ciel iranien sans capacit\u00e9 anti-a\u00e9rienne, l\u2019Histoire militaire comporte des \u00e9pisodes qui m\u00e9ritent nettement plus de superlatifs que cette op\u00e9ration. <\/span><\/p>\n<p><span style=\"color: rgb(119, 119, 119); font-family: arial;\">C\u2019est surtout une question d\u2019argent, chaque B-2 co\u00fbte plus de 2 milliards de dollars ! Pour la fameuse bombe de 13 tonnes, le co\u00fbt de d\u00e9veloppement de la GBU-57 MOP se situe entre 400 et 500 millions de dollars am\u00e9ricains et son prix de production unitaire est d&rsquo;environ 3,5 millions de dollars am\u00e9ricains. La folie meurtri\u00e8re des hommes n\u2019a pas limite en terme de prix. <\/span><\/p>\n<p><span style=\"color: rgb(119, 119, 119); font-family: arial;\">Mais ce que je voudrais surtout relever ce sont les derni\u00e8res mots de ce discours de Trump : <\/span><\/p>\n<p style=\"margin-left: 28pt;\"><span style=\"color: rgb(192, 0, 0); font-family: arial;\">\u00ab Je tiens \u00e0 remercier tout le monde, et en particulier Dieu. Je veux simplement dire que nous t\u2019aimons, Dieu, et que nous aimons notre grande arm\u00e9e. Prot\u00e8ge-les. Que Dieu b\u00e9nisse le Moyen-Orient. Que Dieu b\u00e9nisse Isra\u00ebl et que Dieu b\u00e9nisse l\u2019Am\u00e9rique. Merci beaucoup. Merci. \u00bb<\/span><\/p>\n<p><span style=\"color: rgb(119, 119, 119); font-family: arial;\">Que vient faire Dieu l\u00e0-dedans ? La technologie, l\u2019argent semble suffire \u00e0 ce d\u00e9sastre ?<\/span><\/p>\n<p><span style=\"color: rgb(119, 119, 119); font-family: arial;\">En face, le chef iranien, qui se fait appeler guide supr\u00eame, dans son discours du mercredi 18 juin dans lequel il oppose un refus cat\u00e9gorique \u00e0 l\u2019appel de Donald Trump \u00e0 une \u00ab capitulation sans conditions \u00bb conclut avec ces mots, en commen\u00e7ant \u00e0 citer un verset du Coran :<\/span><\/p>\n<p style=\"margin-left: 28pt;\"><span style=\"color: rgb(192, 0, 0); font-family: arial;\">\u00ab La victoire ne peut venir que de Dieu, le Puissant, le Sage \u00bb<\/span><\/p>\n<p><span style=\"color: rgb(119, 119, 119); font-family: arial;\">Puis ajoute : <\/span><\/p>\n<p style=\"margin-left: 28pt;\"><span style=\"color: rgb(192, 0, 0); font-family: arial;\">\u00ab Et Dieu Tout-Puissant accordera \u00e0 la nation iranienne la victoire, la v\u00e9rit\u00e9 et la justice, si Dieu le veut. \u00bb<\/span><\/p>\n<p><span style=\"color: rgb(119, 119, 119); font-family: arial;\">Et si dans les faits la victoire n\u2019est pas donn\u00e9e \u00e0 la nation iranienne ? Tout simplement parce que la technologie et l\u2019argent, des choses tr\u00e8s mat\u00e9rielles sans une once de spiritualit\u00e9, donne la victoire aux adversaires de l\u2019Iran. C\u2019est donc selon l\u2019hypoth\u00e8se de ce responsable religieux que \u00ab Dieu ne le veut pas \u00bb ! <\/span><\/p>\n<p><span style=\"color: rgb(119, 119, 119); font-family: arial;\">Et dans ce cas, quelle conclusion ce vieil homme en tirera du fait que Dieu ne le veut pas ?<\/span><\/p>\n<p><span style=\"color: rgb(119, 119, 119); font-family: arial;\">Le troisi\u00e8me responsable de ce chaos et de ses destructions, Benyamin Netanyahou, se trouve dans la m\u00eame \u00e9vocation religieuse. Quand, dimanche 15 juin 2025, il se rend \u00e0 Bat Yam o\u00f9 les missiles iraniens ont fait neuf victimes, il termine son discours par un verset du Deut\u00e9ronome :<br \/>\n<\/span><\/p>\n<p style=\"margin-left: 28pt;\"><span style=\"color: rgb(192, 0, 0); font-family: arial;\">\u00ab Puisque vous n&rsquo;avez vu aucune figure le jour o\u00f9 l&rsquo;\u00c9ternel vous parla du milieu du feu, \u00e0 Horeb, veillez attentivement sur vos \u00e2mes. \u00bb <\/span><\/p>\n<p><span style=\"color: rgb(119, 119, 119); font-family: arial;\">Et il conclut : <\/span><\/p>\n<p style=\"margin-left: 28pt;\"><span style=\"color: rgb(192, 0, 0); font-family: arial;\">\u00ab Ensemble, avec l&rsquo;aide de Dieu, nous vaincrons, nous sommes sur le chemin de la victoire. \u00bb<\/span><\/p>\n<p><span style=\"color: rgb(119, 119, 119); font-family: arial;\">C\u2019est encore une fake news ! L\u2019aide dont b\u00e9n\u00e9ficie l\u2019arm\u00e9e d\u2019Isra\u00ebl ce sont les armes fournis par les Etats-Unis et depuis ce week end l\u2019intervention directe de l\u2019arm\u00e9e US avec des bombes, des avions d\u00e9crits pr\u00e9c\u00e9demment. <\/span><\/p>\n<p><span style=\"color: rgb(119, 119, 119); font-family: arial;\">Le premier ministre baptise d\u00e9sormais chaque op\u00e9ration militaire par des r\u00e9f\u00e9rences bibliques. Ainsi Vendredi 13 juin au matin, \u00e0 peine les premiers missiles tir\u00e9s vers l&rsquo;Iran, le pays apprend que l&rsquo;op\u00e9ration \u00ab Le lion qui se l\u00e8ve \u00bb a \u00e9t\u00e9 lanc\u00e9e. Pour reprendre les termes de l&rsquo;allocution film\u00e9e de son dirigeant : \u00ab Nous sommes \u00e0 un moment d\u00e9cisif de l&rsquo;histoire d&rsquo;Isra\u00ebl. Il y a quelques instants, Isra\u00ebl a lanc\u00e9 l&rsquo;op\u00e9ration \u00ab\u00a0Le lion qui se l\u00e8ve\u00a0\u00bb, une op\u00e9ration militaire cibl\u00e9e visant \u00e0 supprimer la menace que repr\u00e9sente l&rsquo;Iran par rapport \u00e0 la survie m\u00eame d&rsquo;Isra\u00ebl. \u00bb <\/span><\/p>\n<p><span style=\"color: rgb(119, 119, 119); font-family: arial;\">\u00ab Le lion qui se l\u00e8ve \u00bb ? C&rsquo;est une r\u00e9f\u00e9rence \u00e0 un verset du Livre des Nombres : \u00ab Voici qu&rsquo;un peuple se l\u00e8vera comme une lionne, comme un lion il se dressera. Il ne se couchera pas sans avoir d\u00e9vor\u00e9 sa proie, sans avoir bu le sang des victimes ! \u00bb<\/span><\/p>\n<p><span style=\"color: rgb(119, 119, 119); font-family: arial;\">Je per\u00e7ois le d\u00e9sarroi des croyants sinc\u00e8res qui vivent leur foi comme un appel \u00e0 devenir plus doux, \u00e0 aider leur prochain et qui trouvent dans leurs pri\u00e8res, r\u00e9confort et aide dans les moments de souffrance et d\u2019angoisse. Ils s\u2019exclament d\u2019une seule voix : \u00ab La religion ce n\u2019est pas cela ! \u00bb <\/span><\/p>\n<p><span style=\"color: rgb(119, 119, 119); font-family: arial;\">Pour moi qui fus croyant et pour les consoler je dirais plut\u00f4t : \u00ab la religion ce n\u2019est pas que cela ! \u00bb. Mais il me faut ajouter : \u00ab c\u2019est aussi cela, c\u2019est-\u00e0-dire la violence et le pouvoir ! \u00bb<\/span><\/p>\n<p><span style=\"color: rgb(119, 119, 119); font-family: arial;\">\u00ab <a href=\"https:\/\/www.nouvelobs.com\/monde\/20250618.OBS105063\/netanyahou-les-lions-et-les-chariots-comment-le-premier-ministre-israelien-s-inspire-de-la-bible-pour-ses-operations-militaires.html\"><font color=\"#0000ff\">Le nouvel Obs<\/font><\/a> \u00bb \u00e9voque un autre nom d\u2019op\u00e9ration invent\u00e9 par l\u2019\u00e9tat-major isra\u00e9lien \u00ab Chariots de G\u00e9d\u00e9on \u00bb. C\u2019\u00e9tait le nom de l&rsquo;op\u00e9ration de mai 2025 contre Gaza, visant \u00e0 une annihilation totale du territoire. Et le Nouvel Obs de rappeler ce que dit le livre sacr\u00e9 des juifs : <\/span><\/p>\n<p style=\"margin-left: 28pt;\"><span style=\"color: rgb(192, 0, 0); font-family: arial;\">\u00ab G\u00e9d\u00e9on est un personnage biblique, un des juges du Livre des Juges, \u00e9lu par Dieu. Pour punir Canaan d&rsquo;\u00eatre revenu \u00e0 l&rsquo;idol\u00e2trie, Yahv\u00e9 a envoy\u00e9 au peuple \u00e9lu une invasion de Madianites. C&rsquo;est G\u00e9d\u00e9on qui est charg\u00e9 de la combattre, et qui, avec une toute petite arm\u00e9e de 300 personnes, r\u00e9ussit \u00e0 infiltrer le camp des Madianites et \u00e0 les \u00e9radiquer \u00bb.<\/span><\/p>\n<p><span style=\"color: rgb(119, 119, 119); font-family: arial;\">Souvent dans la bible h\u00e9bra\u00efque dieu prend le nom de <span style=\"color: rgb(119, 119, 119); font-family: arial;\">\u00ab <\/span>dieu des arm\u00e9es \u00bb, un dieu qui n\u2019a pas de scrupule \u00e0 demander des tueries de masse. <\/span><\/p>\n<p><span style=\"color: rgb(119, 119, 119); font-family: arial;\">Le Nouvel Obs \u00e9voque une autre citation de Netanyahou : <\/span><\/p>\n<p style=\"margin-left: 28pt;\"><span style=\"color: rgb(192, 0, 0); font-family: arial;\">\u00ab  Une r\u00e9f\u00e9rence biblique faite par Netanyahou a d&rsquo;ailleurs \u00e9t\u00e9 cit\u00e9e dans la plainte de l&rsquo;Afrique du Sud, d\u00e9pos\u00e9 devant la Cour internationale de Justice (CIJ) pour g\u00e9nocide. En l&rsquo;occurrence la phrase : \u00ab Souvenez-vous de ce qu&rsquo;a fait le peuple d&rsquo;Amalek \u00e0 notre peuple \u00bb, r\u00e9p\u00e9t\u00e9e \u00e0 plusieurs reprises par Netanyahou.<br \/>Le peuple d&rsquo;Amalek ? C&rsquo;est l&rsquo;ennemi originel d&rsquo;Isra\u00ebl. Yahv\u00e9 ordonne \u00e0 son peuple de l&rsquo;\u00e9radiquer. Ainsi dans le Deut\u00e9ronome, Dieu appelle \u00e0 \u00ab effacer la m\u00e9moire du peuple d&rsquo;Amalek du ciel \u00bb. <br \/>Il enjoint aussi au proph\u00e8te Samuel de se faire l&rsquo;instrument de la destruction : \u00ab Va maintenant, frappe Amalek, et d\u00e9vouez par interdit tout ce qui lui appartient ; tu ne l&rsquo;\u00e9pargneras point, et tu feras mourir hommes et femmes, enfants et nourrissons, boeufs et brebis, chameaux et \u00e2nes. \u00bb<br \/> Dans le Premier Livre de Samuel, le roi Sa\u00fcl d\u00e9sob\u00e9it \u00e0 l&rsquo;ordre divin et d\u00e9cide d&rsquo;\u00e9pargner Agag, apr\u00e8s avoir extermin\u00e9 tous les Amal\u00e9cites. Il ne se r\u00e9sout pas non plus \u00e0 tuer tout le b\u00e9tail. Mal lui en prend ! Le proph\u00e8te Samuel le tance. \u00ab N&rsquo;est-ce pas, quand tu \u00e9tais petit \u00e0 tes propres yeux, tu es devenu chef des tribus d&rsquo;Isra\u00ebl, et l&rsquo;\u00c9ternel t&rsquo;a oint pour roi sur Isra\u00ebl ?<br \/> Et l&rsquo;\u00c9ternel (&#8230;) t&rsquo;avait dit : Va et d\u00e9truis ces p\u00e9cheurs, les Amal\u00e9cites, et fais-leur la guerre jusqu&rsquo;\u00e0 ce qu&rsquo;ils soient consum\u00e9s. Et pourquoi n&rsquo;as-tu pas \u00e9cout\u00e9 la voix de l&rsquo;\u00c9ternel ? \u00bb<br \/>Samuel explique alors \u00e0 Sa\u00fcl que l&rsquo;Eternel l&rsquo;a rejet\u00e9. Et il \u00ab met Agag en pi\u00e8ces devant l&rsquo;Eternel \u00bb.<\/span><\/p>\n<p><span style=\"color: rgb(119, 119, 119); font-family: arial;\">Le Coran de la m\u00eame mani\u00e8re contient, \u00e0 c\u00f4t\u00e9 de versets bienveillants, d\u2019autres qui expriment une grande cruaut\u00e9 pour tous ceux et toutes celles qui sont en dehors des normes de \u00ab la croyance \u00bb d\u00e9finies dans ce livre. <\/span><\/p>\n<p><span style=\"color: rgb(119, 119, 119); font-family: arial;\">Les islamistes radicaux se basent sur ces textes pour justifier leurs actes violents. Par exemple ce texte qu\u2019on appelle \u00ab le verset de l\u2019\u00e9p\u00e9e \u00bb (verset 5 de la sourate IX) :<\/span><\/p>\n<p style=\"margin-left: 28pt;\"><span style=\"color: rgb(192, 0, 0); font-family: arial;\">\u00ab Quand les mois sacr\u00e9s seront expir\u00e9s, tuez les infid\u00e8les quelque part que vous les trouviez ! Prenez-les ! Assi\u00e9gez-les ! Dressez pour eux des embuscades ! S&rsquo;ils reviennent [de leur erreur], s&rsquo;ils font la Pri\u00e8re et donnent l&rsquo;Aum\u00f4ne (zakat), laissez-leur le champ libre ! Allah est absoluteur et mis\u00e9ricordieux. \u00bb \u2014 <em>Le Coran (trad. R. Blach\u00e8re),<\/em> <\/span><\/p>\n<p><span style=\"color: rgb(119, 119, 119); font-family: arial;\">Les mois sacr\u00e9s sont la p\u00e9riode de gr\u00e2ce qu\u2019on accorde aux incroyants pour se soumettre \u00e0 la foi unique, seule cette soumission permet d\u2019\u00e9chapper \u00e0 la mort\u00bb. <\/span><\/p>\n<p><span style=\"color: rgb(119, 119, 119); font-family: arial;\">Tout cela peut para\u00eetre si loin de ceux qui ont v\u00e9cu la sortie de la religion du quotidien et de la soci\u00e9t\u00e9.&nbsp; Ce que Nietzsche avait synth\u00e9tis\u00e9 par ce constat : \u00ab Dieu est mort \u00bb. <\/span><\/p>\n<p><span style=\"color: rgb(119, 119, 119); font-family: arial;\">Selon moi, l\u2019\u00e9vocation de Dieu lors de tous ces d\u00e9chainements de violence, n\u2019est pas une bonne chose. <\/span><\/p>\n<p><span style=\"color: rgb(119, 119, 119); font-family: arial;\">Ceux qui font ces \u00e9vocations sont d\u2019autant plus D\u00e9sinhib\u00e9s qu\u2019ils pensent se mettre sous la protection de textes sacr\u00e9s. Et comment n\u00e9gocier avec des gens qui pr\u00e9tendent que c\u2019est Dieu qui les guide ?<\/span><\/p>\n","protected":false},"excerpt":{"rendered":"<p>\u00ab Je tiens \u00e0 remercier tout le monde, et en particulier Dieu. \u00bb Donald Trump Donald Trump a tenu un discours de 4 minutes pour se f\u00e9liciter de la r\u00e9ussite des frappes am\u00e9ricaines sur les installations nucl\u00e9aires iraniennes qui se<\/p>\n","protected":false},"author":1,"featured_media":0,"comment_status":"open","ping_status":"closed","sticky":false,"template":"","format":"standard","meta":{"footnotes":""},"categories":[1],"tags":[65,219,203,151],"class_list":["post-16498","post","type-post","status-publish","format-standard","hentry","category-motdujour","tag-etats-unis","tag-guerre","tag-iran","tag-israel"],"_links":{"self":[{"href":"https:\/\/lemotdujour.fr\/index.php?rest_route=\/wp\/v2\/posts\/16498","targetHints":{"allow":["GET"]}}],"collection":[{"href":"https:\/\/lemotdujour.fr\/index.php?rest_route=\/wp\/v2\/posts"}],"about":[{"href":"https:\/\/lemotdujour.fr\/index.php?rest_route=\/wp\/v2\/types\/post"}],"author":[{"embeddable":true,"href":"https:\/\/lemotdujour.fr\/index.php?rest_route=\/wp\/v2\/users\/1"}],"replies":[{"embeddable":true,"href":"https:\/\/lemotdujour.fr\/index.php?rest_route=%2Fwp%2Fv2%2Fcomments&post=16498"}],"version-history":[{"count":1,"href":"https:\/\/lemotdujour.fr\/index.php?rest_route=\/wp\/v2\/posts\/16498\/revisions"}],"predecessor-version":[{"id":16499,"href":"https:\/\/lemotdujour.fr\/index.php?rest_route=\/wp\/v2\/posts\/16498\/revisions\/16499"}],"wp:attachment":[{"href":"https:\/\/lemotdujour.fr\/index.php?rest_route=%2Fwp%2Fv2%2Fmedia&parent=16498"}],"wp:term":[{"taxonomy":"category","embeddable":true,"href":"https:\/\/lemotdujour.fr\/index.php?rest_route=%2Fwp%2Fv2%2Fcategories&post=16498"},{"taxonomy":"post_tag","embeddable":true,"href":"https:\/\/lemotdujour.fr\/index.php?rest_route=%2Fwp%2Fv2%2Ftags&post=16498"}],"curies":[{"name":"wp","href":"https:\/\/api.w.org\/{rel}","templated":true}]}}