{"id":1648,"date":"2016-03-15T01:00:00","date_gmt":"2016-03-14T22:00:00","guid":{"rendered":"http:\/\/lemotdujour.fr\/?p=1648"},"modified":"2023-10-16T23:14:24","modified_gmt":"2023-10-16T21:14:24","slug":"mardi-15-mars-2016","status":"publish","type":"post","link":"https:\/\/lemotdujour.fr\/?p=1648","title":{"rendered":"Mardi 15 mars 2016"},"content":{"rendered":"<div class=\"mdjDate\">Mardi 15 mars 2016<\/div>\n<div class=\"mdjTexte\">\u00ab\u00a0Les forces qui r\u00e9gissent la mati\u00e8re semblent finement \u00ab ajust\u00e9es \u00bb pour l\u2019apparition de la complexit\u00e9, de la vie et de l\u2019intelligence dans l\u2019univers.<br \/>\n[ sans \u00e7a,] nous ne serions pas l\u00e0 ! \u00bb<\/div>\n<div class=\"mdjAuteur\">Hubert Reeves \u2013 \u00ab\u00a0L\u00e0 o\u00f9 cro\u00eet le p\u00e9ril\u2026 cro\u00eet aussi ce qui sauve\u00a0\u00bb<br \/>\n\u00ab\u00a0La belle histoire\u00a0\u00bb Page 16 et 17<\/div>\n<p><span style=\"color:#777777; font-family:Arial\">Voici comment Hubert Reeves raconte cet ajustement pr\u00e9cis sans lequel nous ne serions pas l\u00e0 pour en parler :<br \/>\n<\/span><\/p>\n<p style=\"margin-left: 28pt\"><span style=\"color:#c00000; font-family:Arial\">\u00ab\u00a0Voici une information qui n&rsquo;a pas fini de faire parler d&rsquo;elle. Elle nous est arriv\u00e9e, d&rsquo;une fa\u00e7on inattendue, du monde de l&rsquo;informatique, de ce qu&rsquo;on appelle souvent les broyeurs de chiffres.<br \/>\n<\/span><\/p>\n<p style=\"margin-left: 28pt\"><span style=\"color:#c00000; font-family:Arial\">On part du constat que le comportement de la mati\u00e8re du cosmos est contr\u00f4l\u00e9 par<a href=\"https:\/\/fr.wikipedia.org\/wiki\/Interaction_%C3%A9l%C3%A9mentaire\"><span style=\"color:blue; text-decoration:underline\"> quatre forces diff\u00e9rentes :<\/span><\/a><br \/>\n<\/span><\/p>\n<ul style=\"margin-left: 64pt\">\n<li><a href=\"https:\/\/fr.wikipedia.org\/wiki\/Gravitation\"><span style=\"color:blue; font-family:Arial; text-decoration:underline\">\u00a0la force de gravit\u00e9, <\/span><\/a><span style=\"color:#c00000; font-family:Arial\"><br \/>\n<\/span><\/li>\n<li><a href=\"https:\/\/fr.wikipedia.org\/wiki\/%C3%89lectromagn%C3%A9tisme\"><span style=\"color:blue; font-family:Arial; text-decoration:underline\">\u00a0la force \u00e9lectromagn\u00e9tique, <\/span><\/a><span style=\"color:#c00000; font-family:Arial\"><br \/>\n<\/span><\/li>\n<li><a href=\"https:\/\/fr.wikipedia.org\/wiki\/Interaction_forte\"><span style=\"color:blue; font-family:Arial; text-decoration:underline\">\u00a0la force nucl\u00e9aire forte <\/span><\/a><span style=\"color:#c00000; font-family:Arial\"><br \/>\n<\/span><\/li>\n<li><span style=\"color:#c00000; font-family:Arial\">\u00a0<a href=\"https:\/\/fr.wikipedia.org\/wiki\/Interaction_faible\"><span style=\"color:blue; text-decoration:underline\">la force nucl\u00e9aire faible.<\/span><\/a><br \/>\n<\/span><\/li>\n<\/ul>\n<p><span style=\"color:#c00000; font-family:Arial\">Chacune est caract\u00e9ris\u00e9e par son intensit\u00e9 et sa port\u00e9e (la distance sur laquelle elle se fait sentir).<br \/>\n<\/span><\/p>\n<p style=\"margin-left: 28pt\"><span style=\"color:#c00000; font-family:Arial\">Les physiciens, qui aiment s&rsquo;amuser avec des mod\u00e8les num\u00e9riques sur ordinateur, ont tent\u00e9 de calculer comment la mati\u00e8re cosmique se serait comport\u00e9e depuis le big bang si les propri\u00e9t\u00e9s de ces forces avaient \u00e9t\u00e9 un tant soit peu diff\u00e9rentes.<br \/>\n<\/span><\/p>\n<p style=\"margin-left: 28pt\"><span style=\"color:#c00000; font-family:Arial\">L\u00e0, surprise !<br \/>\n<\/span><\/p>\n<p style=\"margin-left: 28pt\"><span style=\"color:#c00000; font-family:Arial\">Les moindres variations r\u00e9sultaient souvent en univers bien diff\u00e9rent du n\u00f4tre\u00a0: il s&rsquo;av\u00e9rait parfaitement st\u00e9riles.<br \/>\n<\/span><\/p>\n<p style=\"margin-left: 28pt\"><span style=\"color:#c00000; font-family:Arial\">Pas de galaxie, pas d&rsquo;\u00e9toile, pas de plan\u00e8te, et surtout pas de vie !<br \/>\n<\/span><\/p>\n<p style=\"margin-left: 28pt\"><span style=\"color:#c00000; font-family:Arial\">Convenant, par exemple, d&rsquo;augmenter, m\u00eame de fa\u00e7on minime, l&rsquo;intensit\u00e9 de la force nucl\u00e9aire forte. Lors du big bang, tout l&rsquo;hydrog\u00e8ne se serait transform\u00e9 en h\u00e9lium. R\u00e9sultat : il n&rsquo;y aurait pas d&rsquo;\u00e9toile de longue dur\u00e9e comme le soleil pour veiller \u00e0 l&rsquo;\u00e9closion de la vie et partout dans l&rsquo;univers. Un monde sec et st\u00e9rile.<br \/>\n<\/span><\/p>\n<p style=\"margin-left: 28pt\"><span style=\"color:#c00000; font-family:Arial\">Convenons \u00e0 l&rsquo;inverse qu&rsquo;elle ait \u00e9t\u00e9 un peu, tr\u00e8s peu, plus faible. R\u00e9sultat : les noyaux atomiques seraient beaucoup moins stables. Un grand nombre se d\u00e9sint\u00e9grerait spontan\u00e9ment et la mati\u00e8re serait hautement radioactive, trop instable pour permettre la vie.<br \/>\n<\/span><\/p>\n<p style=\"margin-left: 28pt\"><span style=\"color:#c00000; font-family:Arial\">Supposons maintenant que la force de gravit\u00e9 soit un tantinet plus faible. Un univers soumis \u00e0 ces conditions aurait suivi un parcours semblable au n\u00f4tre : expansion, refroidissement, obscurcissement.<br \/>\n<\/span><\/p>\n<p style=\"margin-left: 28pt\"><span style=\"color:#c00000; font-family:Arial\">Mais aucune galaxie, aucune \u00e9toile, aucune plan\u00e8te ne se serait form\u00e9e. La mati\u00e8re serait rest\u00e9e ind\u00e9finiment dans son \u00e9tat de dispersion initiale.<br \/>\n<\/span><\/p>\n<p style=\"margin-left: 28pt\"><span style=\"color:#c00000; font-family:Arial\">\u00c0 l&rsquo;oppos\u00e9, une minime intensification de la gravit\u00e9 aurait accru la vitesse de formation des \u00e9toiles qui se seraient par la suite rapidement transform\u00e9e en st\u00e9rile trou noir. Et la liste est longue des exemples d&rsquo;effets semblables sur les autres forces.<br \/>\n<\/span><\/p>\n<p style=\"margin-left: 28pt\"><span style=\"color:#c00000; font-family:Arial\">En peu de mots les forces qui r\u00e9gissent la mati\u00e8re semblent finement \u00ab ajust\u00e9es \u00bb pour l&rsquo;apparition de la complexit\u00e9, de la vie et de l&rsquo;intelligence dans l&rsquo;univers.<br \/>\n<\/span><\/p>\n<p style=\"margin-left: 28pt\"><span style=\"color:#c00000; font-family:Arial\">\u00c9tonnant non ?<br \/>\n<\/span><\/p>\n<p style=\"margin-left: 28pt\"><span style=\"color:#c00000; font-family:Arial\">\u00c9videmment les r\u00e9actions n&rsquo;ont pas manqu\u00e9, les interpr\u00e9tations sont nombreuses et les d\u00e9bats sont anim\u00e9s. Mais la r\u00e9alit\u00e9 de ces concordances tr\u00e8s g\u00e9n\u00e9ralement admises par les astrophysiciens. \u00bb<br \/>\n<\/span><\/p>\n<p><span style=\"color:#777777; font-family:Arial\">Et, bien s\u00fbr, sans \u00e7a, nous ne serions pas l\u00e0 !<br \/>\n<\/span><\/p>\n<p><span style=\"color:#c00000; font-family:Arial\">&lt;665&gt;<\/span><\/p>\n","protected":false},"excerpt":{"rendered":"<p>Mardi 15 mars 2016 \u00ab\u00a0Les forces qui r\u00e9gissent la mati\u00e8re semblent finement \u00ab ajust\u00e9es \u00bb pour l\u2019apparition de la complexit\u00e9, de la vie et de l\u2019intelligence dans l\u2019univers. [ sans \u00e7a,] nous ne serions pas l\u00e0 ! \u00bb Hubert Reeves<\/p>\n","protected":false},"author":1,"featured_media":0,"comment_status":"closed","ping_status":"closed","sticky":false,"template":"","format":"standard","meta":{"footnotes":""},"categories":[1],"tags":[238,35],"class_list":["post-1648","post","type-post","status-publish","format-standard","hentry","category-motdujour","tag-astrophysique","tag-sciences"],"_links":{"self":[{"href":"https:\/\/lemotdujour.fr\/index.php?rest_route=\/wp\/v2\/posts\/1648","targetHints":{"allow":["GET"]}}],"collection":[{"href":"https:\/\/lemotdujour.fr\/index.php?rest_route=\/wp\/v2\/posts"}],"about":[{"href":"https:\/\/lemotdujour.fr\/index.php?rest_route=\/wp\/v2\/types\/post"}],"author":[{"embeddable":true,"href":"https:\/\/lemotdujour.fr\/index.php?rest_route=\/wp\/v2\/users\/1"}],"replies":[{"embeddable":true,"href":"https:\/\/lemotdujour.fr\/index.php?rest_route=%2Fwp%2Fv2%2Fcomments&post=1648"}],"version-history":[{"count":2,"href":"https:\/\/lemotdujour.fr\/index.php?rest_route=\/wp\/v2\/posts\/1648\/revisions"}],"predecessor-version":[{"id":14988,"href":"https:\/\/lemotdujour.fr\/index.php?rest_route=\/wp\/v2\/posts\/1648\/revisions\/14988"}],"wp:attachment":[{"href":"https:\/\/lemotdujour.fr\/index.php?rest_route=%2Fwp%2Fv2%2Fmedia&parent=1648"}],"wp:term":[{"taxonomy":"category","embeddable":true,"href":"https:\/\/lemotdujour.fr\/index.php?rest_route=%2Fwp%2Fv2%2Fcategories&post=1648"},{"taxonomy":"post_tag","embeddable":true,"href":"https:\/\/lemotdujour.fr\/index.php?rest_route=%2Fwp%2Fv2%2Ftags&post=1648"}],"curies":[{"name":"wp","href":"https:\/\/api.w.org\/{rel}","templated":true}]}}