{"id":16462,"date":"2025-06-02T03:21:00","date_gmt":"2025-06-02T01:21:00","guid":{"rendered":"https:\/\/lemotdujour.fr\/?p=16462"},"modified":"2025-06-04T12:09:40","modified_gmt":"2025-06-04T10:09:40","slug":"lundi-2-juin-2025","status":"publish","type":"post","link":"https:\/\/lemotdujour.fr\/?p=16462","title":{"rendered":"Lundi 2 juin 2025"},"content":{"rendered":"<div class=\"mdjTexte\">\u00ab Une finale incommensurable sur le green de Munich\u00bb<\/div>\n<div class=\"mdjAuteur\">As, journal espagnol relatant la finale de la ligue des champions du 31 mai 2025<\/div>\n<p><span style=\"color: #777777; font-family: arial;\">De temps \u00e0 autre je parle de football. Parce que le Football est un formidable laboratoire qui montre beaucoup des r\u00e9alit\u00e9s de ce monde et du comportement des gens. J\u2019avais commenc\u00e9 la s\u00e9rie de mots du jour de 2018, avant la coupe du monde de Russie, par cette citation d\u2019Albert Camus : <\/span><\/p>\n<p style=\"margin-left: 28pt;\"><span style=\"color: #c00000; font-family: arial;\"><a href=\"https:\/\/lemotdujour.fr\/?p=4998\"><span style=\"color: #0000ff;\">\u00ab Ce que je sais de la morale, c\u2019est au football que je le dois\u2026 \u00bb<\/span><\/a><\/span><\/p>\n<p><span style=\"color: #777777; font-family: arial;\">Cette fois, le football va me permettre de montrer qu&rsquo;un \u00e9v\u00e8nement, qu&rsquo;un fait peut \u00eatre examin\u00e9 \u00e0 travers des regards ou dois je \u00e9crire des filtres diff\u00e9rents ? <\/span><\/p>\n<p><span style=\"color: #777777; font-family: arial;\">Si on regarde la chose \u00e0 l&rsquo;aide d&rsquo;un seul filtre, on a une vision tronqu\u00e9e, amput\u00e9e de sa complexit\u00e9. J&rsquo;ai l&rsquo;intuition que c&rsquo;est le mode devenu le plus courant pour aborder les questions politiques ou de soci\u00e9t\u00e9. <\/span><\/p>\n<figure id=\"attachment_16466\" aria-describedby=\"caption-attachment-16466\" style=\"width: 351px\" class=\"wp-caption alignleft\"><img loading=\"lazy\" decoding=\"async\" class=\" wp-image-16466\" src=\"https:\/\/lemotdujour.fr\/wp-content\/uploads\/2025\/06\/Un-triomphe.png\" alt=\"\" width=\"351\" height=\"524\" srcset=\"https:\/\/lemotdujour.fr\/wp-content\/uploads\/2025\/06\/Un-triomphe.png 453w, https:\/\/lemotdujour.fr\/wp-content\/uploads\/2025\/06\/Un-triomphe-201x300.png 201w\" sizes=\"auto, (max-width: 351px) 100vw, 351px\" \/><figcaption id=\"caption-attachment-16466\" class=\"wp-caption-text\">Page du journal L&rsquo;\u00e9quipe du 1er juin 2025<\/figcaption><\/figure>\n<p><span style=\"color: #777777; font-family: arial;\">L&rsquo;\u00e9v\u00e8nement footballistique qui me conduit \u00e0 cette r\u00e9flexion est \u00e9videmment la victoire du Paris Saint Germain en finale de la Ligue des champions, samedi. <\/span><\/p>\n<p><span style=\"color: #777777; font-family: arial;\">Ce ne fut pas une victoire mais un triomphe. Paris a battu l\u2019Inter Milan 5 buts \u00e0 z\u00e9ro. Jamais une finale de cette \u00e9preuve n\u2019avait \u00e9t\u00e9 remport\u00e9e par 5 buts d\u2019\u00e9cart. Jusqu\u2019\u00e0 samedi le record \u00e9tait celui de la finale de 1994 dans laquelle le Milan AC entra\u00een\u00e9 par Fabio Capello, l\u2019autre club de Milan, avait battu le Barcelone entrain\u00e9 par Johan Cruyff 4-0 et dont les sp\u00e9cialistes disaient que c\u2019\u00e9tait, alors, la meilleure \u00e9quipe d\u2019Europe. <\/span><\/p>\n<p><span style=\"color: #777777; font-family: arial;\">Lors de cette finale de 1994, le club italien avait \u00e9t\u00e9 remarquablement efficace et opportuniste, mais n\u2019avait pas surclass\u00e9 son adversaire dans le jeu comme l\u2019a fait le Paris Saint Germain cette ann\u00e9e. Ainsi le journal anglais le Daily Mail a \u00e9crit : <\/span><\/p>\n<p style=\"margin-left: 28pt;\"><span style=\"color: #c00000; font-family: arial;\">\u00ab Les Italiens massacr\u00e9s, le PSG champion d\u2019Europe avec style. Ils n\u2019ont pas seulement battu l\u2019Inter ici \u00e0 Munich, Ils l\u2019ont compl\u00e8tement an\u00e9anti. \u00bb <\/span><\/p>\n<p><span style=\"color: #777777; font-family: arial;\">Pour retrouver une telle domination, il faut revenir \u00e0 la finale de 2011 o\u00f9 l&rsquo;\u00e9quipe de Barcelone entra\u00een\u00e9 par Pep Gardiola a battu le Manchester United de Alex Ferguson. Le score n&rsquo;\u00e9tait alors que de 3-1 mais le match fut \u00e0 sens unique faisant dire \u00e0 Alex Ferguson :\u00a0 \u00ab Jamais une \u00e9quipe ne m&rsquo;avait autant impressionn\u00e9. Elle \u00e9tait injouable. \u00bb<\/span><\/p>\n<p><span style=\"color: #777777; font-family: arial;\"> Les journaux italiens ont reconnu la d\u00e9route de l&rsquo;\u00e9quipe milanaise. La Gazzetta dello Sport \u00e9crit \u00ab Quelque chose s\u2019est bris\u00e9 et s\u2019est termin\u00e9 ce soir pour l\u2019Inter. \u00bb, de son c\u00f4t\u00e9 Tuttosport, reconna\u00eet l\u2019ampleur du naufrage : \u00ab Une lourde d\u00e9faite qui restera dans l\u2019Histoire. \u00bb<\/span><\/p>\n<p><span style=\"color: #777777; font-family: arial;\"><span style=\"color: #ff0000;\"><strong>1\/<\/strong> <\/span>Un premier regard qui se pose sur cet \u00e9v\u00e8nement peut \u00eatre celui d\u2019une personne attach\u00e9e au calme d\u2019une soci\u00e9t\u00e9 apais\u00e9e. <\/span><\/p>\n<p><span style=\"color: #777777; font-family: arial;\">Force est alors de constater que la c\u00e9l\u00e9bration de cette victoire a d\u00e9chain\u00e9 la violence et le chaos. On d\u00e9nombre deux morts sur l\u2019ensemble des d\u00e9bordements qui ont eu lieu \u00e0 travers l\u2019Hexagone le 31 mai, ainsi que 192 personnes bless\u00e9es en r\u00e9gion parisienne, selon <a href=\"https:\/\/www.franceinfo.fr\/replay-jt\/france-2\/20-heures\/victoire-du-psg-la-fete-gachee-par-des-violences-des-pillages-et-des-degradations_7285875.html\"><span style=\"color: #0000ff;\">France Info<\/span><\/a>. <\/span><\/p>\n<p><span style=\"color: #777777; font-family: arial;\">\u00a0<a href=\"https:\/\/www.lemonde.fr\/societe\/article\/2025\/06\/01\/nuit-de-chaos-et-de-violences-apres-la-victoire-du-psg-en-finale-de-la-ligue-des-champions_6609899_3224.html\"><span style=\"color: #0000ff;\">\u00ab Le Monde \u00bb<\/span><\/a> nous apprend qu&rsquo;un homme de 17 ans a \u00e9t\u00e9 poignard\u00e9 \u00e0 mort \u00e0 Dax (Landes), pr\u00e8s de la place de la Fontaine chaude o\u00f9 s\u2019\u00e9taient r\u00e9unis les supporteurs ; quatre personnes bless\u00e9es \u2013 dont deux gri\u00e8vement et une victime dont le pronostic vital reste engag\u00e9 \u2013 apr\u00e8s avoir \u00e9t\u00e9 fauch\u00e9s par un v\u00e9hicule \u00e0 Grenoble. <\/span><\/p>\n<p><span style=\"color: #777777; font-family: arial;\">A Coutances (Manche), un fonctionnaire de police a \u00e9t\u00e9 plac\u00e9 dans un coma artificiel apr\u00e8s avoir \u00e9t\u00e9 touch\u00e9 \u00e0 l\u2019\u0153il et \u00e0 l\u2019arcade sourcili\u00e8re par un jet de projectile. Sur les r\u00e9seaux sociaux, les images de d\u00e9vastation et d\u2019affrontements tournent en boucle : des v\u00e9hicules en flammes ; un pompier agress\u00e9 par la foule sur les Champs-Elys\u00e9es, o\u00f9 un magasin de chaussures de sport a \u00e9t\u00e9 pill\u00e9 et vandalis\u00e9 par des dizaines de personnes \u2013 trois autres ont \u00e9t\u00e9 d\u00e9grad\u00e9s \u2013 ; un scooter percut\u00e9 de plein fouet par une voiture \u00e0 Paris ; le pilote d\u2019une moto violent\u00e9 et son engin vol\u00e9 sur le boulevard p\u00e9riph\u00e9rique ; la voiture de deux jeunes femmes saccag\u00e9e ; Au commissariat de Clichy-sous-Bois (Seine-Saint-Denis), \u00ab deux policiers se trouvant devant le commissariat ont \u00e9t\u00e9 victimes d\u2019une soixantaine de tirs tendus de mortiers \u00bb l\u2019\u00e9num\u00e9ration pourrait continuer\u2026<\/span><\/p>\n<p><span style=\"color: #777777; font-family: arial;\">La soir\u00e9e et la nuit de samedi \u00e0 dimanche a conduit \u00e0 559 interpellations \u00e0 travers la France, dont 491 en r\u00e9gion parisienne. 307 personnes ont \u00e9t\u00e9 plac\u00e9es en garde \u00e0 vue dont 216 \u00e0 Paris, soit 202 majeurs et 14 mineurs selon le parquet de Paris. Un bilan national encore provisoire fait \u00e9tat de 692 incendies \u00e0 travers le pays, dont 264 v\u00e9hicules. <\/span><\/p>\n<p><span style=\"color: #777777; font-family: arial;\">Une semaine auparavant, Le club de rugby de Bordeaux B\u00e8gles a aussi gagn\u00e9 la coupe d\u2019Europe des clubs. Le retour des joueurs \u00e0 Bordeaux a fait l\u2019objet de c\u00e9l\u00e9brations euphoriques, il n\u2019y eut aucun incident notable. Ce premier regard peut conduire \u00e0 jeter le discr\u00e9dit sur le football et ses supporters, particuli\u00e8rement en France. Car s\u2019il y a eu des incidents dans d\u2019autres pays, par exemple r\u00e9cemment \u00e0 Liverpool suite \u00e0 la victoire de ce club dans le championnat anglais, il n\u2019y a pas ce d\u00e9chainement de violence dans toute la ville ni dans le reste du pays, dans aucun autre pays europ\u00e9en. Je ne d\u00e9veloppe pas, mais je voudrais tenir \u00e0 distance \u00e0 la fois ceux qui disent que cela n\u2019a rien \u00e0 voir avec \u00ab le monde du football fran\u00e7ais \u00bb et ceux qui trouvent tout de suite des explications qui tombent rapidement dans le racisme et la stigmatisation. <\/span><\/p>\n<p><span style=\"color: #777777; font-family: arial;\">Mais cette r\u00e9alit\u00e9 existe. Dire, comme certains politiques situ\u00e9s dans les oppositions que c\u2019est la faute de l\u2019organisation des services de s\u00e9curit\u00e9, constitue \u00e0 la fois un d\u00e9ni et \u00ab du foutage de gueule \u00bb.\u00a0<\/span><\/p>\n<p><span style=\"color: #777777; font-family: arial;\"><strong><img loading=\"lazy\" decoding=\"async\" class=\" wp-image-16465 alignright\" src=\"https:\/\/lemotdujour.fr\/wp-content\/uploads\/2025\/06\/Caricature-du-football.jpg\" alt=\"\" width=\"466\" height=\"352\" srcset=\"https:\/\/lemotdujour.fr\/wp-content\/uploads\/2025\/06\/Caricature-du-football.jpg 534w, https:\/\/lemotdujour.fr\/wp-content\/uploads\/2025\/06\/Caricature-du-football-300x226.jpg 300w\" sizes=\"auto, (max-width: 466px) 100vw, 466px\" \/><span style=\"color: #ff0000;\">2\/<\/span><\/strong> Le deuxi\u00e8me regard pourrait \u00eatre celui de la personne qui regarde le monde et qui d\u2019un c\u00f4t\u00e9 voit le peuple gazaoui martyris\u00e9 par Isra\u00ebl, le peuple ukrainien sous les bombes russes, la guerre \u00e9conomique d\u00e9clench\u00e9e par Trump, les injustices dans le monde, les d\u00e9fis climatiques et \u00e9cologiques devant lesquels les humains semblent baisser les bras et qui de l\u2019autre c\u00f4t\u00e9 voit l\u2019\u00e9nergie, l\u2019argent et les foules mobilis\u00e9s par ce jeu de ballon qui ne peut apparaitre devant sa vision du monde que sous une forme d\u00e9risoire. <\/span><\/p>\n<p><span style=\"color: #777777; font-family: arial;\">\u00ab <a href=\"https:\/\/www.merveilles-du-monde.com\/Colisee\/Panem-et-circenses.php\"><span style=\"color: #0000ff;\"><strong>Panem et circenses<\/strong><\/span><\/a> \u00bb, \u00ab du pain et des jeux \u00bb disaient des auteurs romains devant une telle dichotomie du temps de l\u2019Empire. Comment nier que cette vision montre une part de v\u00e9rit\u00e9 ? <\/span><\/p>\n<p><span style=\"color: #777777; font-family: arial;\">C&rsquo;est une partie de la r\u00e9alit\u00e9, ce n&rsquo;est qu&rsquo;une partie.<\/span><\/p>\n<p><span style=\"color: #777777; font-family: arial;\"><span style=\"color: #ff0000;\"><strong>3\/<\/strong> <\/span>Le troisi\u00e8me regard que je vous propose est celui de l\u2019\u00e9conomiste, c\u2019est-\u00e0-dire de l\u2019\u00e9tude de l\u2019allocation des ressources. <\/span><\/p>\n<p><span style=\"color: #777777; font-family: arial;\">Nous savons que les meilleurs joueurs ont des salaires mirobolants et qu\u2019en plus ils disposent de revenus tout aussi \u00e9lev\u00e9s dans le cadre du sponsoring et de la publicit\u00e9. Cette r\u00e9alit\u00e9 a \u00e9t\u00e9 synth\u00e9tis\u00e9 par cette description : \u00ab <strong>un jeu financ\u00e9 par des gens modestes qui paient tr\u00e8s chers pour aller regarder des millionnaires courir apr\u00e8s un ballon<\/strong> \u00bb. Je n\u2019ai pas retrouv\u00e9 l\u2019auteur de cette formule qui m\u2019avait marqu\u00e9 quand je l\u2019avais entendue. <\/span><\/p>\n<p><span style=\"color: #777777; font-family: arial;\">Si on s\u2019int\u00e9resse aux dix plus gros budgets des clubs europ\u00e9ens, <a href=\"https:\/\/legrandcontinent.eu\/fr\/2025\/05\/31\/strategie-tactique-et-geopolitique-de-la-finale-de-la-ligue-des-champions-psg-inter-milan-6-points-pour-se-preparer-au-match\/\"><span style=\"color: #0000ff;\">le grand Continent<\/span><\/a> a publi\u00e9 ce tableau. <\/span><\/p>\n<p><img loading=\"lazy\" decoding=\"async\" class=\"alignnone size-full wp-image-16476\" src=\"https:\/\/lemotdujour.fr\/wp-content\/uploads\/2025\/06\/Les-plus-gros-budgets.png\" alt=\"\" width=\"829\" height=\"508\" srcset=\"https:\/\/lemotdujour.fr\/wp-content\/uploads\/2025\/06\/Les-plus-gros-budgets.png 829w, https:\/\/lemotdujour.fr\/wp-content\/uploads\/2025\/06\/Les-plus-gros-budgets-300x184.png 300w, https:\/\/lemotdujour.fr\/wp-content\/uploads\/2025\/06\/Les-plus-gros-budgets-768x471.png 768w\" sizes=\"auto, (max-width: 829px) 100vw, 829px\" \/><\/p>\n<p><span style=\"color: #777777; font-family: arial;\">Si, en parall\u00e8le, on s\u2019int\u00e9resse aux 15 derniers vainqueurs de la ligue des champions on trouve ce tableau : <\/span><\/p>\n<p><span style=\"color: #777777; font-family: arial;\"><img loading=\"lazy\" decoding=\"async\" class=\"size-full wp-image-16477 alignleft\" src=\"https:\/\/lemotdujour.fr\/wp-content\/uploads\/2025\/06\/Les-15-derniers-vainqueurs.png\" alt=\"\" width=\"264\" height=\"177\" \/>Il n\u2019y a que Chelsea qui n\u2019apparait pas dans les dix premiers budgets. <\/span><\/p>\n<p><span style=\"color: #777777; font-family: arial;\">Cette anomalie me semble \u00e9tonnante, surtout que j\u2019ai pu lire que la source \u00ab <a href=\"https:\/\/sportune.20minutes.fr\/sport-business\/football\/les-budgets-des-clubs-de-la-premier-league-2023-2024-312241\/2\"><span style=\"color: #0000ff;\">sportune<\/span><\/a> \u00bb, identique \u00e0 celle utilis\u00e9e par Le Grand Continent, disait que le budget de Chelsea \u00e9tait pour la saison derni\u00e8re (2023-2024) de <strong>600 millions d\u2019euros<\/strong> ce qui met ce club dans les 10 plus gros budgets. <\/span><\/p>\n<p><span style=\"color: #777777; font-family: arial;\">Et sur le site de la <a href=\"https:\/\/www.rtbf.be\/article\/12-4-milliards-d-euros-depenses-chelsea-en-chef-de-file-en-2023-des-mercatos-plus-onereux-que-jamais-11252048\"><span style=\"color: #0000ff;\">RTBF<\/span><\/a><span style=\"color: #0000ff;\">,<\/span> j\u2019ai pu lire qu\u2019\u00ab Avec<strong> 2,64 milliards d\u2019euros d\u00e9pens\u00e9s depuis 2014<\/strong>, dont plus d\u2019un milliard depuis son rachat par le consortium am\u00e9ricain BlueCo en mai 2022, Chelsea est aussi le club ayant investi le plus d\u2019argent dans des transferts au cours de la derni\u00e8re d\u00e9cennie. \u00bb. <\/span><\/p>\n<p><span style=\"color: #777777; font-family: arial;\">Nous pouvons ainsi \u00eatre rassur\u00e9, <strong>ce sont bien les clubs les plus riches qui gagnent.<\/strong> <\/span><\/p>\n<p><span style=\"color: #777777; font-family: arial;\">Ce constat qui est conforme \u00e0 la marche \u00e9conomique du monde, met \u00e0 mal ce qu\u2019on appelle \u00ab la glorieuse incertitude du sport \u00bb. Il y a bien incertitude mais \u00e0 l\u2019int\u00e9rieur d\u2019une petite \u00e9lite s\u00e9lectionn\u00e9e par l\u2019argent. C\u2019est assez d\u00e9cevant pour les amateurs du football et r\u00e9pulsif pour les autres. <\/span><\/p>\n<p><span style=\"color: #777777; font-family: arial;\">Il y a bien un troisi\u00e8me groupe, celui des \u00e9conomistes lib\u00e9raux qui vont se satisfaire de ce march\u00e9 des joueurs qui semble admirable de coh\u00e9rence : les meilleurs joueurs, ceux qui font gagner, sont pay\u00e9s le plus cher. Le fait que ce soit les clubs les plus riches, c\u2019est-\u00e0-dire ceux qui peuvent embaucher les meilleurs joueurs, qui gagnent est une magnifique d\u00e9monstration que la loi du march\u00e9 est juste dans le football\u2026 <\/span><\/p>\n<p><span style=\"color: #777777; font-family: arial;\">Ce regard sur le monde du football constitue aussi un \u00e9clairage exact de la r\u00e9alit\u00e9, mais ne saurait expliquer \u00e0 lui seul ce que repr\u00e9sente le football. <\/span><\/p>\n<p><span style=\"color: #777777; font-family: arial;\"><span style=\"color: #777777; font-family: arial;\"><span style=\"color: #ff0000;\"><strong>4\/<\/strong> <\/span>L\u2019analyse g\u00e9opolitique va nous conduire \u00e0 voir que cette victoire est celle du Qatar. <\/span><\/span><\/p>\n<p><span style=\"color: #777777; font-family: arial;\">C\u2019est le fonds souverain du Qatar qui a achet\u00e9 le club le 30 juin 2011. Le propri\u00e9taire est donc l\u2019Emir du Qatar qui confie la pr\u00e9sidence du club \u00e0 un de ses hommes de confiance : Nasser al-Khela\u00effi , toujours en fonction. <\/span><\/p>\n<p><span style=\"color: #777777; font-family: arial;\"><img loading=\"lazy\" decoding=\"async\" class=\"size-full wp-image-16483 alignleft\" src=\"https:\/\/lemotdujour.fr\/wp-content\/uploads\/2025\/06\/Arrivee-a-Roissy.png\" alt=\"\" width=\"467\" height=\"233\" srcset=\"https:\/\/lemotdujour.fr\/wp-content\/uploads\/2025\/06\/Arrivee-a-Roissy.png 467w, https:\/\/lemotdujour.fr\/wp-content\/uploads\/2025\/06\/Arrivee-a-Roissy-300x150.png 300w\" sizes=\"auto, (max-width: 467px) 100vw, 467px\" \/>Il n\u2019y a pas de doute que la victoire est celle du Qatar. Quand l\u2019avion de Qatar airways a atterri \u00e0 Roissy avec les joueurs parisiens, Nasser al-Khela\u00effi a tenu \u00e0 porter la coupe avec le capitaine de l\u2019\u00e9quipe, il n\u2019\u00e9tait pas concevable de laisser cet objet de convoitise entre les seules mains des joueurs. La m\u00eame sc\u00e8ne a \u00e9t\u00e9 vu lorsque les joueurs et leur pr\u00e9sident sont arriv\u00e9s \u00e0 l\u2019Elys\u00e9e dans une tentative de r\u00e9cup\u00e9ration par le Pr\u00e9sident de la R\u00e9publique. Ce dernier a remerci\u00e9 chaleureusement Nasser al-Khela\u00effi :<br \/>\n<\/span><\/p>\n<p style=\"margin-left: 28pt;\"><span style=\"color: #c00000; font-family: arial;\">\u00ab Cette victoire vous doit beaucoup Pr\u00e9sident. [ d\u2019autres \u00e9loges\u2026] et je remercie avec vous le Qatar qui a toujours \u00e9t\u00e9 un actionnaire exigeant. Qui a r\u00e9engag\u00e9, qui a r\u00e9investit dans ce club, qui n\u2019a jamais lach\u00e9. [\u2026] Je veux aussi remercier l\u2019Emir du Qatar\u2026 \u00bb.<\/span><\/p>\n<p><span style=\"color: #777777; font-family: arial;\">C\u2019est un long article du Monde qui d\u00e9voile le d\u00e9but de toute cette affaire dans laquelle l\u2019int\u00e9r\u00eat bien compris du Qatar va rencontrer la bienveillance et les int\u00e9r\u00eats fran\u00e7ais : <a href=\"https:\/\/www.lemonde.fr\/football\/article\/2015\/12\/05\/le-dejeuner-a-l-elysee-qui-a-conduit-le-mondial-au-qatar_4825303_1616938.html\"><span style=\"color: #0000ff;\">\u00ab Le d\u00e9jeuner \u00e0 l\u2019Elys\u00e9e qui a conduit le Mondial au Qatar \u00bb<\/span>.<\/a> <\/span><\/p>\n<p><span style=\"color: #777777; font-family: arial;\">Il reste des coins d\u2019ombre mais la vraisemblance du r\u00e9cit semble av\u00e9r\u00e9e, chacun des protagonistes ayant, de mani\u00e8re plus ou moins explicite, reconnus les faits que je vais r\u00e9sumer. <\/span><\/p>\n<figure id=\"attachment_16484\" aria-describedby=\"caption-attachment-16484\" style=\"width: 275px\" class=\"wp-caption alignright\"><img loading=\"lazy\" decoding=\"async\" class=\"size-full wp-image-16484\" src=\"https:\/\/lemotdujour.fr\/wp-content\/uploads\/2025\/06\/Lavion-du-Qatar.jpg\" alt=\"\" width=\"275\" height=\"183\" \/><figcaption id=\"caption-attachment-16484\" class=\"wp-caption-text\">L&rsquo;\u00e9quipe parisienne avec la coupe pose devant l&rsquo;avion du Qatar<\/figcaption><\/figure>\n<p><span style=\"color: #777777; font-family: arial;\">Le Qatar poursuit ce r\u00eave fou d\u2019organiser la coupe du monde, alors que son territoire est minuscule, son histoire avec le football proche du n\u00e9ant et qu\u2019en outre les conditions climatiques de ce pays rendent la pratique du football dangereuse pour la sant\u00e9. Vous savez cela puisque cette coupe du monde a eu lieu.<\/span><\/p>\n<p><span style=\"color: #777777; font-family: arial;\">Le 23 novembre 2010, Nicolas Sarkozy, pr\u00e9sident de la R\u00e9publique, invite Michel Platini, pr\u00e9sident de l\u2019UEFA, l\u2019organisme europ\u00e9en du football \u00e0 l\u2019Elys\u00e9e. Michel Platini dit qu\u2019il ne savait pas qu\u2019il y aurait un autre invit\u00e9 : le prince h\u00e9ritier du Qatar qui sera en 2022 l\u2019\u00e9mir du Qatar. Michel Platini est une des voix qui va voter pour l\u2019attribution de la coupe du monde. Il est en outre en raison de son pass\u00e9 du plus grand joueur de football de sa g\u00e9n\u00e9ration, un homme tr\u00e8s influent dans le monde du football. <\/span><\/p>\n<p><span style=\"color: #777777; font-family: arial;\">Le Pr\u00e9sident de la FIFA, organisation mondiale du football, Joseph Blatter affirme que Platini lui avait r\u00e9v\u00e9l\u00e9 avant novembre 2010 qu\u2019il voterait, pour l\u2019attribution du Mondial 2022, pour les Etats-Unis. <\/span><\/p>\n<p><span style=\"color: #777777; font-family: arial;\">Y a-t-il eu corruption ? <\/span><\/p>\n<p><span style=\"color: #777777; font-family: arial;\">Ce n\u2019est pas jug\u00e9. Toutefois selon l\u2019article du Monde, si Michel Platini a ni\u00e9 que le pr\u00e9sident lui a demand\u00e9 de voter pour le Qatar, il a toutefois : <\/span><\/p>\n<p style=\"margin-left: 28pt;\"><span style=\"color: #c00000; font-family: arial;\">\u00ab senti qu\u2019il y avait un message subliminal \u00bb de la part de Nicolas Sarkozy lorsqu\u2019il s\u2019\u00e9tait \u00ab retrouv\u00e9 avec des Qatariens \u00bb.<\/span><\/p>\n<p><span style=\"color: #777777; font-family: arial;\">Nous savons que Platini a vot\u00e9 pour le Qatar. <\/span><\/p>\n<p><span style=\"color: #777777; font-family: arial;\">Le Qatar achetait d\u00e9j\u00e0 beaucoup d\u2019armes et d\u2019autres biens et services fran\u00e7ais, il va en acheter davantage et aussi beaucoup investir en France. <\/span><\/p>\n<p><span style=\"color: #777777; font-family: arial;\">Pascal Blanchard lors de l&rsquo;\u00e9mission C ce soir du 2 juin 2017, tr\u00e8s int\u00e9ressante et nuanc\u00e9e sur le Qatar, a donn\u00e9 ces chiffres :<\/span><\/p>\n<p style=\"margin-left: 28pt;\"><span style=\"color: #c00000; font-family: arial;\">\u00ab 47 entreprises fran\u00e7aises ont des investissements significatifs du Qatar, notamment l&rsquo;h\u00f4tellerie, 84% de l&rsquo;armement du Qatar est fran\u00e7ais. \u00bb<\/span><\/p>\n<p><span style=\"color: #777777; font-family: arial;\">Nicolas Sarkozy est aussi un tr\u00e8s fervent supporter du Paris Saint Germain qui en 2010 \u00e9tait en grande difficult\u00e9 financi\u00e8re et sportive. Selon ses propres dire au journal l\u2019Equipe, il reconnait avoir facilit\u00e9 le rachat du PSG par le Qatar mais pr\u00e9tend que l\u2019int\u00e9r\u00eat du Qatar pour Paris en raison de son \u00ab soft power sportif \u00bb existait depuis longtemps et qu\u2019il n\u2019en \u00e9tait pas \u00e0 l\u2019origine. <\/span><\/p>\n<p><span style=\"color: #777777; font-family: arial;\">Toujours est-il que le Qatar a bien obtenu la coupe du monde de 2022 et a rachet\u00e9 le PSG, 7 mois apr\u00e8s ce diner. <\/span><\/p>\n<p><span style=\"color: #777777; font-family: arial;\"><img loading=\"lazy\" decoding=\"async\" class=\"wp-image-16485 alignleft\" src=\"https:\/\/lemotdujour.fr\/wp-content\/uploads\/2025\/06\/Le-Qatar-et-ses-casseroles.jpeg\" alt=\"\" width=\"467\" height=\"281\" srcset=\"https:\/\/lemotdujour.fr\/wp-content\/uploads\/2025\/06\/Le-Qatar-et-ses-casseroles.jpeg 600w, https:\/\/lemotdujour.fr\/wp-content\/uploads\/2025\/06\/Le-Qatar-et-ses-casseroles-300x181.jpeg 300w\" sizes=\"auto, (max-width: 467px) 100vw, 467px\" \/>Un rapport r\u00e9cent analysait le r\u00f4le probl\u00e9matique des fr\u00e8res musulmans en France. Le Qatar est un des derniers amis de cette confr\u00e9rie. Le Qatar finance en France des r\u00e9seaux islamiques qui tr\u00e8s probablement professent des valeurs assez \u00e9loign\u00e9es de nos principes r\u00e9publicains. Le Qatar est le financier du Hamas. Le Qatar est aussi le pays qui a \u00e9t\u00e9 le cadre des n\u00e9gociations entre les Talibans et l\u2019Administration Trump et qui a conduit \u00e0 la fuite honteuse des am\u00e9ricains sous Biden. Le Qatar continue \u00e0 jouer le r\u00f4le de m\u00e9diateur pour essayer de faire reconna\u00eetre le r\u00e9gime des talibans par les pays occidentaux. <\/span><\/p>\n<p><span style=\"color: #777777; font-family: arial;\">Il faudrait aussi dire quelques mots sur Nasser al-Khela\u00effi qui a vu sa longue pr\u00e9sidence ponctu\u00e9e de plusieurs affaires, quelquefois des proc\u00e9d\u00e9s de barbouzes. Mais cela est d\u00e9velopp\u00e9 dans ce documentaire de compl\u00e9ments d\u2019enqu\u00eate \u00ab <a href=\"https:\/\/www.france.tv\/france-2\/complement-d-enquete\/7010245-pouvoir-scandale-et-gros-sous-les-hors-jeu-du-psg.html\"><span style=\"color: #0000ff;\">Pouvoir, scandales et gros sous : les hors-jeux du PSG<\/span><\/a> \u00bb. <\/span><\/p>\n<p><span style=\"color: #777777; font-family: arial;\">L\u2019int\u00e9ress\u00e9 quand il est interpell\u00e9 sur ces sujets parle de Qatar bashing, l\u2019accusation d\u2019islamophobie n\u2019est jamais loin. <\/span><\/p>\n<p><span style=\"color: #777777; font-family: arial;\">C\u2019est aussi une r\u00e9alit\u00e9 du football d\u2019aujourd\u2019hui, le pouvoir de l\u2019argent et l\u2019intervention de fonds d\u2019investissement ou d\u2019Etat qui n\u2019avaient aucun lien historique ou pratique avec le football mais qui ont pris les premi\u00e8res places pour pouvoir augmenter leur sph\u00e8re d\u2019influence gr\u00e2ce \u00e0 leur richesse.<\/span><\/p>\n<p><span style=\"color: #777777; font-family: arial;\"><span style=\"color: #777777; font-family: arial;\"><span style=\"color: #ff0000;\"><strong>5\/<\/strong><\/span> Et puis il y a le regard na\u00eff, le regard de l\u2019enfant que nous \u00e9tions et qui reste en nous.. <\/span><\/span><\/p>\n<p><span style=\"color: #777777; font-family: arial;\">Tous les angles de compr\u00e9hension pr\u00e9c\u00e9dents sont justes. Il y en encore certainement d\u2019autres auxquels je ne pense pas.\u00a0 Mais ils n\u2019expliquent pas tout.<\/span><\/p>\n<p><span style=\"color: #777777; font-family: arial;\">J\u2019ai d\u00e9j\u00e0 essay\u00e9 d\u2019aborder ces sujets dans la s\u00e9rie de mots que j\u2019avais consacr\u00e9 au football : \u00ab <a href=\"https:\/\/lemotdujour.fr\/?page_id=6849\"><span style=\"color: #0000ff;\">Le football par l\u2019Histoire, l\u2019\u00c9conomie et la Morale<\/span><\/a> \u00bb. Je citais l\u2019\u00e9crivain <strong>Eduardo Galeano<\/strong> qui a beaucoup \u00e9crit de mani\u00e8re savante sur le football et qui pour expliquer l\u2019inexplicable pour toutes celles et tous ceux qui sont herm\u00e9tiques \u00e0 ce jeu, a fait appel au dialogue entre une journaliste et la th\u00e9ologienne allemande Doroth\u00e9e Solle : <\/span><\/p>\n<p style=\"margin-left: 28pt;\"><span style=\"color: #c00000; font-family: arial;\">\u00ab &#8211; Comment expliqueriez-vous \u00e0 un enfant ce qu\u2019est le bonheur ?<br \/>\n&#8211; Je ne le lui expliquerais pas, r\u00e9pondit-elle. Je lui lancerais un ballon pour qu\u2019il joue avec. \u00bb.<\/span><\/p>\n<p><span style=\"color: #777777; font-family: arial;\">Dans mon enfance c\u2019\u00e9tait la principale activit\u00e9 de loisirs avec les copains. D\u00e8s qu\u2019il y avait un peu de temps libre nous allions jouer au ballon et nous \u00e9tions heureux. Alors le football jou\u00e9e dans cette finale par des millionnaires n\u2019a rien \u00e0 voir avec ces jeux d\u2019enfants ! <\/span><\/p>\n<p><span style=\"color: #777777; font-family: arial;\">Est ce si s\u00fbr quand on voit la joie des joueurs qui ont marqu\u00e9 ou ces millionnaires qui se cachent le visage et pleurent. Vous croyez qu\u2019ils pleurent parce qu\u2019ils se disent \u00e0 ce moment l\u00e0 que gr\u00e2ce \u00e0 cette victoire ils vont pouvoir encore gagner plus d\u2019argent plus tard ? <\/span><\/p>\n<p><span style=\"color: #777777; font-family: arial;\">Ils y penseront probablement quelques jours plus tard, mais \u00e0 cet instant c\u2019est leur \u00e2me d\u2019enfant qui pleure d&rsquo;avoir pu r\u00e9aliser leur r\u00eave. Et les supporters, les vrais pas les casseurs, sont en communion avec eux et trouvent aussi ces ressources dans leur \u00e2me d\u2019enfant.<\/span><\/p>\n<p><span style=\"color: #777777; font-family: arial;\">Et puis ce jeu quand il est jou\u00e9 comme l\u2019\u00e9quipe de Paris l\u2019a fait ce samedi, est beau et plein d\u2019intelligence de vie. Le meilleur joueur de Paris, Ousmane Demb\u00e9l\u00e9 est un formidable dribbleur et il devenu un buteur performant. Mais dans cette finale, il n\u2019a presque pas dribbl\u00e9, ni tirer au but. Il a appliqu\u00e9 une tactique au service de son \u00e9quipe, il a utilis\u00e9 sa vitesse et son \u00e9nergie pour harceler le gardien et les d\u00e9fenseurs adverses pour les emp\u00eacher de faire de belles passes et relancer positivement leur \u00e9quipe. Gr\u00e2ce \u00e0 ce r\u00f4le ingrat qu\u2019il a r\u00e9alis\u00e9 jusqu\u2019\u00e0 la derni\u00e8re minute, ses \u00e9quipiers sont parvenus \u00e0 r\u00e9cup\u00e9rer toujours tr\u00e8s rapidement les ballons et relancer leurs attaques. Et ce sont les autres qui ont brill\u00e9 et marqu\u00e9 des buts magnifiques. Mais comme c\u2019\u00e9tait le joueur le plus brillant qui a fait ce travail d\u00e9fensif tous les autres ont eu la m\u00eame rigueur et le m\u00eame enthousiasme pour \u00e9touffer l\u2019\u00e9quipe adverse, ce qui a \u00e9t\u00e9 r\u00e9alis\u00e9.<\/span><\/p>\n<p><span style=\"color: #777777; font-family: arial;\"><span style=\"color: #777777; font-family: arial;\">C&rsquo;est ce que le journal espagnol AS a salu\u00e9 dans cet \u00e9loge :<span style=\"color: #c00000; font-family: arial;\">\u00ab Ce que Mbapp\u00e9, Neymar, Messi, Dani Alves, Ibrahimovic, Beckham, Di Mar\u00eda ou Cavani n\u2019ont pas pu r\u00e9aliser, ces jeunes talents l\u2019ont r\u00e9alis\u00e9 en dessinant une finale incommensurable sur le green de Munich. Ils ont laisse l\u2019Inter sans rien, d\u00e9chiquet\u00e9 sans aucun signe de pouvoir mordre. \u00bb<\/span><\/span><\/span><\/p>\n<p><span style=\"color: #777777; font-family: arial;\">Car le football est un jeu collectif et lorsque le collectif atteint ce sommet auquel se sont hiss\u00e9s les joueurs parisiens, la joie simple du football comme on r\u00eave de le jouer quand on est enfant sans y parvenir, devient r\u00e9alit\u00e9 et fait du bien comme une \u0153uvre d\u2019art ou la vision d\u2019un magnifique paysage. <\/span><\/p>\n<p><span style=\"color: #777777; font-family: arial;\">C\u2019est un autre regard, qui n\u2019efface aucun des 4 autres mais qui les compl\u00e8te pour approcher d\u2019un peu plus pr\u00e8s le sens et la compr\u00e9hension de cet \u00e9v\u00e8nement qui a eu lieu samedi \u00e0 Munich.\u00a0<\/span><\/p>\n","protected":false},"excerpt":{"rendered":"<p>\u00ab Une finale incommensurable sur le green de Munich\u00bb As, journal espagnol relatant la finale de la ligue des champions du 31 mai 2025 De temps \u00e0 autre je parle de football. Parce que le Football est un formidable laboratoire<\/p>\n","protected":false},"author":1,"featured_media":0,"comment_status":"open","ping_status":"closed","sticky":false,"template":"","format":"standard","meta":{"footnotes":""},"categories":[1],"tags":[99,15,7],"class_list":["post-16462","post","type-post","status-publish","format-standard","hentry","category-motdujour","tag-football","tag-france","tag-societe"],"_links":{"self":[{"href":"https:\/\/lemotdujour.fr\/index.php?rest_route=\/wp\/v2\/posts\/16462","targetHints":{"allow":["GET"]}}],"collection":[{"href":"https:\/\/lemotdujour.fr\/index.php?rest_route=\/wp\/v2\/posts"}],"about":[{"href":"https:\/\/lemotdujour.fr\/index.php?rest_route=\/wp\/v2\/types\/post"}],"author":[{"embeddable":true,"href":"https:\/\/lemotdujour.fr\/index.php?rest_route=\/wp\/v2\/users\/1"}],"replies":[{"embeddable":true,"href":"https:\/\/lemotdujour.fr\/index.php?rest_route=%2Fwp%2Fv2%2Fcomments&post=16462"}],"version-history":[{"count":13,"href":"https:\/\/lemotdujour.fr\/index.php?rest_route=\/wp\/v2\/posts\/16462\/revisions"}],"predecessor-version":[{"id":16496,"href":"https:\/\/lemotdujour.fr\/index.php?rest_route=\/wp\/v2\/posts\/16462\/revisions\/16496"}],"wp:attachment":[{"href":"https:\/\/lemotdujour.fr\/index.php?rest_route=%2Fwp%2Fv2%2Fmedia&parent=16462"}],"wp:term":[{"taxonomy":"category","embeddable":true,"href":"https:\/\/lemotdujour.fr\/index.php?rest_route=%2Fwp%2Fv2%2Fcategories&post=16462"},{"taxonomy":"post_tag","embeddable":true,"href":"https:\/\/lemotdujour.fr\/index.php?rest_route=%2Fwp%2Fv2%2Ftags&post=16462"}],"curies":[{"name":"wp","href":"https:\/\/api.w.org\/{rel}","templated":true}]}}