{"id":16445,"date":"2025-05-26T01:37:13","date_gmt":"2025-05-25T23:37:13","guid":{"rendered":"https:\/\/lemotdujour.fr\/?p=16445"},"modified":"2025-05-26T01:57:14","modified_gmt":"2025-05-25T23:57:14","slug":"lundi-26-mai-2025","status":"publish","type":"post","link":"https:\/\/lemotdujour.fr\/?p=16445","title":{"rendered":"Lundi 26 mai 2025"},"content":{"rendered":"<div class=\"mdjTexte\">\u00ab Et l&rsquo;Eternel dit : Je ne la d\u00e9truirai point, \u00e0 cause de ces dix justes \u00bb<\/div>\n<div class=\"mdjAuteur\">Bible \u2013 Livre de la Gen\u00e8se 18,32<\/div>\n<p><span style=\"color: #777777; font-family: arial;\">Ce qui se passe \u00e0 Gaza est d&rsquo;une inhumanit\u00e9 absolue.<\/span><\/p>\n<figure id=\"attachment_16448\" aria-describedby=\"caption-attachment-16448\" style=\"width: 944px\" class=\"wp-caption alignnone\"><img loading=\"lazy\" decoding=\"async\" class=\"size-full wp-image-16448\" src=\"https:\/\/lemotdujour.fr\/wp-content\/uploads\/2025\/05\/Frappe-israelienne-a-Gaza-25-mai-paru-dna-s-le-Telegramme.jpg\" alt=\"\" width=\"944\" height=\"625\" srcset=\"https:\/\/lemotdujour.fr\/wp-content\/uploads\/2025\/05\/Frappe-israelienne-a-Gaza-25-mai-paru-dna-s-le-Telegramme.jpg 944w, https:\/\/lemotdujour.fr\/wp-content\/uploads\/2025\/05\/Frappe-israelienne-a-Gaza-25-mai-paru-dna-s-le-Telegramme-300x199.jpg 300w, https:\/\/lemotdujour.fr\/wp-content\/uploads\/2025\/05\/Frappe-israelienne-a-Gaza-25-mai-paru-dna-s-le-Telegramme-768x508.jpg 768w\" sizes=\"auto, (max-width: 944px) 100vw, 944px\" \/><figcaption id=\"caption-attachment-16448\" class=\"wp-caption-text\">Photo parue dans le journal breton Le T\u00e9l\u00e9gramme<\/figcaption><\/figure>\n<p><span style=\"color: #777777; font-family: arial;\">Le mot \u00ab <strong>inhumanit\u00e9<\/strong> \u00bb est utilis\u00e9 par l\u2019historien <strong>Jean-Pierre Filiu<\/strong> dans la chronique de ce dimanche qu\u2019il a \u00e9crit dans le monde : \u00ab <a href=\"https:\/\/www.lemonde.fr\/un-si-proche-orient\/article\/2025\/05\/25\/la-guerre-inhumanitaire-d-israel-dans-la-bande-de-gaza_6608325_6116995.html\"><span style=\"color: #0000ff;\">La guerre inhumanitaire d\u2019Isra\u00ebl dans la bande de Gaza<\/span><\/a> \u00bb<\/span><\/p>\n<p><span style=\"color: #777777; font-family: arial;\">La guerre \u00e0 Gaza a commenc\u00e9 il y a six cents jours. Je n\u2019oublie pas que le premier acte d\u2019inhumanit\u00e9 a \u00e9t\u00e9 celui du groupe terroriste et fanatique religieux du Hamas qui a massacr\u00e9 et pris en otages des habitants d\u2019Isra\u00ebl, dont, en outre, beaucoup militaient dans le camp de la paix, comme cette extraordinaire femme <strong>Vivian Silver<\/strong>, assassin\u00e9e et brul\u00e9e par les terroristes le 7 octobre 2023 et dont j\u2019ai fait le c\u0153ur d\u2019un mot du jour de d\u00e9cembre 2023 : \u00ab <a href=\"https:\/\/lemotdujour.fr\/?p=15252\"><span style=\"color: #0000ff;\">Il n\u2019y a pas de chemin pour la paix \u2013 la paix est le chemin.<\/span><\/a> \u00bb. <\/span><\/p>\n<p><span style=\"color: #777777; font-family: arial;\">Le Hamas a ainsi perp\u00e9tr\u00e9 un double crime : un crime contre les isra\u00e9liens et les juifs. Mais il a aussi commis un crime contre les palestiniens de Gaza. <\/span><\/p>\n<p><span style=\"color: #777777; font-family: arial;\">Il ne pouvait pas ignorer que les isra\u00e9liens r\u00e9pliqueraient avec une violence \u00e9norme et un esprit de vengeance. Or le Hamas n\u2019avait aucun moyen de prot\u00e9ger les habitants de Gaza des armes terribles de Tsahal. Le Hamas savait que la souffrance de leur peuple serait terrible. Par m\u00e9pris de la vie et fanatisme, ils l\u2019on fait quand m\u00eame. Et nous savons que par cynisme, il esp\u00e9rait m\u00eame que la r\u00e9ponse d\u2019Isra\u00ebl et la souffrance du peuple de Gaza soit telle qu\u2019Isra\u00ebl au bout de quelques mois serait ha\u00ef par tous les peuples de la terre qui auront oubli\u00e9 le 7 octobre pour ne plus que voir les massacres de l\u2019arm\u00e9e de \u00ab l\u2019entit\u00e9 sioniste \u00bb comme disent ceux qui veulent \u00e9liminer l\u2019Etat d\u2019Isra\u00ebl. <\/span><\/p>\n<figure id=\"attachment_16454\" aria-describedby=\"caption-attachment-16454\" style=\"width: 494px\" class=\"wp-caption alignleft\"><img loading=\"lazy\" decoding=\"async\" class=\" wp-image-16454\" src=\"https:\/\/lemotdujour.fr\/wp-content\/uploads\/2025\/05\/Frappe-israelienne-a-Gaza-Dans-La-Croix.jpg\" alt=\"\" width=\"494\" height=\"360\" srcset=\"https:\/\/lemotdujour.fr\/wp-content\/uploads\/2025\/05\/Frappe-israelienne-a-Gaza-Dans-La-Croix.jpg 848w, https:\/\/lemotdujour.fr\/wp-content\/uploads\/2025\/05\/Frappe-israelienne-a-Gaza-Dans-La-Croix-300x219.jpg 300w, https:\/\/lemotdujour.fr\/wp-content\/uploads\/2025\/05\/Frappe-israelienne-a-Gaza-Dans-La-Croix-768x560.jpg 768w\" sizes=\"auto, (max-width: 494px) 100vw, 494px\" \/><figcaption id=\"caption-attachment-16454\" class=\"wp-caption-text\">Paru dans le journal La Croix<\/figcaption><\/figure>\n<p><span style=\"color: #777777; font-family: arial;\">Ce plan odieux est en train de fonctionner contre Isra\u00ebl qui par aveuglement de son gouvernement et les int\u00e9r\u00eats de Benyamin N\u00e9tanyahou suit la strat\u00e9gie suicidaire impuls\u00e9e par les ministres d\u2019extr\u00eame droite qui ne repr\u00e9sentent qu\u2019environ 10% des \u00e9lecteurs d\u2019Isra\u00ebl. <\/span><\/p>\n<p><span style=\"color: #777777; font-family: arial;\">Ainsi le ministre des finances Bezalel Smotrich qui souhaite un \u00c9tat th\u00e9ocratique soumis \u00e0 la loi religieuse et l&rsquo;annexion de toute la Palestine historique a affirm\u00e9, mardi 6 mai 2025, que la bande de \u00ab Gaza serait totalement d\u00e9truite \u00bb \u00e0 l&rsquo;issue de l&rsquo;offensive et que la population gazaouie, apr\u00e8s avoir \u00e9t\u00e9 d\u00e9plac\u00e9e vers le sud, commencerait \u00e0 \u00ab partir en grand nombre vers des pays tiers \u00bb. Il parle, sans se cacher, d\u2019un nettoyage ethnique qui constitue un crime contre l\u2019humanit\u00e9.<\/span><\/p>\n<p><span style=\"color: #777777; font-family: arial;\">L\u2019autre ministre d\u2019extr\u00eame droite, qui occupe le poste de la S\u00e9curit\u00e9 nationale, Itamar Ben Gvir a d\u00e9clar\u00e9 le 20 mai 2025, apr\u00e8s l\u2019annonce de la reprise de l\u2019aide humanitaire \u00e0 Gaza, Isra\u00ebl avait autoris\u00e9 l\u2019entr\u00e9e de 100 camions d\u2019aide suppl\u00e9mentaires : \u00ab C\u2019est une grave erreur qui retarde notre victoire. \u00bb. Lui parle, sans se cacher, de la strat\u00e9gie d\u2019affamer deux millions d\u2019\u00eatres humains, enfants, femmes et enfants. <\/span><\/p>\n<p><span style=\"color: #777777; font-family: arial;\">Au milieu des morts gazaouis qui ne sont souvent que des chiffres neutres, sans identification humaine, quelquefois jaillissent des victimes identifi\u00e9es de cette brutalit\u00e9 sans limite. Le Monde a publi\u00e9 hier ce t\u00e9moignage : \u00ab <a href=\"https:\/\/www.lemonde.fr\/international\/article\/2025\/05\/25\/a-gaza-une-pediatre-palestinienne-perd-neuf-de-ses-dix-enfants-dans-le-bombardement-de-sa-maison_6608379_3210.html\"><span style=\"color: #0000ff;\">une p\u00e9diatre palestinienne perd neuf de ses dix enfants dans le bombardement de sa maison<\/span><\/a> \u00bb. On connait le nom de la m\u00e8re. <\/span><\/p>\n<p style=\"margin-left: 28pt;\"><span style=\"color: #c00000; font-family: arial;\">\u00ab Alaa Al-Najjar travaillait dans un h\u00f4pital du sud de la bande de Gaza quand son logement a \u00e9t\u00e9 bombard\u00e9 par l\u2019arm\u00e9e isra\u00e9lienne. Les seuls survivants, son mari et l\u2019un de ses dix enfants, sont bless\u00e9s. [\u2026] Un \u00e0 un, les secouristes palestiniens ont extirp\u00e9 des petits corps carbonis\u00e9s, certains d\u00e9membr\u00e9s, minuscules silhouettes noircies, recroquevill\u00e9es. Pr\u00e9cautionneusement, ils ont emball\u00e9 les cadavres, qui manquaient de se d\u00e9sagr\u00e9ger \u00e0 chaque manipulation, dans des petits sacs mortuaires blancs. Tous \u00e9taient fr\u00e8res et s\u0153urs, neuf au total, retrouv\u00e9s dans les d\u00e9combres encore fumants de leur maison, \u00e0 Khan Youn\u00e8s, dans le sud de la bande de Gaza, vendredi 23 mai dans l\u2019apr\u00e8s-midi. \u00bb <\/span><\/p>\n<p><span style=\"color: #777777; font-family: arial;\">Dans l&rsquo;\u00e9mission \u00ab C Politique \u00bb d\u2019hier, le Philosophe, romancier <strong>Nathan Devers<\/strong> qui a revendiqu\u00e9 sa juda\u00efcit\u00e9, a dans sa premi\u00e8re intervention fait r\u00e9f\u00e9rence au texte sacr\u00e9 de la religion juive : le livre de la Gen\u00e8se. La cit\u00e9 de Sodome devait \u00eatre d\u00e9truite par le Dieu d\u2019Isra\u00ebl parce qu\u2019elle \u00e9tait habit\u00e9e de gens particuli\u00e8rement m\u00e9chants. Alors, Abraham a engag\u00e9 une discussion avec son Dieu : <\/span><\/p>\n<p style=\"margin-left: 28pt;\"><span style=\"color: #c00000; font-family: arial;\"> \u00ab 22 &#8211; Les hommes s&rsquo;\u00e9loign\u00e8rent, et all\u00e8rent vers Sodome. Mais Abraham se tint encore en pr\u00e9sence de l&rsquo;Eternel. 23 &#8211; Abraham s&rsquo;approcha, et dit: Feras-tu aussi p\u00e9rir le juste avec le m\u00e9chant? 24 &#8211; Peut-\u00eatre y a-t-il cinquante justes au milieu de la ville: les feras-tu p\u00e9rir aussi, et ne pardonneras-tu pas \u00e0 la ville \u00e0 cause des cinquante justes qui sont au milieu d&rsquo;elle? 25 &#8211; Faire mourir le juste avec le m\u00e9chant, en sorte qu&rsquo;il en soit du juste comme du m\u00e9chant, loin de toi cette mani\u00e8re d&rsquo;agir! loin de toi! Celui qui juge toute la terre n&rsquo;exercera-t-il pas la justice? 26 &#8211; Et l&rsquo;Eternel dit: Si je trouve dans Sodome cinquante justes au milieu de la ville, je pardonnerai \u00e0 toute la ville, \u00e0 cause d&rsquo;eux. 27 &#8211; Abraham reprit, et dit: Voici, j&rsquo;ai os\u00e9 parler au Seigneur, moi qui ne suis que poudre et cendre. 28 &#8211; Peut-\u00eatre des cinquante justes en manquera-t-il cinq: pour cinq, d\u00e9truiras-tu toute la ville? Et l&rsquo;Eternel dit: Je ne la d\u00e9truirai point, si j&rsquo;y trouve quarante-cinq justes. 29 &#8211; Abraham continua de lui parler, et dit: Peut-\u00eatre s&rsquo;y trouvera-t-il quarante justes. Et l&rsquo;Eternel dit: Je ne ferai rien, \u00e0 cause de ces quarante. 30 &#8211; Abraham dit: Que le Seigneur ne s&rsquo;irrite point, et je parlerai. Peut-\u00eatre s&rsquo;y trouvera-t-il trente justes. Et l&rsquo;Eternel dit: Je ne ferai rien, si j&rsquo;y trouve trente justes. 31 &#8211; Abraham dit: Voici, j&rsquo;ai os\u00e9 parler au Seigneur. Peut-\u00eatre s&rsquo;y trouvera-t-il vingt justes. Et l&rsquo;Eternel dit: Je ne la d\u00e9truirai point, \u00e0 cause de ces vingt. 32 &#8211; Abraham dit: Que le Seigneur ne s&rsquo;irrite point, et je ne parlerai plus que cette fois. Peut-\u00eatre s&rsquo;y trouvera-t-il dix justes. Et l&rsquo;Eternel dit: Je ne la d\u00e9truirai point, \u00e0 cause de ces dix justes. 33 &#8211; L&rsquo;Eternel s&rsquo;en alla lorsqu&rsquo;il eut achev\u00e9 de parler \u00e0 Abraham. Et Abraham retourna dans sa demeure. \u00bb<\/span><\/p>\n<p style=\"margin-left: 28pt;\"><span style=\"color: #c00000; font-family: arial;\"><em>Bible : Livre de Gen\u00e8se 18, versets 22 \u00e0 33, traduction de Louis Segond<\/em> <\/span><\/p>\n<p><span style=\"color: #777777; font-family: arial;\">Les Juifs d&rsquo;Isra\u00ebl ne trouveront ils pas dix innocents dans la bande Gaza ? M\u00eame dans les textes sacr\u00e9s de leur religion, ces textes qui ont fa\u00e7onn\u00e9 l&rsquo;\u00e9thique juive, ces hommes qui se pr\u00e9tendent croyants trouvent la r\u00e9ponse que leur action de guerre est devenue ill\u00e9gitime. Apr\u00e8s le 7 octobre Biden, d\u00e9j\u00e0 bien affaibli, \u00e9tait venu en Isra\u00ebl et a prodigu\u00e9 ce conseil venant de l&rsquo;exp\u00e9rience des Etats-Unis : <\/span><\/p>\n<p style=\"margin-left: 28pt;\"><span style=\"color: #c00000; font-family: arial;\">\u00ab Ne faites pas les m\u00eames erreurs que nous apr\u00e8s le 11 septembre, ne soyez pas consum\u00e9s par la rage \u00bb<\/span><\/p>\n<p><span style=\"color: #777777; font-family: arial;\"> C\u2019est encore Nathan Devers qui dans cette m\u00eame \u00e9mission de \u00ab C Politique \u00bb cite Jacques Derrida qui dans un dialogue philosophique entre l&rsquo;Allemand J\u00fcrgen Habermas appell\u00e9 le \u00ab Concept \u00bb du 11 septembre d\u00e9crit la r\u00e9action des am\u00e9ricains apr\u00e8s le 11 septembre sous la forme d&rsquo;une maladie auto-immune. C&rsquo;est \u00e0 dire la r\u00e9action destructrice que peut avoir notre syst\u00e8me immunitaire qui en r\u00e9action \u00e0 une agression externe va r\u00e9agir si fort qu&rsquo;il d\u00e9truit aussi le corps qu&rsquo;il est sens\u00e9 d\u00e9fendre. <\/span><\/p>\n<p><span style=\"color: #777777; font-family: arial;\">Isra\u00ebl est en train d&rsquo;entrer dans cette phase de maladie auto-immune. Si les europ\u00e9ens sont les amis d&rsquo;Isra\u00ebl, ils doivent utiliser tous les moyens pour emp\u00eacher que ce d\u00e9sastre continue.<\/span><\/p>\n","protected":false},"excerpt":{"rendered":"<p>\u00ab Et l&rsquo;Eternel dit : Je ne la d\u00e9truirai point, \u00e0 cause de ces dix justes \u00bb Bible \u2013 Livre de la Gen\u00e8se 18,32 Ce qui se passe \u00e0 Gaza est d&rsquo;une inhumanit\u00e9 absolue. Le mot \u00ab inhumanit\u00e9 \u00bb est<\/p>\n","protected":false},"author":1,"featured_media":0,"comment_status":"open","ping_status":"closed","sticky":false,"template":"","format":"standard","meta":{"footnotes":""},"categories":[1],"tags":[219,151,201],"class_list":["post-16445","post","type-post","status-publish","format-standard","hentry","category-motdujour","tag-guerre","tag-israel","tag-palestine"],"_links":{"self":[{"href":"https:\/\/lemotdujour.fr\/index.php?rest_route=\/wp\/v2\/posts\/16445","targetHints":{"allow":["GET"]}}],"collection":[{"href":"https:\/\/lemotdujour.fr\/index.php?rest_route=\/wp\/v2\/posts"}],"about":[{"href":"https:\/\/lemotdujour.fr\/index.php?rest_route=\/wp\/v2\/types\/post"}],"author":[{"embeddable":true,"href":"https:\/\/lemotdujour.fr\/index.php?rest_route=\/wp\/v2\/users\/1"}],"replies":[{"embeddable":true,"href":"https:\/\/lemotdujour.fr\/index.php?rest_route=%2Fwp%2Fv2%2Fcomments&post=16445"}],"version-history":[{"count":9,"href":"https:\/\/lemotdujour.fr\/index.php?rest_route=\/wp\/v2\/posts\/16445\/revisions"}],"predecessor-version":[{"id":16458,"href":"https:\/\/lemotdujour.fr\/index.php?rest_route=\/wp\/v2\/posts\/16445\/revisions\/16458"}],"wp:attachment":[{"href":"https:\/\/lemotdujour.fr\/index.php?rest_route=%2Fwp%2Fv2%2Fmedia&parent=16445"}],"wp:term":[{"taxonomy":"category","embeddable":true,"href":"https:\/\/lemotdujour.fr\/index.php?rest_route=%2Fwp%2Fv2%2Fcategories&post=16445"},{"taxonomy":"post_tag","embeddable":true,"href":"https:\/\/lemotdujour.fr\/index.php?rest_route=%2Fwp%2Fv2%2Ftags&post=16445"}],"curies":[{"name":"wp","href":"https:\/\/api.w.org\/{rel}","templated":true}]}}