{"id":1644,"date":"2016-03-11T01:00:00","date_gmt":"2016-03-10T22:00:00","guid":{"rendered":"http:\/\/lemotdujour.fr\/?p=1644"},"modified":"2017-05-08T13:43:01","modified_gmt":"2017-05-08T11:43:01","slug":"vendredi-11-mars-2016","status":"publish","type":"post","link":"https:\/\/lemotdujour.fr\/?p=1644","title":{"rendered":"Vendredi 11 mars 2016"},"content":{"rendered":"<div class=\"mdjDate\">Vendredi 11 mars 2016<\/div>\n<div class=\"mdjTexte\">\u00ab\u00a0Sans l&rsquo;art, l&rsquo;homme est, certes, efficace, mais, au fond, il n&rsquo;est gu\u00e8re meilleur qu&rsquo;un chimpanz\u00e9 se servant d&rsquo;une pierre pour casser une noix.<br \/>Or l&rsquo;intelligence humaine na\u00eet du baiser des Muses.\u00bb<\/div>\n<div class=\"mdjAuteur\">Nikolaus Harnoncourt<\/div>\n<div class=\"mdjComplements\">Le 5 d\u00e9cembre 2015, alors qu&rsquo;il devait encore honorer quelques concerts qui avaient \u00e9t\u00e9 pr\u00e9vus \u00e0 son agenda,\u00a0Nikolaus Harnoncourt\u00a0a \u00e9crit \u00e0 son public par un billet manuscrit : \u00abCher public. L&rsquo;\u00e9tat de mes forces physiques me contraignent \u00e0 renoncer \u00e0 mes projets futurs<em>.<\/em>\u00bb<\/div>\n<div class=\"mdjComplements\">Et il est mort le 5 mars 2016, 3 mois apr\u00e8s, \u00e0 l&rsquo;\u00e2ge de 86 ans.<\/div>\n<div class=\"mdjComplements\">Oui ! Parce que lui n&rsquo;aspirait pas \u00e0 la retraite, sa vie \u00e9tait vou\u00e9e \u00e0 l&rsquo;art et \u00e0 la musique.<\/div>\n<div class=\"mdjComplements\">Il existe des activit\u00e9s qui occupent notre temps et certaines qui le remplissent.<\/div>\n<div class=\"mdjComplements\">C&rsquo;est une gr\u00e2ce infinie quand le m\u00e9tier, l&rsquo;activit\u00e9 r\u00e9mun\u00e9r\u00e9e permet de remplir notre espace et notre vie. Ce fut le destin de Nikolaus Harnoncourt, un rebelle, <a href=\"http:\/\/www.forumopera.com\/actu\/nikolaus-harnoncourt-lhomme-qui-disait-non\">un homme qui disait non.<\/a><\/div>\n<div class=\"mdjComplements\">Il \u00e9tait violoncelliste \u00e0 l&rsquo;orchestre symphonique (<em>pas le Philharmonique<\/em>) de Vienne et il disait non : non on ne doit pas jouer Bach comme on le joue, ni Mozart.<\/div>\n<div class=\"mdjComplements\">Il a alors cr\u00e9\u00e9 un petit ensemble nomm\u00e9 le concentus musicus de Vienne qui jouait sur instruments d&rsquo;\u00e9poque et s&rsquo;est dans un premier temps concentr\u00e9 sur l&rsquo;interpr\u00e9tation de la musique baroque. Avec ses amis, Ils ont analys\u00e9, r\u00e9p\u00e9t\u00e9 \u00a0et r\u00e9invent\u00e9 une mani\u00e8re d&rsquo;interpr\u00e9ter pendant 7 ans, entre eux, avant de se r\u00e9v\u00e9ler au public par des concerts.<\/div>\n<div class=\"mdjComplements\">Et leur interpr\u00e9tation, la sonorit\u00e9 des instruments tout le discours musical comme allait le conceptualiser Harnoncourt \u00a0cr\u00e9\u00e8rent des grandes \u00a0pol\u00e9miques, les uns criaient \u00ab\u00a0au g\u00e9nie\u00a0\u00bb, les autres \u00ab\u00a0Au Fou\u00a0\u00bb.<\/div>\n<div class=\"mdjComplements\">La premi\u00e8re fois que j&rsquo;entendis les concertos brandebourgeois jou\u00e9s par le concentus musicus je me suis r\u00e9solument rang\u00e9 dans la seconde cat\u00e9gorie.<\/div>\n<div class=\"mdjComplements\">Et puis j&rsquo;ai \u00e9volu\u00e9, j&rsquo;ai la faiblesse de croire que Harnoncourt aussi. Parce que les premi\u00e8res interpr\u00e9tations \u00e9taient peut \u00eatre authentiques mais \u00e9corchaient les oreilles. Ce n&rsquo;est plus le cas et d\u00e9sormais on n\u2019interpr\u00e8te plus Bach, plus Mozart \u00a0apr\u00e8s Harnoncourt qu&rsquo;avant lui. C&rsquo;est cela la marque des grands hommes.<\/div>\n<div class=\"mdjComplements\">La chanteuse Patricia Petitbon lui a rendu <a href=\"http:\/\/www.francemusique.fr\/actu-musicale\/le-monde-de-la-musique-et-de-la-culture-rend-hommage-nikolaus-harnoncourt-124665\">un bel hommage<\/a> :\u00a0<\/div>\n<div class=\"mdjCiter\">\u00abIl m&rsquo;a fait comprendre que la musique c&rsquo;\u00e9tait savoir faire des choix, savoir \u00eatre libre, savoir \u00eatre sinc\u00e8re,\u00a0trouver sa propre voie m\u00eame si elle n&rsquo;est pas forc\u00e9ment comprise par les autres. Je le voyais comme un sculpteur de marbre : il avait un bloc de marbre devant lui, il le fracassait et en faisait ce qu&rsquo;il voulait. Il incarnait la volupt\u00e9, la g\u00e9n\u00e9rosit\u00e9, il n&rsquo;avait pas peur d&rsquo;aller au-del\u00e0, il \u00e9tait incroyablement lumineux. Il avait cette capacit\u00e9 de se fondre dans l&rsquo;instant et dans l&rsquo;\u00e9ternit\u00e9 de la musique\u00bb<\/div>\n<div class=\"mdjComplements\">L&rsquo;express a republi\u00e9 une interview du 24 janvier 2007 que vous trouverez ici :\u00a0<a href=\"http:\/\/www.lexpress.fr\/culture\/musique\/la-musique-va-bien-au-dela-de-la-beaute_478639.html\">http:\/\/www.lexpress.fr\/culture\/musique\/la-musique-va-bien-au-dela-de-la-beaute_478639.html<\/a>\u00a0dont j&rsquo;ai tir\u00e9 l&rsquo;exergue du mot du jour et dont je cite les extraits suivants\u00a0:<\/div>\n<div class=\"mdjCiter\">\u00ab\u00a0L&rsquo;art est du domaine de l&rsquo;imaginaire et nous a \u00e9t\u00e9 donn\u00e9 comme\u00a0contrepoint au monde mat\u00e9riel. De nos jours, nous vivons le triomphe de l&rsquo;utilitaire: plus l&rsquo;homme poss\u00e8de, plus il croit \u00eatre heureux. C&rsquo;est donc tout naturellement que l&rsquo;on est arriv\u00e9 \u00e0 se persuader que l&rsquo;art, et donc son apprentissage \u00e0 l&rsquo;\u00e9cole, ne servait \u00e0 rien. On semble ne pas comprendre qu&rsquo;on ne produira ainsi que des h\u00e9donistes et que l&rsquo;on risque de voir dispara\u00eetre la dimension qui diff\u00e9rencie l&rsquo;homme de l&rsquo;animal. Sans l&rsquo;art, l&rsquo;homme est, certes, efficace, mais, au fond, il n&rsquo;est gu\u00e8re meilleur qu&rsquo;un chimpanz\u00e9 se servant d&rsquo;une pierre pour casser une noix. Or l&rsquo;intelligence humaine na\u00eet du baiser des Muses. [&#8230;]<\/div>\n<div class=\"mdjCiter\">[&#8230;] De nos jours, la musique met en avant l&rsquo;approche anglo-saxonne, qui privil\u00e9gie la prestation instrumentale. Tout doit \u00eatre \u00ab\u00a0bien jou\u00e9\u00a0\u00bb. Malheureusement, j&rsquo;ai l&rsquo;impression que beaucoup de gens se satisfont de cette situation: trouver une homog\u00e9n\u00e9it\u00e9. Mais o\u00f9 est le contenu? C&rsquo;est l\u00e0 que le b\u00e2t blesse. L&rsquo;art ne peut \u00eatre r\u00e9duit \u00e0 des param\u00e8tres techniques. La musique n&rsquo;est pas un loisir, une d\u00e9tente; elle intervient dans notre vie, et peut donc d\u00e9ranger. Le plus simple, bien s\u00fbr, c&rsquo;est de refuser l&rsquo;affrontement et de ne rechercher qu&rsquo;une forme de beaut\u00e9 qui puisse distraire du quotidien. L&rsquo;art devient un simple ornement. Or plus on s&rsquo;efforce de comprendre la musique, plus on voit qu&rsquo;elle va bien au-del\u00e0 de la beaut\u00e9.[&#8230;]<\/div>\n<div class=\"mdjCiter\">Tr\u00e8s souvent, lorsqu&rsquo;on vit un moment tendu, on constate que le verbe n&rsquo;est d&rsquo;aucune aide. La musique, elle, dans presque chaque situation \u00e9motionnellement forte, peut atteindre l&rsquo;\u00e2me. [&#8230;] Je n&rsquo;utiliserai \u00e0 aucun moment un instrument parce qu&rsquo;il est ancien. Je le choisis parce qu&rsquo;il me permet de transposer au mieux ma vision d&rsquo;une \u0153uvre. On ne peut jamais reproduire le pass\u00e9. Il faudrait les musiciens de l&rsquo;\u00e9poque, la lumi\u00e8re de l&rsquo;\u00e9poque, les spectateurs de l&rsquo;\u00e9poque &#8211; qui ne connaissent pas, au contraire de nous, la musique des si\u00e8cles suivants. J&rsquo;aime Shakespeare, Michel-Ange ou Monteverdi non pour leur \u00e9poque, mais pour leurs chefs-d\u2019\u0153uvre, qui transcendent le temps. L&rsquo;homme change, sans doute. Mais une grande partie de lui restera toujours identique tant qu&rsquo;il sera mortel. C&rsquo;est pour cela que les exp\u00e9riences de nos anc\u00eatres nous sont \u00e0 ce point accessibles. Si vous lisez Pascal, vous apprenez qu&rsquo;il existe deux fa\u00e7ons de penser: une qui s&rsquo;attache \u00e0 la raison arithm\u00e9tique et l&rsquo;autre, \u00e0 la raison du c\u0153ur. Je suis d&rsquo;accord. Et quand le c\u0153ur n&rsquo;y est pas, il n&rsquo;y a plus rien.\u00bb<\/div>\n<div class=\"mdjComplements\">Sur YouTube vous trouverez \u00e9norm\u00e9ment de vid\u00e9os de ce musicien exigeant et fascinant :<\/div>\n<div class=\"mdjComplements\"><a href=\"https:\/\/www.youtube.com\/watch?v=Vr5cKdC3v3E\">&lt;Ici par exemple\u00a0 il dirige le Magnificat de Bach&gt;<\/a><\/div>\n<div class=\"mdjComplements\"><a href=\"https:\/\/www.youtube.com\/watch?v=BvVvVwkaVHw\">&lt;L\u00e0 les 3 derni\u00e8res symphonies de Mozart&gt;<\/a><\/div>\n<div class=\"mdjComplements\"><a href=\"https:\/\/www.youtube.com\/watch?v=kPpnK8L-G_o\">&lt;Et le d\u00e9but de la 5\u00e8me Symphonie de Beethoven o\u00f9 il saisit ce qu&rsquo;on a appel\u00e9 les coups du destin&gt;<\/a><\/div>\n","protected":false},"excerpt":{"rendered":"<p>Vendredi 11 mars 2016 \u00ab\u00a0Sans l&rsquo;art, l&rsquo;homme est, certes, efficace, mais, au fond, il n&rsquo;est gu\u00e8re meilleur qu&rsquo;un chimpanz\u00e9 se servant d&rsquo;une pierre pour casser une noix.Or l&rsquo;intelligence humaine na\u00eet du baiser des Muses.\u00bb Nikolaus Harnoncourt Le 5 d\u00e9cembre 2015,<\/p>\n","protected":false},"author":1,"featured_media":0,"comment_status":"closed","ping_status":"closed","sticky":false,"template":"","format":"standard","meta":{"footnotes":""},"categories":[1],"tags":[],"class_list":["post-1644","post","type-post","status-publish","format-standard","hentry","category-motdujour"],"_links":{"self":[{"href":"https:\/\/lemotdujour.fr\/index.php?rest_route=\/wp\/v2\/posts\/1644","targetHints":{"allow":["GET"]}}],"collection":[{"href":"https:\/\/lemotdujour.fr\/index.php?rest_route=\/wp\/v2\/posts"}],"about":[{"href":"https:\/\/lemotdujour.fr\/index.php?rest_route=\/wp\/v2\/types\/post"}],"author":[{"embeddable":true,"href":"https:\/\/lemotdujour.fr\/index.php?rest_route=\/wp\/v2\/users\/1"}],"replies":[{"embeddable":true,"href":"https:\/\/lemotdujour.fr\/index.php?rest_route=%2Fwp%2Fv2%2Fcomments&post=1644"}],"version-history":[{"count":1,"href":"https:\/\/lemotdujour.fr\/index.php?rest_route=\/wp\/v2\/posts\/1644\/revisions"}],"predecessor-version":[{"id":1645,"href":"https:\/\/lemotdujour.fr\/index.php?rest_route=\/wp\/v2\/posts\/1644\/revisions\/1645"}],"wp:attachment":[{"href":"https:\/\/lemotdujour.fr\/index.php?rest_route=%2Fwp%2Fv2%2Fmedia&parent=1644"}],"wp:term":[{"taxonomy":"category","embeddable":true,"href":"https:\/\/lemotdujour.fr\/index.php?rest_route=%2Fwp%2Fv2%2Fcategories&post=1644"},{"taxonomy":"post_tag","embeddable":true,"href":"https:\/\/lemotdujour.fr\/index.php?rest_route=%2Fwp%2Fv2%2Ftags&post=1644"}],"curies":[{"name":"wp","href":"https:\/\/api.w.org\/{rel}","templated":true}]}}