{"id":16416,"date":"2025-05-17T00:11:44","date_gmt":"2025-05-16T22:11:44","guid":{"rendered":"https:\/\/lemotdujour.fr\/?p=16416"},"modified":"2025-05-17T11:17:30","modified_gmt":"2025-05-17T09:17:30","slug":"samedi-17-mai-2025","status":"publish","type":"post","link":"https:\/\/lemotdujour.fr\/?p=16416","title":{"rendered":"Samedi 17 mai 2025"},"content":{"rendered":"<div class=\"mdjTexte\">\u00ab Il faut accepter que tout a une fin \u00bb<\/div>\n<div class=\"mdjAuteur\">Alejandro Jodorowsky<\/div>\n<p><span style=\"color: #777777; font-family: arial;\"> C\u2019\u00e9tait il y a un an : le 17 mai 2024. C\u2019\u00e9tait un vendredi. <\/span><\/p>\n<p><span style=\"color: #777777; font-family: arial;\"><img loading=\"lazy\" decoding=\"async\" class=\"size-full wp-image-16424 alignleft\" src=\"https:\/\/lemotdujour.fr\/wp-content\/uploads\/2025\/05\/Le-VIvarais-2.jpg\" alt=\"\" width=\"474\" height=\"266\" srcset=\"https:\/\/lemotdujour.fr\/wp-content\/uploads\/2025\/05\/Le-VIvarais-2.jpg 474w, https:\/\/lemotdujour.fr\/wp-content\/uploads\/2025\/05\/Le-VIvarais-2-300x168.jpg 300w\" sizes=\"auto, (max-width: 474px) 100vw, 474px\" \/>Pierre avait r\u00e9serv\u00e9 trois couverts au restaurant \u00ab Le Vivarais \u00bb, situ\u00e9 dans la Presqu\u2019ile lyonnaise, Place Gailleton. <\/span><\/p>\n<p><span style=\"color: #777777; font-family: arial;\">Depuis ce jour, j\u2019ai appris que ce restaurant est ouvert depuis le 7 novembre 1917, donc depuis plus de 100 ans. Pierre m\u2019avait dit qu\u2019il s\u2019agissait d\u2019une institution lyonnaise. <\/span><\/p>\n<p><span style=\"color: #777777; font-family: arial;\">C\u2019est ainsi que nous nous sommes retrouv\u00e9s \u00e0 12:30 en cet endroit Pierre, moi et Fabien. Nous avons tr\u00e8s bien mang\u00e9 et beaucoup parl\u00e9. <\/span><\/p>\n<p><span style=\"color: #777777; font-family: arial;\">Le repas termin\u00e9, nous avons commenc\u00e9 une ballade le long du Rh\u00f4ne puis nous avons travers\u00e9 le fleuve et nous nous sommes assis sur la terrasse du grand caf\u00e9 de la Pr\u00e9fecture o\u00f9 avons consomm\u00e9 une boisson. <\/span><\/p>\n<p><span style=\"color: #777777; font-family: arial;\"><img loading=\"lazy\" decoding=\"async\" class=\"wp-image-16425 alignright\" src=\"https:\/\/lemotdujour.fr\/wp-content\/uploads\/2025\/05\/grand-cafe-prefecture-lyon-servient.jpg\" alt=\"\" width=\"458\" height=\"505\" srcset=\"https:\/\/lemotdujour.fr\/wp-content\/uploads\/2025\/05\/grand-cafe-prefecture-lyon-servient.jpg 567w, https:\/\/lemotdujour.fr\/wp-content\/uploads\/2025\/05\/grand-cafe-prefecture-lyon-servient-272x300.jpg 272w\" sizes=\"auto, (max-width: 458px) 100vw, 458px\" \/>Pierre ayant une contrainte nous a quitt\u00e9 un peu plus tard. Avec Fabien nous sommes rest\u00e9s encore un temps, avant de repartir vers la Place Bellecour. Nous sommes alors descendus dans le m\u00e9tro, la Ligne D. <\/span><\/p>\n<p><span style=\"color: #777777; font-family: arial;\">Et comme tant de fois, lorsque jadis nous travaillions dans le m\u00eame lieu \u00e0 l\u2019H\u00f4tel des Finances, nous nous sommes s\u00e9par\u00e9s : Fabien prenant la direction \u00ab Gare de Vaise \u00bb et moi la direction inverse. <\/span><\/p>\n<p><span style=\"color: #777777; font-family: arial;\">Seulement ce 17 mai 2024, ce fut la derni\u00e8re fois. La derni\u00e8re fois que j\u2019ai vu Fabien vivant. <\/span><\/p>\n<p><span style=\"color: #777777; font-family: arial;\">J\u2019ai \u00e9crit un mot du jour de deuil le 23 juillet 2024 : \u00ab <a href=\"https:\/\/lemotdujour.fr\/?p=15813\"><span style=\"color: #0000ff;\">Une lumi\u00e8re si tendre qu\u2019elle semble s\u2019adresser aux morts plus qu\u2019\u00e0 nous<\/span>.<\/a> \u00bb. <\/span><\/p>\n<p><span style=\"color: #777777; font-family: arial;\">Pourquoi ce nouveau mot du jour, un an apr\u00e8s ?<\/span><\/p>\n<p><span style=\"color: #777777; font-family: arial;\">Parce que le souvenir de cette rencontre d\u2019il y a un an, a fait surgir en moi une \u00e9vidence que tous les philosophes ou simplement humains sages nous ont toujours transmis : la vie peut s\u2019arr\u00eater brutalement et nous ne savons jamais lorsque nous rencontrons un ami ou un proche, si cet \u00e9change n\u2019est pas le dernier. <\/span><\/p>\n<p><span style=\"color: #777777; font-family: arial;\">Fabien avait 62 ans, rien n\u2019indiquait que deux mois plus tard, une maladie foudroyante l\u2019emporterait. Quelquefois ce sont des accidents qui conduisent au m\u00eame r\u00e9sultat. Je n\u2019\u00e9piloguerais pas sur les cons\u00e9quences de ce constat : chaque rencontre peut \u00eatre la derni\u00e8re. Je pense que chacune et chacun peut en tirer sa propre philosophie de vie.<\/span><\/p>\n<p><span style=\"color: #777777; font-family: arial;\"><strong>Christian Bobin<\/strong> \u00e9crit dans \u00abLa Dame Blanche : <\/span><\/p>\n<p style=\"margin-left: 28pt;\"><span style=\"color: #c00000; font-family: arial;\">\u00ab Rencontrer quelqu&rsquo;un, le rencontrer vraiment &#8211; et non simplement bavarder comme si personne ne devait mourir un jour -, est une chose infiniment rare. La substance inalt\u00e9rable de l&rsquo;amour est l&rsquo;intelligence partag\u00e9e de la vie. \u00bb<\/span><\/p>\n<p><span style=\"color: #777777; font-family: arial;\">Fabien adorait la po\u00e9sie. Parfois, au milieu d\u2019une conversation, il citait de m\u00e9moire un po\u00e8me. <\/span><\/p>\n<p><span style=\"color: #777777; font-family: arial;\">R\u00e9cemment j&rsquo;ai d\u00e9couvert un po\u00e8me <strong>d&rsquo;Alejandro Jodorowsky<\/strong>. C\u2019est un artiste franco-chilien. Il est surtout connu comme sc\u00e9nariste de bande dessin\u00e9e et r\u00e9alisateur, mais il est \u00e9galement acteur, mime, romancier, essayiste et aussi po\u00e8te. <\/span><\/p>\n<p><span style=\"color: #777777; font-family: arial;\">Il est toujours vivant et il est n\u00e9 le 17 f\u00e9vrier 1929. Il est donc tr\u00e8s vieux. Fabien n\u2019a pas suivi ce bel adage : vieillir est la seule fa\u00e7on que nous avons trouv\u00e9 pour ne pas mourir. J\u2019ai l\u2019intuition cependant qu\u2019il aurait beaucoup aim\u00e9 ce po\u00e8me : \u00ab <strong>Ce n\u2019est pas facile de vieillir.<\/strong> \u00bb<\/span><\/p>\n<p style=\"margin-left: 28pt;\"><span style=\"color: #c00000; font-family: arial;\">Ce n\u2019est pas facile de vieillir,<br \/>\nil faut s\u2019habituer \u00e0 marcher plus lentement,<br \/>\n\u00e0 dire adieu \u00e0 celui qu\u2019on \u00e9tait<br \/>\net \u00e0 saluer celui qu\u2019on est devenu.<br \/>\nC\u2019est difficile, ce passage des ann\u00e9es,<br \/>\nil faut savoir accepter ce nouveau visage,<br \/>\narpenter fi\u00e8rement ce nouveau corps,<br \/>\nse d\u00e9lester des hontes,<br \/>\ndes pr\u00e9jug\u00e9s et de la peur qu\u2019apportent les ans.<\/span><\/p>\n<p style=\"margin-left: 28pt;\"><span style=\"color: #c00000; font-family: arial;\"><img loading=\"lazy\" decoding=\"async\" class=\" wp-image-16430 alignright\" src=\"https:\/\/lemotdujour.fr\/wp-content\/uploads\/2025\/05\/Copie.jpg\" alt=\"\" width=\"239\" height=\"239\" srcset=\"https:\/\/lemotdujour.fr\/wp-content\/uploads\/2025\/05\/Copie.jpg 400w, https:\/\/lemotdujour.fr\/wp-content\/uploads\/2025\/05\/Copie-300x300.jpg 300w, https:\/\/lemotdujour.fr\/wp-content\/uploads\/2025\/05\/Copie-150x150.jpg 150w, https:\/\/lemotdujour.fr\/wp-content\/uploads\/2025\/05\/Copie-230x230.jpg 230w, https:\/\/lemotdujour.fr\/wp-content\/uploads\/2025\/05\/Copie-365x365.jpg 365w\" sizes=\"auto, (max-width: 239px) 100vw, 239px\" \/>Il faut laisser venir ce qui doit venir,<br \/>\nlaisser partir ceux qui doivent partir,<br \/>\net permettre \u00e0 ceux qui le veulent<br \/>\nde rester \u00e0 tes c\u00f4t\u00e9s.<br \/>\nNon, vieillir n\u2019est pas une t\u00e2che ais\u00e9e.<br \/>\nIl faut apprendre \u00e0 n\u2019attendre rien de personne,<br \/>\n\u00e0 marcher seul, \u00e0 se r\u00e9veiller seul,<br \/>\net \u00e0 ne pas se laisser happer chaque matin<br \/>\npar l\u2019image de l\u2019homme ou de la femme<br \/>\nque refl\u00e8te le miroir.<\/span><\/p>\n<p style=\"margin-left: 28pt;\"><span style=\"color: #c00000; font-family: arial;\">Il faut accepter que tout a une fin,<br \/>\nque la vie elle-m\u00eame a son terme,<br \/>\nsavoir faire ses adieux \u00e0 ceux qui s\u2019en vont,<br \/>\nse souvenir de ceux qui sont partis,<br \/>\npleurer jusqu\u2019\u00e0 se vider,<br \/>\njusqu\u2019\u00e0 se dess\u00e9cher de l\u2019int\u00e9rieur,<br \/>\npour que renaissent de nouveaux sourires,<br \/>\nd\u2019autres espoirs,<br \/>\net des r\u00eaves encore inexplor\u00e9s.<\/span><\/p>\n<p style=\"margin-left: 28pt;\"><span style=\"color: #c00000; font-family: arial;\"><em>Alejandro Jodorowsky<\/em><\/span><\/p>\n","protected":false},"excerpt":{"rendered":"<p>\u00ab Il faut accepter que tout a une fin \u00bb Alejandro Jodorowsky C\u2019\u00e9tait il y a un an : le 17 mai 2024. C\u2019\u00e9tait un vendredi. Pierre avait r\u00e9serv\u00e9 trois couverts au restaurant \u00ab Le Vivarais \u00bb, situ\u00e9 dans la<\/p>\n","protected":false},"author":1,"featured_media":0,"comment_status":"open","ping_status":"closed","sticky":false,"template":"","format":"standard","meta":{"footnotes":""},"categories":[1],"tags":[19,6],"class_list":["post-16416","post","type-post","status-publish","format-standard","hentry","category-motdujour","tag-personnel","tag-philosophie"],"_links":{"self":[{"href":"https:\/\/lemotdujour.fr\/index.php?rest_route=\/wp\/v2\/posts\/16416","targetHints":{"allow":["GET"]}}],"collection":[{"href":"https:\/\/lemotdujour.fr\/index.php?rest_route=\/wp\/v2\/posts"}],"about":[{"href":"https:\/\/lemotdujour.fr\/index.php?rest_route=\/wp\/v2\/types\/post"}],"author":[{"embeddable":true,"href":"https:\/\/lemotdujour.fr\/index.php?rest_route=\/wp\/v2\/users\/1"}],"replies":[{"embeddable":true,"href":"https:\/\/lemotdujour.fr\/index.php?rest_route=%2Fwp%2Fv2%2Fcomments&post=16416"}],"version-history":[{"count":9,"href":"https:\/\/lemotdujour.fr\/index.php?rest_route=\/wp\/v2\/posts\/16416\/revisions"}],"predecessor-version":[{"id":16433,"href":"https:\/\/lemotdujour.fr\/index.php?rest_route=\/wp\/v2\/posts\/16416\/revisions\/16433"}],"wp:attachment":[{"href":"https:\/\/lemotdujour.fr\/index.php?rest_route=%2Fwp%2Fv2%2Fmedia&parent=16416"}],"wp:term":[{"taxonomy":"category","embeddable":true,"href":"https:\/\/lemotdujour.fr\/index.php?rest_route=%2Fwp%2Fv2%2Fcategories&post=16416"},{"taxonomy":"post_tag","embeddable":true,"href":"https:\/\/lemotdujour.fr\/index.php?rest_route=%2Fwp%2Fv2%2Ftags&post=16416"}],"curies":[{"name":"wp","href":"https:\/\/api.w.org\/{rel}","templated":true}]}}