{"id":16397,"date":"2025-05-01T13:01:08","date_gmt":"2025-05-01T11:01:08","guid":{"rendered":"https:\/\/lemotdujour.fr\/?p=16397"},"modified":"2025-05-01T13:16:12","modified_gmt":"2025-05-01T11:16:12","slug":"jeudi-1-mai-2025","status":"publish","type":"post","link":"https:\/\/lemotdujour.fr\/?p=16397","title":{"rendered":"Jeudi 1 mai 2025"},"content":{"rendered":"<div class=\"mdjTexte\">\u00ab M\u00eame apr\u00e8s 100 jours au pouvoir, ce n\u2019est pas de sa faute. C\u2019est Biden. \u00bb<\/div>\n<div class=\"mdjAuteur\">Propos de Donald Trump rapport\u00e9 par Philippe Corb\u00e9<\/div>\n<p><span style=\"color: #777777; font-family: arial;\"><strong>Philippe Corb\u00e9<\/strong>, nouveau directeur de l\u2019information de France Inter, \u00e9crit depuis le retour de Trump \u00e0 la pr\u00e9sidence un billet bi-hebdomadaire r\u00e9serv\u00e9 \u00e0 ses abonn\u00e9s, plein d\u2019informations sur les Etats-Unis d\u2019aujourd\u2019hui. <\/span><\/p>\n<p><span style=\"color: #777777; font-family: arial;\">Il a appel\u00e9 cela \u00ab <a href=\"https:\/\/philippecorbe.substack.com\/\"><span style=\"color: #0000ff;\">Zeitgeist<\/span><\/a> \u00bb ce qui signifie en allemand \u00ab l\u2019esprit du temps \u00bb. Il parait que c\u2019est un terme couramment utilis\u00e9 aux Etats-Unis. Dans son dernier opuscule qu\u2019il a titr\u00e9 : \u00ab <strong>Le patriotisme des poup\u00e9es<\/strong> \u00bb. Il montre l\u2019Ubu de Washington dans toute sa suffisance et son m\u00e9pris des faits. Il \u00e9crit : <\/span><\/p>\n<p style=\"margin-left: 28pt;\"><span style=\"color: #c00000; font-family: arial;\">\u00ab M\u00eame apr\u00e8s 100 jours au pouvoir, ce n\u2019est pas de sa faute. C\u2019est Biden. \u00bb<\/span><\/p>\n<p><span style=\"color: #777777; font-family: arial;\">Rappelons les faits : le d\u00e9partement du Commerce a annonc\u00e9 que le PIB a chut\u00e9 \u00e0 -0,3 % au premier trimestre, en rythme annualis\u00e9. Un net ralentissement par rapport au taux de + 2,4 % du quatri\u00e8me trimestre, et bien pire que les + 0,8 % anticip\u00e9s par les \u00e9conomistes. Selon les analystes c\u2019est pire que pr\u00e9vu. <\/span><\/p>\n<p><span style=\"color: #777777; font-family: arial;\"><img loading=\"lazy\" decoding=\"async\" class=\"wp-image-16399 alignleft\" src=\"https:\/\/lemotdujour.fr\/wp-content\/uploads\/2025\/05\/Evolution-du-PIB-americain-de-2021-2025.jpg\" alt=\"\" width=\"452\" height=\"415\" srcset=\"https:\/\/lemotdujour.fr\/wp-content\/uploads\/2025\/05\/Evolution-du-PIB-americain-de-2021-2025.jpg 702w, https:\/\/lemotdujour.fr\/wp-content\/uploads\/2025\/05\/Evolution-du-PIB-americain-de-2021-2025-300x276.jpg 300w\" sizes=\"auto, (max-width: 452px) 100vw, 452px\" \/>Un dessin valant mieux qu&rsquo;un long discours, Corb\u00e9 publie ce sch\u00e9ma qui montre l&rsquo;\u00e9volution du PIB par trimestre depuis d\u00e9but 2021 qui correspond au d\u00e9but du mandat de Biden. <\/span><\/p>\n<p><span style=\"color: #777777; font-family: arial;\">Tout le monde s\u2019accorde \u00e0 expliquer que ce recul vient des investisseurs qui s\u2019inqui\u00e8tent du chaos tarifaire relanc\u00e9 par la Maison-Blanche, avec des droits de douane qui perturbent consommateurs et entreprises. <\/span><\/p>\n<p><span style=\"color: #777777; font-family: arial;\">Quand ces chiffres ont \u00e9t\u00e9 annonc\u00e9s sur Fox Business, la cha\u00eene de t\u00e9l\u00e9vision que regarde Trump, ce dernier a post\u00e9 : <\/span><\/p>\n<p style=\"margin-left: 28pt;\"><span style=\"color: #c00000; font-family: arial;\">\u00ab C\u2019est la bourse de Biden, pas de Trump. Je n\u2019ai pris mes fonctions que le 20 janvier. (\u2026) \u00bb<\/span><\/p>\n<p><span style=\"color: #777777; font-family: arial;\">Et il a continu\u00e9 en abusant des majuscules<\/span><\/p>\n<p style=\"margin-left: 28pt;\"><span style=\"color: #c00000; font-family: arial;\">\u00ab Notre pays va exploser (dans le bon sens), mais nous devons nous d\u00e9barrasser du \u201cpoids mort\u201d laiss\u00e9 par Biden. Cela prendra du temps, \u00c7A N\u2019A RIEN \u00c0 VOIR AVEC LES TARIFS DOUANIERS, seulement avec les mauvais chiffres qu\u2019il nous a laiss\u00e9s. Mais quand le boom commencera, ce sera du jamais vu. SOYEZ PATIENTS !!! \u00bb<\/span><\/p>\n<p><span style=\"color: #777777; font-family: arial;\">Lors d\u2019une r\u00e9union de cabinet quelques heures plus tard, il a r\u00e9affirm\u00e9 son accusation :<\/span><\/p>\n<p style=\"margin-left: 28pt;\"><span style=\"color: #c00000; font-family: arial;\">\u00ab \u00c7a, c\u2019est Biden, pas Trump. \u00bb<\/span><\/p>\n<p><span style=\"color: #777777; font-family: arial;\">Et Philippe Corb\u00e9 de rappeler que le 29 janvier 2024, pr\u00e8s d\u2019un an avant de revenir \u00e0 la Maison-Blanche, alors que Wall Street affichait des r\u00e9sultats \u00e9clatants, le m\u00eame menteur patent\u00e9 \u00e9crivait :<\/span><\/p>\n<p style=\"margin-left: 28pt;\"><span style=\"color: #c00000; font-family: arial;\">\u00ab C\u2019EST LA BOURSE DE TRUMP PARCE QUE MES SONDAGES CONTRE BIDEN SONT TELLEMENT BONS QUE LES INVESTISSEURS PR\u00c9VOIENT QUE JE VAIS GAGNER, ET CELA FERA MONTER LE MARCH\u00c9. \u00bb<\/span><\/p>\n<p><span style=\"color: #777777; font-family: arial;\">Les majuscules sont de Trump !<\/span><\/p>\n<p><span style=\"color: #777777; font-family: arial;\">Il me semble qu\u2019il est inutile de commenter, le verbatim Trumpien suffit \u00e0 lui-m\u00eame. <\/span><\/p>\n<p><span style=\"color: #777777; font-family: arial;\">Pour le compl\u00e9ment, Philippe Corb\u00e9 raconte une interview de Trump avec un journaliste auquel il r\u00e9pond au milieu de l\u2019\u00e9change, pour l\u2019intimider : <\/span><\/p>\n<p style=\"margin-left: 28pt;\"><span style=\"color: #c00000; font-family: arial;\">\u00ab C\u2019est moi qui vous ai choisi. C\u2019est vous qui faites l\u2019entretien. Je n\u2019avais jamais entendu parler de vous. Mais vous n\u2019\u00eates pas tr\u00e8s sympa. \u00bb.<\/span><\/p>\n<p><span style=\"color: #777777; font-family: arial;\">Lors du premier mandat de Trump, un journaliste a demand\u00e9 : <a href=\"https:\/\/www.reddit.com\/r\/british\/comments\/g2kmmb\/why_do_some_british_people_not_like_donald_trump\/?tl=fr&amp;rdt=58689\">\u00ab <span style=\"color: #0000ff;\">Pourquoi certains Britanniques n\u2019aiment pas Donald Trump ?<\/span> \u00bb<\/a> <strong>Nate White<\/strong>, un \u00e9crivain anglais a \u00e9crit cette r\u00e9ponse :<\/span><\/p>\n<p style=\"margin-left: 28pt;\"><span style=\"color: #c00000; font-family: arial;\">\u00ab Quelques choses me viennent \u00e0 l\u2019esprit :<br \/>\nTrump manque de certaines qualit\u00e9s que les Britanniques appr\u00e9cient traditionnellement.<br \/>\nPar exemple, il n\u2019a aucune classe, aucun charme, aucune fra\u00eecheur, aucune cr\u00e9dibilit\u00e9, aucune compassion, aucun esprit, aucune chaleur, aucune sagesse, aucune subtilit\u00e9, aucune sensibilit\u00e9, aucune conscience de soi, aucune humilit\u00e9, aucun honneur et aucune gr\u00e2ce \u2013 autant de qualit\u00e9s, curieusement, dont son pr\u00e9d\u00e9cesseur M. Obama a \u00e9t\u00e9 g\u00e9n\u00e9reusement dot\u00e9. <\/span><\/p>\n<p style=\"margin-left: 28pt;\"><span style=\"color: #c00000; font-family: arial;\">Pour nous, ce contraste frappant met en \u00e9vidence les limites de Trump de mani\u00e8re embarrassante.<br \/>\nDe plus, nous aimons rire.<br \/>\nEt m\u00eame si Trump est peut-\u00eatre ridicule, il n\u2019a jamais dit quoi que ce soit d\u2019ironique, d\u2019amusant ou m\u00eame de l\u00e9g\u00e8rement dr\u00f4le \u2013 pas une seule fois, jamais.<br \/>\nJe ne dis pas cela de mani\u00e8re rh\u00e9torique, je le pense litt\u00e9ralement : jamais, jamais. Et ce fait est particuli\u00e8rement d\u00e9rangeant pour la sensibilit\u00e9 britannique : pour nous, manquer d&rsquo;humour est presque inhumain. <\/span><\/p>\n<p style=\"margin-left: 28pt;\"><span style=\"color: #c00000; font-family: arial;\">Mais avec Trump, c&rsquo;est un fait. Il ne semble m\u00eame pas comprendre ce qu&rsquo;est une blague \u2013 pour lui, une blague est un commentaire grossier, une insulte illettr\u00e9e, un acte de cruaut\u00e9 d\u00e9sinvolte.<\/span><\/p>\n<p style=\"margin-left: 28pt;\"><span style=\"color: #c00000; font-family: arial;\">Trump est un troll. Et comme tous les trolls, il n\u2019est jamais dr\u00f4le et ne rit jamais ; il se contente de pousser des cris de joie ou de railleries. Et ce qui est effrayant, c&rsquo;est qu&rsquo;il ne se contente pas de prononcer des insultes grossi\u00e8res et stupides : il pense r\u00e9ellement en les utilisant. Son esprit est un simple algorithme robotique compos\u00e9 de pr\u00e9jug\u00e9s mesquins et de m\u00e9chancet\u00e9s instinctives.<\/span><\/p>\n<p style=\"margin-left: 28pt;\"><span style=\"color: #c00000; font-family: arial;\"><img loading=\"lazy\" decoding=\"async\" class=\"size-full wp-image-16401 alignright\" src=\"https:\/\/lemotdujour.fr\/wp-content\/uploads\/2025\/05\/th.jpg\" alt=\"\" width=\"474\" height=\"335\" srcset=\"https:\/\/lemotdujour.fr\/wp-content\/uploads\/2025\/05\/th.jpg 474w, https:\/\/lemotdujour.fr\/wp-content\/uploads\/2025\/05\/th-300x212.jpg 300w\" sizes=\"auto, (max-width: 474px) 100vw, 474px\" \/>Il n&rsquo;y a jamais de sous-couche d&rsquo;ironie, de complexit\u00e9, de nuance ou de profondeur. Tout est superficiel. Certains Am\u00e9ricains pourraient consid\u00e9rer cela comme une approche rafra\u00eechissante et directe. Eh bien, nous ne le pensons pas. Nous le consid\u00e9rons comme d\u00e9pourvu de monde int\u00e9rieur, d&rsquo;\u00e2me. <\/span><\/p>\n<p style=\"margin-left: 28pt;\"><span style=\"color: #c00000; font-family: arial;\">En Grande-Bretagne, nous sommes traditionnellement du c\u00f4t\u00e9 de David, et non de Goliath. Tous nos h\u00e9ros sont des outsiders courageux : Robin des Bois, Dick Whittington, Oliver Twist. <\/span><\/p>\n<p style=\"margin-left: 28pt;\"><span style=\"color: #c00000; font-family: arial;\">Trump n\u2019est ni courageux, ni un outsider. Il est tout le contraire. [\u2026] <\/span><\/p>\n<p style=\"margin-left: 28pt;\"><span style=\"color: #c00000; font-family: arial;\">Dieu sait qu&rsquo;il y a toujours eu des gens stupides dans le monde, et beaucoup de gens m\u00e9chants aussi. Mais rarement la b\u00eatise a \u00e9t\u00e9 aussi m\u00e9chante, et rarement la m\u00e9chancet\u00e9 aussi stupide.<br \/>\nIl fait para\u00eetre Nixon digne de confiance et George W. intelligent. \u00bb<\/span><\/p>\n<p><span style=\"color: #777777; font-family: arial;\"> A la conclusion de tout cela, je crois que nous avons deux graves probl\u00e8mes. Le premier est tout simplement tout le mal que fait Trump au monde, bien au del\u00e0 de l\u2019\u00e9conomie :\u00a0 \u00e0 l\u2019\u00e9cologie et \u00e0 l\u2019avenir de l\u2019humanit\u00e9 sur la terre, \u00e0 la science, \u00e0 la culture et \u00e0 l\u2019humanisme. <\/span><\/p>\n<p><span style=\"color: #777777; font-family: arial;\">Le second est que la d\u00e9mocratie que nous v\u00e9n\u00e9rons a conduit \u00e0 mettre ce type \u00e0 la t\u00eate des \u00c9tats-Unis !<\/span><\/p>\n","protected":false},"excerpt":{"rendered":"<p>\u00ab M\u00eame apr\u00e8s 100 jours au pouvoir, ce n\u2019est pas de sa faute. C\u2019est Biden. \u00bb Propos de Donald Trump rapport\u00e9 par Philippe Corb\u00e9 Philippe Corb\u00e9, nouveau directeur de l\u2019information de France Inter, \u00e9crit depuis le retour de Trump \u00e0<\/p>\n","protected":false},"author":1,"featured_media":0,"comment_status":"open","ping_status":"closed","sticky":false,"template":"","format":"standard","meta":{"footnotes":""},"categories":[1],"tags":[10,65,3],"class_list":["post-16397","post","type-post","status-publish","format-standard","hentry","category-motdujour","tag-economie","tag-etats-unis","tag-politique"],"_links":{"self":[{"href":"https:\/\/lemotdujour.fr\/index.php?rest_route=\/wp\/v2\/posts\/16397","targetHints":{"allow":["GET"]}}],"collection":[{"href":"https:\/\/lemotdujour.fr\/index.php?rest_route=\/wp\/v2\/posts"}],"about":[{"href":"https:\/\/lemotdujour.fr\/index.php?rest_route=\/wp\/v2\/types\/post"}],"author":[{"embeddable":true,"href":"https:\/\/lemotdujour.fr\/index.php?rest_route=\/wp\/v2\/users\/1"}],"replies":[{"embeddable":true,"href":"https:\/\/lemotdujour.fr\/index.php?rest_route=%2Fwp%2Fv2%2Fcomments&post=16397"}],"version-history":[{"count":3,"href":"https:\/\/lemotdujour.fr\/index.php?rest_route=\/wp\/v2\/posts\/16397\/revisions"}],"predecessor-version":[{"id":16403,"href":"https:\/\/lemotdujour.fr\/index.php?rest_route=\/wp\/v2\/posts\/16397\/revisions\/16403"}],"wp:attachment":[{"href":"https:\/\/lemotdujour.fr\/index.php?rest_route=%2Fwp%2Fv2%2Fmedia&parent=16397"}],"wp:term":[{"taxonomy":"category","embeddable":true,"href":"https:\/\/lemotdujour.fr\/index.php?rest_route=%2Fwp%2Fv2%2Fcategories&post=16397"},{"taxonomy":"post_tag","embeddable":true,"href":"https:\/\/lemotdujour.fr\/index.php?rest_route=%2Fwp%2Fv2%2Ftags&post=16397"}],"curies":[{"name":"wp","href":"https:\/\/api.w.org\/{rel}","templated":true}]}}